{"id":3,"count":17,"description":"La redazione di \u200bMMPwebTV tra le sue diverse offerte, vuole anche proporre uno sguardo su tutte quelle vicende nazionali e estere che interessano il mondo politico, economico e culturale. Infatti, attraverso interviste, video e approfondimenti, la nostra redazione si occuper\u00e0 di mettere al centro dell'attenzione tutti quei temi di grande rilevanza. Lo scopo di questo tipo di iniziative \u00e8 sia quello di tenere informati gli studenti delle situazioni di maggior rilievo e al tempo stesso proporre contenuti che spingano il pubblico a riflettere sugli argomenti proposti. L'attualit\u00e0 a cui guarda MMPwebTV \u00e8 rivolta a raccontare sia le vicende che direttamente riguardano le istituzioni dell'universit\u00e0 di Bologna e del campus di Forl\u00ec, sia  degli avvenimenti a livello nazionale e internazionale. Soprattutto, l'intento \u00e8 quello di suggerire degli approfondimenti sui temi che occupano la nostra quotidianit\u00e0 in modo comprensibile, semplice e alla portata di chiunque voglia avere pi\u00f9 chiare alcune delle questioni di maggiore interesse pubblico. MMPwebTV si pone come una fonte per un ulteriore conoscenza delle realt\u00e0 che riguardano nel complesso l'Italia, l'Europa e non solo. Una redazione che cerca di proporre una visione giovane dei fatti attuali. ","link":"http:\/\/www.mmpwebtv.eu\/index.php\/category\/archivio\/attualita\/","name":"Attualit\u00e0","slug":"attualita","taxonomy":"category","parent":166,"meta":[],"yoast_head":"<!-- This site is optimized with the Yoast SEO plugin v17.9 - https:\/\/yoast.com\/wordpress\/plugins\/seo\/ -->\n<title>Attualit\u00e0 Archivi &bull; MMP Web TV<\/title>\n<meta name=\"robots\" content=\"noindex, follow\" \/>\n<meta property=\"og:locale\" content=\"it_IT\" \/>\n<meta property=\"og:type\" content=\"article\" \/>\n<meta property=\"og:title\" content=\"Attualit\u00e0 Archivi &bull; MMP Web TV\" \/>\n<meta property=\"og:description\" content=\"La redazione di \u200bMMPwebTV tra le sue diverse offerte, vuole anche proporre uno sguardo su tutte quelle vicende nazionali e estere che interessano il mondo politico, economico e culturale. Infatti, attraverso interviste, video e approfondimenti, la nostra redazione si occuper\u00e0 di mettere al centro dell&#8217;attenzione tutti quei temi di grande rilevanza. Lo scopo di questo tipo di iniziative \u00e8 sia quello di tenere informati gli studenti delle situazioni di maggior rilievo e al tempo stesso proporre contenuti che spingano il pubblico a riflettere sugli argomenti proposti. L&#8217;attualit\u00e0 a cui guarda MMPwebTV \u00e8 rivolta a raccontare sia le vicende che direttamente riguardano le istituzioni dell&#8217;universit\u00e0 di Bologna e del campus di Forl\u00ec, sia degli avvenimenti a livello nazionale e internazionale. Soprattutto, l&#8217;intento \u00e8 quello di suggerire degli approfondimenti sui temi che occupano la nostra quotidianit\u00e0 in modo comprensibile, semplice e alla portata di chiunque voglia avere pi\u00f9 chiare alcune delle questioni di maggiore interesse pubblico. MMPwebTV si pone come una fonte per un ulteriore conoscenza delle realt\u00e0 che riguardano nel complesso l&#8217;Italia, l&#8217;Europa e non solo. Una redazione che cerca di proporre una visione giovane dei fatti attuali.\" \/>\n<meta property=\"og:url\" content=\"http:\/\/www.mmpwebtv.eu\/index.php\/category\/archivio\/attualita\/\" \/>\n<meta property=\"og:site_name\" content=\"MMP Web TV\" \/>\n<meta name=\"twitter:card\" content=\"summary_large_image\" \/>\n<script type=\"application\/ld+json\" class=\"yoast-schema-graph\">{\"@context\":\"https:\/\/schema.org\",\"@graph\":[{\"@type\":\"Organization\",\"@id\":\"https:\/\/www.mmpwebtv.eu\/#organization\",\"name\":\"MMP WebTV\",\"url\":\"https:\/\/www.mmpwebtv.eu\/\",\"sameAs\":[\"https:\/\/www.facebook.com\/mmpwebtv\/\",\"https:\/\/www.instagram.com\/mmpwebtv\/\"],\"logo\":{\"@type\":\"ImageObject\",\"@id\":\"https:\/\/www.mmpwebtv.eu\/#logo\",\"inLanguage\":\"it-IT\",\"url\":\"https:\/\/www.mmpwebtv.eu\/wp-content\/uploads\/2017\/04\/Logo-MMP-WebTv-02.png\",\"contentUrl\":\"https:\/\/www.mmpwebtv.eu\/wp-content\/uploads\/2017\/04\/Logo-MMP-WebTv-02.png\",\"width\":8000,\"height\":4500,\"caption\":\"MMP WebTV\"},\"image\":{\"@id\":\"https:\/\/www.mmpwebtv.eu\/#logo\"}},{\"@type\":\"WebSite\",\"@id\":\"https:\/\/www.mmpwebtv.eu\/#website\",\"url\":\"https:\/\/www.mmpwebtv.eu\/\",\"name\":\"MMP Web TV\",\"description\":\"La Web TV del Campus di Forl\\u00ec\",\"publisher\":{\"@id\":\"https:\/\/www.mmpwebtv.eu\/#organization\"},\"potentialAction\":[{\"@type\":\"SearchAction\",\"target\":{\"@type\":\"EntryPoint\",\"urlTemplate\":\"https:\/\/www.mmpwebtv.eu\/?s={search_term_string}\"},\"query-input\":\"required name=search_term_string\"}],\"inLanguage\":\"it-IT\"},{\"@type\":\"CollectionPage\",\"@id\":\"http:\/\/www.mmpwebtv.eu\/index.php\/category\/archivio\/attualita\/#webpage\",\"url\":\"http:\/\/www.mmpwebtv.eu\/index.php\/category\/archivio\/attualita\/\",\"name\":\"Attualit\\u00e0 Archivi &bull; MMP Web TV\",\"isPartOf\":{\"@id\":\"https:\/\/www.mmpwebtv.eu\/#website\"},\"breadcrumb\":{\"@id\":\"http:\/\/www.mmpwebtv.eu\/index.php\/category\/archivio\/attualita\/#breadcrumb\"},\"inLanguage\":\"it-IT\",\"potentialAction\":[{\"@type\":\"ReadAction\",\"target\":[\"http:\/\/www.mmpwebtv.eu\/index.php\/category\/archivio\/attualita\/\"]}]},{\"@type\":\"BreadcrumbList\",\"@id\":\"http:\/\/www.mmpwebtv.eu\/index.php\/category\/archivio\/attualita\/#breadcrumb\",\"itemListElement\":[{\"@type\":\"ListItem\",\"position\":1,\"name\":\"Home\",\"item\":\"https:\/\/www.mmpwebtv.eu\/\"},{\"@type\":\"ListItem\",\"position\":2,\"name\":\"Palinsesto 2016\",\"item\":\"http:\/\/www.mmpwebtv.eu\/index.php\/category\/archivio\/\"},{\"@type\":\"ListItem\",\"position\":3,\"name\":\"Attualit\\u00e0\"}]}]}<\/script>\n<!-- \/ Yoast SEO plugin. -->","yoast_head_json":{"title":"Attualit\u00e0 Archivi &bull; MMP Web TV","robots":{"index":"noindex","follow":"follow"},"og_locale":"it_IT","og_type":"article","og_title":"Attualit\u00e0 Archivi &bull; MMP Web TV","og_description":"La redazione di \u200bMMPwebTV tra le sue diverse offerte, vuole anche proporre uno sguardo su tutte quelle vicende nazionali e estere che interessano il mondo politico, economico e culturale. Infatti, attraverso interviste, video e approfondimenti, la nostra redazione si occuper\u00e0 di mettere al centro dell&#8217;attenzione tutti quei temi di grande rilevanza. Lo scopo di questo tipo di iniziative \u00e8 sia quello di tenere informati gli studenti delle situazioni di maggior rilievo e al tempo stesso proporre contenuti che spingano il pubblico a riflettere sugli argomenti proposti. L&#8217;attualit\u00e0 a cui guarda MMPwebTV \u00e8 rivolta a raccontare sia le vicende che direttamente riguardano le istituzioni dell&#8217;universit\u00e0 di Bologna e del campus di Forl\u00ec, sia degli avvenimenti a livello nazionale e internazionale. Soprattutto, l&#8217;intento \u00e8 quello di suggerire degli approfondimenti sui temi che occupano la nostra quotidianit\u00e0 in modo comprensibile, semplice e alla portata di chiunque voglia avere pi\u00f9 chiare alcune delle questioni di maggiore interesse pubblico. MMPwebTV si pone come una fonte per un ulteriore conoscenza delle realt\u00e0 che riguardano nel complesso l&#8217;Italia, l&#8217;Europa e non solo. Una redazione che cerca di proporre una visione giovane dei fatti attuali.","og_url":"http:\/\/www.mmpwebtv.eu\/index.php\/category\/archivio\/attualita\/","og_site_name":"MMP Web TV","twitter_card":"summary_large_image","schema":{"@context":"https:\/\/schema.org","@graph":[{"@type":"Organization","@id":"https:\/\/www.mmpwebtv.eu\/#organization","name":"MMP WebTV","url":"https:\/\/www.mmpwebtv.eu\/","sameAs":["https:\/\/www.facebook.com\/mmpwebtv\/","https:\/\/www.instagram.com\/mmpwebtv\/"],"logo":{"@type":"ImageObject","@id":"https:\/\/www.mmpwebtv.eu\/#logo","inLanguage":"it-IT","url":"https:\/\/www.mmpwebtv.eu\/wp-content\/uploads\/2017\/04\/Logo-MMP-WebTv-02.png","contentUrl":"https:\/\/www.mmpwebtv.eu\/wp-content\/uploads\/2017\/04\/Logo-MMP-WebTv-02.png","width":8000,"height":4500,"caption":"MMP WebTV"},"image":{"@id":"https:\/\/www.mmpwebtv.eu\/#logo"}},{"@type":"WebSite","@id":"https:\/\/www.mmpwebtv.eu\/#website","url":"https:\/\/www.mmpwebtv.eu\/","name":"MMP Web TV","description":"La Web TV del Campus di Forl\u00ec","publisher":{"@id":"https:\/\/www.mmpwebtv.eu\/#organization"},"potentialAction":[{"@type":"SearchAction","target":{"@type":"EntryPoint","urlTemplate":"https:\/\/www.mmpwebtv.eu\/?s={search_term_string}"},"query-input":"required name=search_term_string"}],"inLanguage":"it-IT"},{"@type":"CollectionPage","@id":"http:\/\/www.mmpwebtv.eu\/index.php\/category\/archivio\/attualita\/#webpage","url":"http:\/\/www.mmpwebtv.eu\/index.php\/category\/archivio\/attualita\/","name":"Attualit\u00e0 Archivi &bull; MMP Web TV","isPartOf":{"@id":"https:\/\/www.mmpwebtv.eu\/#website"},"breadcrumb":{"@id":"http:\/\/www.mmpwebtv.eu\/index.php\/category\/archivio\/attualita\/#breadcrumb"},"inLanguage":"it-IT","potentialAction":[{"@type":"ReadAction","target":["http:\/\/www.mmpwebtv.eu\/index.php\/category\/archivio\/attualita\/"]}]},{"@type":"BreadcrumbList","@id":"http:\/\/www.mmpwebtv.eu\/index.php\/category\/archivio\/attualita\/#breadcrumb","itemListElement":[{"@type":"ListItem","position":1,"name":"Home","item":"https:\/\/www.mmpwebtv.eu\/"},{"@type":"ListItem","position":2,"name":"Palinsesto 2016","item":"http:\/\/www.mmpwebtv.eu\/index.php\/category\/archivio\/"},{"@type":"ListItem","position":3,"name":"Attualit\u00e0"}]}]}},"_links":{"self":[{"href":"http:\/\/www.mmpwebtv.eu\/index.php\/wp-json\/wp\/v2\/categories\/3"}],"collection":[{"href":"http:\/\/www.mmpwebtv.eu\/index.php\/wp-json\/wp\/v2\/categories"}],"about":[{"href":"http:\/\/www.mmpwebtv.eu\/index.php\/wp-json\/wp\/v2\/taxonomies\/category"}],"up":[{"embeddable":true,"href":"http:\/\/www.mmpwebtv.eu\/index.php\/wp-json\/wp\/v2\/categories\/166"}],"wp:post_type":[{"href":"http:\/\/www.mmpwebtv.eu\/index.php\/wp-json\/wp\/v2\/posts?categories=3"}],"curies":[{"name":"wp","href":"https:\/\/api.w.org\/{rel}","templated":true}]}}