{"id":4,"count":13,"description":"\"Il Grande Capo\" \u00e8 il primo format sulla leadership, ideato dal prof. Davide Savelli in collaborazione con il prof. Matteo Lolletti, che vede impegnati gli studenti del secondo anno della laurea magistrale \"Mass media e politica\" di Forl\u00ec. Tra di loro verranno selezionati due candidati (un ragazzo e una ragazza), i quali si confronteranno per aggiudicarsi il titolo di \"Grande Capo\", grazie anche all'aiuto dei rispettivi staff, che aiuteranno il proprio candidato a superare le varie prove previste. I due aspiranti leader saranno chiamati a elaborare una strategia mediatica, oltre che realizzare dei contenuti multimediali al fine di promuovere la propria candidatura. Da quest'anno \u00e8 stata introdotta anche la novit\u00e0 della WebTV, che avr\u00e0 il compito di seguire lo svolgimento dei lavori dei relativi staff, ma anche quello di organizzare concretamente le prove, sia dal punto di vista della realizzazione delle sfide, che della creazione dei prodotti audiovisivi. La realizzazione del format del \"Grande Capo\" ha una doppia funzionalit\u00e0, la prima \u00e8 quella di introdurre gli studenti all'interno di una realt\u00e0 mediatica, spingendoli a doversi confrontare con quelle che sono le caratteristiche e necessit\u00e0 di questo ambiente particolare; dall'altro lato, gli studenti hanno l'opportunit\u00e0 di applicare, durante la durate del progetto, un insieme di conoscenze gi\u00e0 apprese in altri corsi della laurea magistrale, soprattutto relativi alle dinamiche del rapporto tra media e politica. \"Il Grande Capo\", insomma, si presenta come una palestra, che permette agli studenti di poter fare pratica con tutti gli strumenti dell'audiovisivo, dalle camere da presa, all'audio, fino al montaggio, ma anche di adottare  le nozioni teoriche acquisite durante il laboratorio di produzione audiovisiva e gli altri corsi previsti dal piano di studio.  Un'esperienza, infine, che consente agli studenti di poter lavorare a un progetto dinamico e stimolante, con lo scopo di poter condividere le  proprie capacit\u00e0 e favorire il lavoro di squadra. ","link":"http:\/\/www.mmpwebtv.eu\/index.php\/category\/archivio\/il-grande-capo\/","name":"Il Grande Capo 2016","slug":"il-grande-capo","taxonomy":"category","parent":166,"meta":[],"yoast_head":"<!-- This site is optimized with the Yoast SEO plugin v17.9 - https:\/\/yoast.com\/wordpress\/plugins\/seo\/ -->\n<title>Il Grande Capo 2016 Archivi &bull; MMP Web TV<\/title>\n<meta name=\"robots\" content=\"noindex, follow\" \/>\n<meta property=\"og:locale\" content=\"it_IT\" \/>\n<meta property=\"og:type\" content=\"article\" \/>\n<meta property=\"og:title\" content=\"Il Grande Capo 2016 Archivi &bull; MMP Web TV\" \/>\n<meta property=\"og:description\" content=\"&#8220;Il Grande Capo&#8221; \u00e8 il primo format sulla leadership, ideato dal prof. Davide Savelli in collaborazione con il prof. Matteo Lolletti, che vede impegnati gli studenti del secondo anno della laurea magistrale &#8220;Mass media e politica&#8221; di Forl\u00ec. Tra di loro verranno selezionati due candidati (un ragazzo e una ragazza), i quali si confronteranno per aggiudicarsi il titolo di &#8220;Grande Capo&#8221;, grazie anche all&#8217;aiuto dei rispettivi staff, che aiuteranno il proprio candidato a superare le varie prove previste. I due aspiranti leader saranno chiamati a elaborare una strategia mediatica, oltre che realizzare dei contenuti multimediali al fine di promuovere la propria candidatura. Da quest&#8217;anno \u00e8 stata introdotta anche la novit\u00e0 della WebTV, che avr\u00e0 il compito di seguire lo svolgimento dei lavori dei relativi staff, ma anche quello di organizzare concretamente le prove, sia dal punto di vista della realizzazione delle sfide, che della creazione dei prodotti audiovisivi. La realizzazione del format del &#8220;Grande Capo&#8221; ha una doppia funzionalit\u00e0, la prima \u00e8 quella di introdurre gli studenti all&#8217;interno di una realt\u00e0 mediatica, spingendoli a doversi confrontare con quelle che sono le caratteristiche e necessit\u00e0 di questo ambiente particolare; dall&#8217;altro lato, gli studenti hanno l&#8217;opportunit\u00e0 di applicare, durante la durate del progetto, un insieme di conoscenze gi\u00e0 apprese in altri corsi della laurea magistrale, soprattutto relativi alle dinamiche del rapporto tra media e politica. &#8220;Il Grande Capo&#8221;, insomma, si presenta come una palestra, che permette agli studenti di poter fare pratica con tutti gli strumenti dell&#8217;audiovisivo, dalle camere da presa, all&#8217;audio, fino al montaggio, ma anche di adottare le nozioni teoriche acquisite durante il laboratorio di produzione audiovisiva e gli altri corsi previsti dal piano di studio. Un&#8217;esperienza, infine, che consente agli studenti di poter lavorare a un progetto dinamico e stimolante, con lo scopo di poter condividere le proprie capacit\u00e0 e favorire il lavoro di squadra.\" \/>\n<meta property=\"og:url\" content=\"http:\/\/www.mmpwebtv.eu\/index.php\/category\/archivio\/il-grande-capo\/\" \/>\n<meta property=\"og:site_name\" content=\"MMP Web TV\" \/>\n<meta name=\"twitter:card\" content=\"summary_large_image\" \/>\n<script type=\"application\/ld+json\" class=\"yoast-schema-graph\">{\"@context\":\"https:\/\/schema.org\",\"@graph\":[{\"@type\":\"Organization\",\"@id\":\"https:\/\/www.mmpwebtv.eu\/#organization\",\"name\":\"MMP WebTV\",\"url\":\"https:\/\/www.mmpwebtv.eu\/\",\"sameAs\":[\"https:\/\/www.facebook.com\/mmpwebtv\/\",\"https:\/\/www.instagram.com\/mmpwebtv\/\"],\"logo\":{\"@type\":\"ImageObject\",\"@id\":\"https:\/\/www.mmpwebtv.eu\/#logo\",\"inLanguage\":\"it-IT\",\"url\":\"https:\/\/www.mmpwebtv.eu\/wp-content\/uploads\/2017\/04\/Logo-MMP-WebTv-02.png\",\"contentUrl\":\"https:\/\/www.mmpwebtv.eu\/wp-content\/uploads\/2017\/04\/Logo-MMP-WebTv-02.png\",\"width\":8000,\"height\":4500,\"caption\":\"MMP WebTV\"},\"image\":{\"@id\":\"https:\/\/www.mmpwebtv.eu\/#logo\"}},{\"@type\":\"WebSite\",\"@id\":\"https:\/\/www.mmpwebtv.eu\/#website\",\"url\":\"https:\/\/www.mmpwebtv.eu\/\",\"name\":\"MMP Web TV\",\"description\":\"La Web TV del Campus di Forl\\u00ec\",\"publisher\":{\"@id\":\"https:\/\/www.mmpwebtv.eu\/#organization\"},\"potentialAction\":[{\"@type\":\"SearchAction\",\"target\":{\"@type\":\"EntryPoint\",\"urlTemplate\":\"https:\/\/www.mmpwebtv.eu\/?s={search_term_string}\"},\"query-input\":\"required name=search_term_string\"}],\"inLanguage\":\"it-IT\"},{\"@type\":\"CollectionPage\",\"@id\":\"http:\/\/www.mmpwebtv.eu\/index.php\/category\/archivio\/il-grande-capo\/#webpage\",\"url\":\"http:\/\/www.mmpwebtv.eu\/index.php\/category\/archivio\/il-grande-capo\/\",\"name\":\"Il Grande Capo 2016 Archivi &bull; MMP Web TV\",\"isPartOf\":{\"@id\":\"https:\/\/www.mmpwebtv.eu\/#website\"},\"breadcrumb\":{\"@id\":\"http:\/\/www.mmpwebtv.eu\/index.php\/category\/archivio\/il-grande-capo\/#breadcrumb\"},\"inLanguage\":\"it-IT\",\"potentialAction\":[{\"@type\":\"ReadAction\",\"target\":[\"http:\/\/www.mmpwebtv.eu\/index.php\/category\/archivio\/il-grande-capo\/\"]}]},{\"@type\":\"BreadcrumbList\",\"@id\":\"http:\/\/www.mmpwebtv.eu\/index.php\/category\/archivio\/il-grande-capo\/#breadcrumb\",\"itemListElement\":[{\"@type\":\"ListItem\",\"position\":1,\"name\":\"Home\",\"item\":\"https:\/\/www.mmpwebtv.eu\/\"},{\"@type\":\"ListItem\",\"position\":2,\"name\":\"Palinsesto 2016\",\"item\":\"http:\/\/www.mmpwebtv.eu\/index.php\/category\/archivio\/\"},{\"@type\":\"ListItem\",\"position\":3,\"name\":\"Il Grande Capo 2016\"}]}]}<\/script>\n<!-- \/ Yoast SEO plugin. -->","yoast_head_json":{"title":"Il Grande Capo 2016 Archivi &bull; MMP Web TV","robots":{"index":"noindex","follow":"follow"},"og_locale":"it_IT","og_type":"article","og_title":"Il Grande Capo 2016 Archivi &bull; MMP Web TV","og_description":"&#8220;Il Grande Capo&#8221; \u00e8 il primo format sulla leadership, ideato dal prof. Davide Savelli in collaborazione con il prof. Matteo Lolletti, che vede impegnati gli studenti del secondo anno della laurea magistrale &#8220;Mass media e politica&#8221; di Forl\u00ec. Tra di loro verranno selezionati due candidati (un ragazzo e una ragazza), i quali si confronteranno per aggiudicarsi il titolo di &#8220;Grande Capo&#8221;, grazie anche all&#8217;aiuto dei rispettivi staff, che aiuteranno il proprio candidato a superare le varie prove previste. I due aspiranti leader saranno chiamati a elaborare una strategia mediatica, oltre che realizzare dei contenuti multimediali al fine di promuovere la propria candidatura. Da quest&#8217;anno \u00e8 stata introdotta anche la novit\u00e0 della WebTV, che avr\u00e0 il compito di seguire lo svolgimento dei lavori dei relativi staff, ma anche quello di organizzare concretamente le prove, sia dal punto di vista della realizzazione delle sfide, che della creazione dei prodotti audiovisivi. La realizzazione del format del &#8220;Grande Capo&#8221; ha una doppia funzionalit\u00e0, la prima \u00e8 quella di introdurre gli studenti all&#8217;interno di una realt\u00e0 mediatica, spingendoli a doversi confrontare con quelle che sono le caratteristiche e necessit\u00e0 di questo ambiente particolare; dall&#8217;altro lato, gli studenti hanno l&#8217;opportunit\u00e0 di applicare, durante la durate del progetto, un insieme di conoscenze gi\u00e0 apprese in altri corsi della laurea magistrale, soprattutto relativi alle dinamiche del rapporto tra media e politica. &#8220;Il Grande Capo&#8221;, insomma, si presenta come una palestra, che permette agli studenti di poter fare pratica con tutti gli strumenti dell&#8217;audiovisivo, dalle camere da presa, all&#8217;audio, fino al montaggio, ma anche di adottare le nozioni teoriche acquisite durante il laboratorio di produzione audiovisiva e gli altri corsi previsti dal piano di studio. Un&#8217;esperienza, infine, che consente agli studenti di poter lavorare a un progetto dinamico e stimolante, con lo scopo di poter condividere le proprie capacit\u00e0 e favorire il lavoro di squadra.","og_url":"http:\/\/www.mmpwebtv.eu\/index.php\/category\/archivio\/il-grande-capo\/","og_site_name":"MMP Web TV","twitter_card":"summary_large_image","schema":{"@context":"https:\/\/schema.org","@graph":[{"@type":"Organization","@id":"https:\/\/www.mmpwebtv.eu\/#organization","name":"MMP WebTV","url":"https:\/\/www.mmpwebtv.eu\/","sameAs":["https:\/\/www.facebook.com\/mmpwebtv\/","https:\/\/www.instagram.com\/mmpwebtv\/"],"logo":{"@type":"ImageObject","@id":"https:\/\/www.mmpwebtv.eu\/#logo","inLanguage":"it-IT","url":"https:\/\/www.mmpwebtv.eu\/wp-content\/uploads\/2017\/04\/Logo-MMP-WebTv-02.png","contentUrl":"https:\/\/www.mmpwebtv.eu\/wp-content\/uploads\/2017\/04\/Logo-MMP-WebTv-02.png","width":8000,"height":4500,"caption":"MMP WebTV"},"image":{"@id":"https:\/\/www.mmpwebtv.eu\/#logo"}},{"@type":"WebSite","@id":"https:\/\/www.mmpwebtv.eu\/#website","url":"https:\/\/www.mmpwebtv.eu\/","name":"MMP Web TV","description":"La Web TV del Campus di Forl\u00ec","publisher":{"@id":"https:\/\/www.mmpwebtv.eu\/#organization"},"potentialAction":[{"@type":"SearchAction","target":{"@type":"EntryPoint","urlTemplate":"https:\/\/www.mmpwebtv.eu\/?s={search_term_string}"},"query-input":"required name=search_term_string"}],"inLanguage":"it-IT"},{"@type":"CollectionPage","@id":"http:\/\/www.mmpwebtv.eu\/index.php\/category\/archivio\/il-grande-capo\/#webpage","url":"http:\/\/www.mmpwebtv.eu\/index.php\/category\/archivio\/il-grande-capo\/","name":"Il Grande Capo 2016 Archivi &bull; MMP Web TV","isPartOf":{"@id":"https:\/\/www.mmpwebtv.eu\/#website"},"breadcrumb":{"@id":"http:\/\/www.mmpwebtv.eu\/index.php\/category\/archivio\/il-grande-capo\/#breadcrumb"},"inLanguage":"it-IT","potentialAction":[{"@type":"ReadAction","target":["http:\/\/www.mmpwebtv.eu\/index.php\/category\/archivio\/il-grande-capo\/"]}]},{"@type":"BreadcrumbList","@id":"http:\/\/www.mmpwebtv.eu\/index.php\/category\/archivio\/il-grande-capo\/#breadcrumb","itemListElement":[{"@type":"ListItem","position":1,"name":"Home","item":"https:\/\/www.mmpwebtv.eu\/"},{"@type":"ListItem","position":2,"name":"Palinsesto 2016","item":"http:\/\/www.mmpwebtv.eu\/index.php\/category\/archivio\/"},{"@type":"ListItem","position":3,"name":"Il Grande Capo 2016"}]}]}},"_links":{"self":[{"href":"http:\/\/www.mmpwebtv.eu\/index.php\/wp-json\/wp\/v2\/categories\/4"}],"collection":[{"href":"http:\/\/www.mmpwebtv.eu\/index.php\/wp-json\/wp\/v2\/categories"}],"about":[{"href":"http:\/\/www.mmpwebtv.eu\/index.php\/wp-json\/wp\/v2\/taxonomies\/category"}],"up":[{"embeddable":true,"href":"http:\/\/www.mmpwebtv.eu\/index.php\/wp-json\/wp\/v2\/categories\/166"}],"wp:post_type":[{"href":"http:\/\/www.mmpwebtv.eu\/index.php\/wp-json\/wp\/v2\/posts?categories=4"}],"curies":[{"name":"wp","href":"https:\/\/api.w.org\/{rel}","templated":true}]}}