{"id":1028,"date":"2019-06-10T17:30:23","date_gmt":"2019-06-10T15:30:23","guid":{"rendered":"http:\/\/www.mmpwebtv.eu\/?p=1028"},"modified":"2019-06-10T11:22:25","modified_gmt":"2019-06-10T09:22:25","slug":"weekly-tips-48","status":"publish","type":"post","link":"http:\/\/www.mmpwebtv.eu\/index.php\/2019\/06\/10\/weekly-tips-48\/","title":{"rendered":"Weekly Tips #48"},"content":{"rendered":"<p>Non solo Mercoled\u00ec del Cuore a Forl\u00ec!<br \/>\nQuesta settimana:<\/p>\n<p>Dall&#8217;11 al 13 giugno, presso l&#8217;EXATR, nell&#8217;ambito del Festival Ipercorpo, si terr\u00e0 il workshop <em>Alphabet: il colore si fa spazio.<\/em><\/p>\n<p>Mercoled\u00ec 12, a conclusione della rassegna <em>Parole in Pentola<\/em>, La Granadilla ospiter\u00e0 un aperitivo con Alessandro Berselli<\/p>\n<p>Ancora il 12, presso Wundergrafik si terr\u00e0 un <em>Wednesday Wundercraft Market <\/em>con\u00a0Crop Handmade come ospite.<\/p>\n<p>Infine, il 15 e il 16 giugno, presso l&#8217;ex Fabbrica Battistini si terr\u00e0 l&#8217;evento <em>Mettiti nelle mie scarpe. Il grande passo<\/em>, due giorni di lavoratori, visite e istallazioni.<\/p>\n","protected":false},"excerpt":{"rendered":"<p>Non solo Mercoled\u00ec del Cuore a Forl\u00ec! Questa settimana: Dall&#8217;11 al 13 giugno, presso l&#8217;EXATR, nell&#8217;ambito del Festival Ipercorpo, si terr\u00e0 il workshop Alphabet: il colore si fa spazio. Mercoled\u00ec 12, a conclusione della rassegna Parole in Pentola, La Granadilla ospiter\u00e0 un aperitivo con Alessandro Berselli Ancora il 12, presso Wundergrafik si terr\u00e0 un Wednesday [&hellip;]<\/p>\n","protected":false},"author":1,"featured_media":979,"comment_status":"closed","ping_status":"closed","sticky":false,"template":"","format":"video","meta":[],"categories":[221],"tags":[832,828,177,75,69,379,312,834,287,13,279,830,833,802,119,16,831,94,220,117,829],"yoast_head":"<!-- This site is optimized with the Yoast SEO plugin v17.9 - https:\/\/yoast.com\/wordpress\/plugins\/seo\/ -->\n<title>Weekly Tips #48 &bull; MMP Web TV<\/title>\n<meta name=\"description\" content=\"Gli eventi da non perdere questa settimana a Forl\u00ec, con i consigli della MMP Web TV.\" \/>\n<meta name=\"robots\" content=\"noindex, follow\" \/>\n<meta property=\"og:locale\" content=\"it_IT\" \/>\n<meta property=\"og:type\" content=\"article\" \/>\n<meta property=\"og:title\" content=\"Weekly Tips #48 &bull; MMP Web TV\" \/>\n<meta property=\"og:description\" content=\"Gli eventi da non perdere questa settimana a Forl\u00ec, con i consigli della MMP Web TV.\" \/>\n<meta property=\"og:url\" content=\"http:\/\/www.mmpwebtv.eu\/index.php\/2019\/06\/10\/weekly-tips-48\/\" \/>\n<meta property=\"og:site_name\" content=\"MMP Web TV\" \/>\n<meta property=\"article:publisher\" content=\"https:\/\/www.facebook.com\/mmpwebtv\/\" \/>\n<meta property=\"article:published_time\" content=\"2019-06-10T15:30:23+00:00\" \/>\n<meta property=\"article:modified_time\" content=\"2019-06-10T09:22:25+00:00\" \/>\n<meta property=\"og:image\" content=\"http:\/\/www.mmpwebtv.eu\/wp-content\/uploads\/2019\/05\/Schermata-2019-05-13-alle-18.16.05.png\" \/>\n\t<meta property=\"og:image:width\" content=\"3388\" \/>\n\t<meta property=\"og:image:height\" content=\"1796\" \/>\n\t<meta property=\"og:image:type\" content=\"image\/png\" \/>\n<meta name=\"twitter:card\" content=\"summary_large_image\" \/>\n<meta name=\"twitter:label1\" content=\"Scritto da\" \/>\n\t<meta name=\"twitter:data1\" content=\"admin\" \/>\n<script type=\"application\/ld+json\" class=\"yoast-schema-graph\">{\"@context\":\"https:\/\/schema.org\",\"@graph\":[{\"@type\":\"Organization\",\"@id\":\"https:\/\/www.mmpwebtv.eu\/#organization\",\"name\":\"MMP WebTV\",\"url\":\"https:\/\/www.mmpwebtv.eu\/\",\"sameAs\":[\"https:\/\/www.facebook.com\/mmpwebtv\/\",\"https:\/\/www.instagram.com\/mmpwebtv\/\"],\"logo\":{\"@type\":\"ImageObject\",\"@id\":\"https:\/\/www.mmpwebtv.eu\/#logo\",\"inLanguage\":\"it-IT\",\"url\":\"https:\/\/www.mmpwebtv.eu\/wp-content\/uploads\/2017\/04\/Logo-MMP-WebTv-02.png\",\"contentUrl\":\"https:\/\/www.mmpwebtv.eu\/wp-content\/uploads\/2017\/04\/Logo-MMP-WebTv-02.png\",\"width\":8000,\"height\":4500,\"caption\":\"MMP WebTV\"},\"image\":{\"@id\":\"https:\/\/www.mmpwebtv.eu\/#logo\"}},{\"@type\":\"WebSite\",\"@id\":\"https:\/\/www.mmpwebtv.eu\/#website\",\"url\":\"https:\/\/www.mmpwebtv.eu\/\",\"name\":\"MMP Web TV\",\"description\":\"La Web TV del Campus di Forl\\u00ec\",\"publisher\":{\"@id\":\"https:\/\/www.mmpwebtv.eu\/#organization\"},\"potentialAction\":[{\"@type\":\"SearchAction\",\"target\":{\"@type\":\"EntryPoint\",\"urlTemplate\":\"https:\/\/www.mmpwebtv.eu\/?s={search_term_string}\"},\"query-input\":\"required name=search_term_string\"}],\"inLanguage\":\"it-IT\"},{\"@type\":\"ImageObject\",\"@id\":\"http:\/\/www.mmpwebtv.eu\/index.php\/2019\/06\/10\/weekly-tips-48\/#primaryimage\",\"inLanguage\":\"it-IT\",\"url\":\"http:\/\/www.mmpwebtv.eu\/wp-content\/uploads\/2019\/05\/Schermata-2019-05-13-alle-18.16.05.png\",\"contentUrl\":\"http:\/\/www.mmpwebtv.eu\/wp-content\/uploads\/2019\/05\/Schermata-2019-05-13-alle-18.16.05.png\",\"width\":3388,\"height\":1796,\"caption\":\"Weekly Tips, eventi Romagna e Forl\\u00ec\"},{\"@type\":\"WebPage\",\"@id\":\"http:\/\/www.mmpwebtv.eu\/index.php\/2019\/06\/10\/weekly-tips-48\/#webpage\",\"url\":\"http:\/\/www.mmpwebtv.eu\/index.php\/2019\/06\/10\/weekly-tips-48\/\",\"name\":\"Weekly Tips #48 &bull; MMP Web TV\",\"isPartOf\":{\"@id\":\"https:\/\/www.mmpwebtv.eu\/#website\"},\"primaryImageOfPage\":{\"@id\":\"http:\/\/www.mmpwebtv.eu\/index.php\/2019\/06\/10\/weekly-tips-48\/#primaryimage\"},\"datePublished\":\"2019-06-10T15:30:23+00:00\",\"dateModified\":\"2019-06-10T09:22:25+00:00\",\"description\":\"Gli eventi da non perdere questa settimana a Forl\\u00ec, con i consigli della MMP Web TV.\",\"breadcrumb\":{\"@id\":\"http:\/\/www.mmpwebtv.eu\/index.php\/2019\/06\/10\/weekly-tips-48\/#breadcrumb\"},\"inLanguage\":\"it-IT\",\"potentialAction\":[{\"@type\":\"ReadAction\",\"target\":[\"http:\/\/www.mmpwebtv.eu\/index.php\/2019\/06\/10\/weekly-tips-48\/\"]}]},{\"@type\":\"BreadcrumbList\",\"@id\":\"http:\/\/www.mmpwebtv.eu\/index.php\/2019\/06\/10\/weekly-tips-48\/#breadcrumb\",\"itemListElement\":[{\"@type\":\"ListItem\",\"position\":1,\"name\":\"Home\",\"item\":\"https:\/\/www.mmpwebtv.eu\/\"},{\"@type\":\"ListItem\",\"position\":2,\"name\":\"Weekly Tips #48\"}]},{\"@type\":\"Article\",\"@id\":\"http:\/\/www.mmpwebtv.eu\/index.php\/2019\/06\/10\/weekly-tips-48\/#article\",\"isPartOf\":{\"@id\":\"http:\/\/www.mmpwebtv.eu\/index.php\/2019\/06\/10\/weekly-tips-48\/#webpage\"},\"author\":{\"@id\":\"https:\/\/www.mmpwebtv.eu\/#\/schema\/person\/4848c65626d1588551e847f88cda447a\"},\"headline\":\"Weekly Tips #48\",\"datePublished\":\"2019-06-10T15:30:23+00:00\",\"dateModified\":\"2019-06-10T09:22:25+00:00\",\"mainEntityOfPage\":{\"@id\":\"http:\/\/www.mmpwebtv.eu\/index.php\/2019\/06\/10\/weekly-tips-48\/#webpage\"},\"wordCount\":87,\"publisher\":{\"@id\":\"https:\/\/www.mmpwebtv.eu\/#organization\"},\"image\":{\"@id\":\"http:\/\/www.mmpwebtv.eu\/index.php\/2019\/06\/10\/weekly-tips-48\/#primaryimage\"},\"thumbnailUrl\":\"http:\/\/www.mmpwebtv.eu\/wp-content\/uploads\/2019\/05\/Schermata-2019-05-13-alle-18.16.05.png\",\"keywords\":[\"Alessandro Bersetti\",\"Alphabet\",\"aperitivo\",\"campus di forl\\u00ec\",\"comunicazione\",\"eventi forl\\u00ec\",\"Ex ATR\",\"Ex fabbrica Battistini\",\"EXATR\",\"forl\\u00ec\",\"Ipercorpo\",\"La Granadilla\",\"Mettiti nelle mie scarpe\",\"MMP Web Tv\",\"MMP webTV\",\"mmpwebtv\",\"Parole in Pentola\",\"romagna\",\"weekly tips\",\"workshop\",\"Wundergrafik\"],\"articleSection\":[\"Weekly Tips\"],\"inLanguage\":\"it-IT\"},{\"@type\":\"Person\",\"@id\":\"https:\/\/www.mmpwebtv.eu\/#\/schema\/person\/4848c65626d1588551e847f88cda447a\",\"name\":\"admin\",\"image\":{\"@type\":\"ImageObject\",\"@id\":\"https:\/\/www.mmpwebtv.eu\/#personlogo\",\"inLanguage\":\"it-IT\",\"url\":\"http:\/\/0.gravatar.com\/avatar\/364ff6b737993d84049599bd8bd08384?s=96&d=mm&r=g\",\"contentUrl\":\"http:\/\/0.gravatar.com\/avatar\/364ff6b737993d84049599bd8bd08384?s=96&d=mm&r=g\",\"caption\":\"admin\"}}]}<\/script>\n<!-- \/ Yoast SEO plugin. -->","yoast_head_json":{"title":"Weekly Tips #48 &bull; MMP Web TV","description":"Gli eventi da non perdere questa settimana a Forl\u00ec, con i consigli della MMP Web TV.","robots":{"index":"noindex","follow":"follow"},"og_locale":"it_IT","og_type":"article","og_title":"Weekly Tips #48 &bull; MMP Web TV","og_description":"Gli eventi da non perdere questa settimana a Forl\u00ec, con i consigli della MMP Web TV.","og_url":"http:\/\/www.mmpwebtv.eu\/index.php\/2019\/06\/10\/weekly-tips-48\/","og_site_name":"MMP Web TV","article_publisher":"https:\/\/www.facebook.com\/mmpwebtv\/","article_published_time":"2019-06-10T15:30:23+00:00","article_modified_time":"2019-06-10T09:22:25+00:00","og_image":[{"width":3388,"height":1796,"url":"http:\/\/www.mmpwebtv.eu\/wp-content\/uploads\/2019\/05\/Schermata-2019-05-13-alle-18.16.05.png","type":"image\/png"}],"twitter_card":"summary_large_image","twitter_misc":{"Scritto da":"admin"},"schema":{"@context":"https:\/\/schema.org","@graph":[{"@type":"Organization","@id":"https:\/\/www.mmpwebtv.eu\/#organization","name":"MMP WebTV","url":"https:\/\/www.mmpwebtv.eu\/","sameAs":["https:\/\/www.facebook.com\/mmpwebtv\/","https:\/\/www.instagram.com\/mmpwebtv\/"],"logo":{"@type":"ImageObject","@id":"https:\/\/www.mmpwebtv.eu\/#logo","inLanguage":"it-IT","url":"https:\/\/www.mmpwebtv.eu\/wp-content\/uploads\/2017\/04\/Logo-MMP-WebTv-02.png","contentUrl":"https:\/\/www.mmpwebtv.eu\/wp-content\/uploads\/2017\/04\/Logo-MMP-WebTv-02.png","width":8000,"height":4500,"caption":"MMP WebTV"},"image":{"@id":"https:\/\/www.mmpwebtv.eu\/#logo"}},{"@type":"WebSite","@id":"https:\/\/www.mmpwebtv.eu\/#website","url":"https:\/\/www.mmpwebtv.eu\/","name":"MMP Web TV","description":"La Web TV del Campus di Forl\u00ec","publisher":{"@id":"https:\/\/www.mmpwebtv.eu\/#organization"},"potentialAction":[{"@type":"SearchAction","target":{"@type":"EntryPoint","urlTemplate":"https:\/\/www.mmpwebtv.eu\/?s={search_term_string}"},"query-input":"required name=search_term_string"}],"inLanguage":"it-IT"},{"@type":"ImageObject","@id":"http:\/\/www.mmpwebtv.eu\/index.php\/2019\/06\/10\/weekly-tips-48\/#primaryimage","inLanguage":"it-IT","url":"http:\/\/www.mmpwebtv.eu\/wp-content\/uploads\/2019\/05\/Schermata-2019-05-13-alle-18.16.05.png","contentUrl":"http:\/\/www.mmpwebtv.eu\/wp-content\/uploads\/2019\/05\/Schermata-2019-05-13-alle-18.16.05.png","width":3388,"height":1796,"caption":"Weekly Tips, eventi Romagna e Forl\u00ec"},{"@type":"WebPage","@id":"http:\/\/www.mmpwebtv.eu\/index.php\/2019\/06\/10\/weekly-tips-48\/#webpage","url":"http:\/\/www.mmpwebtv.eu\/index.php\/2019\/06\/10\/weekly-tips-48\/","name":"Weekly Tips #48 &bull; MMP Web TV","isPartOf":{"@id":"https:\/\/www.mmpwebtv.eu\/#website"},"primaryImageOfPage":{"@id":"http:\/\/www.mmpwebtv.eu\/index.php\/2019\/06\/10\/weekly-tips-48\/#primaryimage"},"datePublished":"2019-06-10T15:30:23+00:00","dateModified":"2019-06-10T09:22:25+00:00","description":"Gli eventi da non perdere questa settimana a Forl\u00ec, con i consigli della MMP Web TV.","breadcrumb":{"@id":"http:\/\/www.mmpwebtv.eu\/index.php\/2019\/06\/10\/weekly-tips-48\/#breadcrumb"},"inLanguage":"it-IT","potentialAction":[{"@type":"ReadAction","target":["http:\/\/www.mmpwebtv.eu\/index.php\/2019\/06\/10\/weekly-tips-48\/"]}]},{"@type":"BreadcrumbList","@id":"http:\/\/www.mmpwebtv.eu\/index.php\/2019\/06\/10\/weekly-tips-48\/#breadcrumb","itemListElement":[{"@type":"ListItem","position":1,"name":"Home","item":"https:\/\/www.mmpwebtv.eu\/"},{"@type":"ListItem","position":2,"name":"Weekly Tips #48"}]},{"@type":"Article","@id":"http:\/\/www.mmpwebtv.eu\/index.php\/2019\/06\/10\/weekly-tips-48\/#article","isPartOf":{"@id":"http:\/\/www.mmpwebtv.eu\/index.php\/2019\/06\/10\/weekly-tips-48\/#webpage"},"author":{"@id":"https:\/\/www.mmpwebtv.eu\/#\/schema\/person\/4848c65626d1588551e847f88cda447a"},"headline":"Weekly Tips #48","datePublished":"2019-06-10T15:30:23+00:00","dateModified":"2019-06-10T09:22:25+00:00","mainEntityOfPage":{"@id":"http:\/\/www.mmpwebtv.eu\/index.php\/2019\/06\/10\/weekly-tips-48\/#webpage"},"wordCount":87,"publisher":{"@id":"https:\/\/www.mmpwebtv.eu\/#organization"},"image":{"@id":"http:\/\/www.mmpwebtv.eu\/index.php\/2019\/06\/10\/weekly-tips-48\/#primaryimage"},"thumbnailUrl":"http:\/\/www.mmpwebtv.eu\/wp-content\/uploads\/2019\/05\/Schermata-2019-05-13-alle-18.16.05.png","keywords":["Alessandro Bersetti","Alphabet","aperitivo","campus di forl\u00ec","comunicazione","eventi forl\u00ec","Ex ATR","Ex fabbrica Battistini","EXATR","forl\u00ec","Ipercorpo","La Granadilla","Mettiti nelle mie scarpe","MMP Web Tv","MMP webTV","mmpwebtv","Parole in Pentola","romagna","weekly tips","workshop","Wundergrafik"],"articleSection":["Weekly Tips"],"inLanguage":"it-IT"},{"@type":"Person","@id":"https:\/\/www.mmpwebtv.eu\/#\/schema\/person\/4848c65626d1588551e847f88cda447a","name":"admin","image":{"@type":"ImageObject","@id":"https:\/\/www.mmpwebtv.eu\/#personlogo","inLanguage":"it-IT","url":"http:\/\/0.gravatar.com\/avatar\/364ff6b737993d84049599bd8bd08384?s=96&d=mm&r=g","contentUrl":"http:\/\/0.gravatar.com\/avatar\/364ff6b737993d84049599bd8bd08384?s=96&d=mm&r=g","caption":"admin"}}]}},"_links":{"self":[{"href":"http:\/\/www.mmpwebtv.eu\/index.php\/wp-json\/wp\/v2\/posts\/1028"}],"collection":[{"href":"http:\/\/www.mmpwebtv.eu\/index.php\/wp-json\/wp\/v2\/posts"}],"about":[{"href":"http:\/\/www.mmpwebtv.eu\/index.php\/wp-json\/wp\/v2\/types\/post"}],"author":[{"embeddable":true,"href":"http:\/\/www.mmpwebtv.eu\/index.php\/wp-json\/wp\/v2\/users\/1"}],"replies":[{"embeddable":true,"href":"http:\/\/www.mmpwebtv.eu\/index.php\/wp-json\/wp\/v2\/comments?post=1028"}],"version-history":[{"count":1,"href":"http:\/\/www.mmpwebtv.eu\/index.php\/wp-json\/wp\/v2\/posts\/1028\/revisions"}],"predecessor-version":[{"id":1029,"href":"http:\/\/www.mmpwebtv.eu\/index.php\/wp-json\/wp\/v2\/posts\/1028\/revisions\/1029"}],"wp:featuredmedia":[{"embeddable":true,"href":"http:\/\/www.mmpwebtv.eu\/index.php\/wp-json\/wp\/v2\/media\/979"}],"wp:attachment":[{"href":"http:\/\/www.mmpwebtv.eu\/index.php\/wp-json\/wp\/v2\/media?parent=1028"}],"wp:term":[{"taxonomy":"category","embeddable":true,"href":"http:\/\/www.mmpwebtv.eu\/index.php\/wp-json\/wp\/v2\/categories?post=1028"},{"taxonomy":"post_tag","embeddable":true,"href":"http:\/\/www.mmpwebtv.eu\/index.php\/wp-json\/wp\/v2\/tags?post=1028"}],"curies":[{"name":"wp","href":"https:\/\/api.w.org\/{rel}","templated":true}]}}