{"id":1032,"date":"2019-06-13T18:57:21","date_gmt":"2019-06-13T16:57:21","guid":{"rendered":"http:\/\/www.mmpwebtv.eu\/?p=1032"},"modified":"2019-06-13T18:57:21","modified_gmt":"2019-06-13T16:57:21","slug":"edizione-13-giugno","status":"publish","type":"post","link":"http:\/\/www.mmpwebtv.eu\/index.php\/2019\/06\/13\/edizione-13-giugno\/","title":{"rendered":"Edizione 13 giugno"},"content":{"rendered":"<p>Bentornati al Tg Campus!<\/p>\n<p>Questa settimana vi proponiamo un servizio sull&#8217;ultimo evento della rassegna &#8220;Nel pi\u00f9 vasto mondo\u2026 Drammi umanitari, spirali di violenza e crisi politiche nell\u2019attuale contesto internazionale&#8221; ideata e organizzata dall&#8217;Istituto Storico della Resistenza\u00a0e dell\u2019Et\u00e0 contemporanea di Forl\u00ec-Cesena. Per l&#8217;occasione abbiamo intervistato Pio D&#8217;Emilia, corrispondete di SkyTg24 per l&#8217;Asia Orientale.<\/p>\n<p>A seguire uno speciale sui Mercoled\u00ec del Cuore, evento che anima le vie del centro storico con musica, cibo e attivit\u00e0 culturali.<\/p>\n<p>Buona visione.<\/p>\n","protected":false},"excerpt":{"rendered":"<p>Bentornati al Tg Campus! Questa settimana vi proponiamo un servizio sull&#8217;ultimo evento della rassegna &#8220;Nel pi\u00f9 vasto mondo\u2026 Drammi umanitari, spirali di violenza e crisi politiche nell\u2019attuale contesto internazionale&#8221; ideata e organizzata dall&#8217;Istituto Storico della Resistenza\u00a0e dell\u2019Et\u00e0 contemporanea di Forl\u00ec-Cesena. Per l&#8217;occasione abbiamo intervistato Pio D&#8217;Emilia, corrispondete di SkyTg24 per l&#8217;Asia Orientale. A seguire uno [&hellip;]<\/p>\n","protected":false},"author":1,"featured_media":1033,"comment_status":"closed","ping_status":"closed","sticky":false,"template":"","format":"video","meta":[],"categories":[165],"tags":[130,12,72,75,62,13,837,43,118,360,358,802,835,803,94,836,168,120,15],"yoast_head":"<!-- This site is optimized with the Yoast SEO plugin v17.9 - https:\/\/yoast.com\/wordpress\/plugins\/seo\/ -->\n<title>Edizione 13 giugno &bull; MMP Web TV<\/title>\n<meta name=\"description\" content=\"Lo sguardo della MMP Web TV su Forl\u00ec. Questa settimana Pio d&#039;Emilia e i Mercoled\u00ec del Cuore.\" \/>\n<meta name=\"robots\" content=\"noindex, follow\" \/>\n<meta property=\"og:locale\" content=\"it_IT\" \/>\n<meta property=\"og:type\" content=\"article\" \/>\n<meta property=\"og:title\" content=\"Edizione 13 giugno &bull; MMP Web TV\" \/>\n<meta property=\"og:description\" content=\"Lo sguardo della MMP Web TV su Forl\u00ec. Questa settimana Pio d&#039;Emilia e i Mercoled\u00ec del Cuore.\" \/>\n<meta property=\"og:url\" content=\"http:\/\/www.mmpwebtv.eu\/index.php\/2019\/06\/13\/edizione-13-giugno\/\" \/>\n<meta property=\"og:site_name\" content=\"MMP Web TV\" \/>\n<meta property=\"article:publisher\" content=\"https:\/\/www.facebook.com\/mmpwebtv\/\" \/>\n<meta property=\"article:published_time\" content=\"2019-06-13T16:57:21+00:00\" \/>\n<meta property=\"og:image\" content=\"http:\/\/www.mmpwebtv.eu\/wp-content\/uploads\/2019\/06\/Anteprima-TGC-sito-e-YouTube-01.png\" \/>\n\t<meta property=\"og:image:width\" content=\"7667\" \/>\n\t<meta property=\"og:image:height\" content=\"4500\" \/>\n\t<meta property=\"og:image:type\" content=\"image\/png\" \/>\n<meta name=\"twitter:card\" content=\"summary_large_image\" \/>\n<meta name=\"twitter:label1\" content=\"Scritto da\" \/>\n\t<meta name=\"twitter:data1\" content=\"admin\" \/>\n<script type=\"application\/ld+json\" class=\"yoast-schema-graph\">{\"@context\":\"https:\/\/schema.org\",\"@graph\":[{\"@type\":\"Organization\",\"@id\":\"https:\/\/www.mmpwebtv.eu\/#organization\",\"name\":\"MMP WebTV\",\"url\":\"https:\/\/www.mmpwebtv.eu\/\",\"sameAs\":[\"https:\/\/www.facebook.com\/mmpwebtv\/\",\"https:\/\/www.instagram.com\/mmpwebtv\/\"],\"logo\":{\"@type\":\"ImageObject\",\"@id\":\"https:\/\/www.mmpwebtv.eu\/#logo\",\"inLanguage\":\"it-IT\",\"url\":\"https:\/\/www.mmpwebtv.eu\/wp-content\/uploads\/2017\/04\/Logo-MMP-WebTv-02.png\",\"contentUrl\":\"https:\/\/www.mmpwebtv.eu\/wp-content\/uploads\/2017\/04\/Logo-MMP-WebTv-02.png\",\"width\":8000,\"height\":4500,\"caption\":\"MMP WebTV\"},\"image\":{\"@id\":\"https:\/\/www.mmpwebtv.eu\/#logo\"}},{\"@type\":\"WebSite\",\"@id\":\"https:\/\/www.mmpwebtv.eu\/#website\",\"url\":\"https:\/\/www.mmpwebtv.eu\/\",\"name\":\"MMP Web TV\",\"description\":\"La Web TV del Campus di Forl\\u00ec\",\"publisher\":{\"@id\":\"https:\/\/www.mmpwebtv.eu\/#organization\"},\"potentialAction\":[{\"@type\":\"SearchAction\",\"target\":{\"@type\":\"EntryPoint\",\"urlTemplate\":\"https:\/\/www.mmpwebtv.eu\/?s={search_term_string}\"},\"query-input\":\"required name=search_term_string\"}],\"inLanguage\":\"it-IT\"},{\"@type\":\"ImageObject\",\"@id\":\"http:\/\/www.mmpwebtv.eu\/index.php\/2019\/06\/13\/edizione-13-giugno\/#primaryimage\",\"inLanguage\":\"it-IT\",\"url\":\"http:\/\/www.mmpwebtv.eu\/wp-content\/uploads\/2019\/06\/Anteprima-TGC-sito-e-YouTube-01.png\",\"contentUrl\":\"http:\/\/www.mmpwebtv.eu\/wp-content\/uploads\/2019\/06\/Anteprima-TGC-sito-e-YouTube-01.png\",\"width\":7667,\"height\":4500},{\"@type\":\"WebPage\",\"@id\":\"http:\/\/www.mmpwebtv.eu\/index.php\/2019\/06\/13\/edizione-13-giugno\/#webpage\",\"url\":\"http:\/\/www.mmpwebtv.eu\/index.php\/2019\/06\/13\/edizione-13-giugno\/\",\"name\":\"Edizione 13 giugno &bull; MMP Web TV\",\"isPartOf\":{\"@id\":\"https:\/\/www.mmpwebtv.eu\/#website\"},\"primaryImageOfPage\":{\"@id\":\"http:\/\/www.mmpwebtv.eu\/index.php\/2019\/06\/13\/edizione-13-giugno\/#primaryimage\"},\"datePublished\":\"2019-06-13T16:57:21+00:00\",\"dateModified\":\"2019-06-13T16:57:21+00:00\",\"description\":\"Lo sguardo della MMP Web TV su Forl\\u00ec. Questa settimana Pio d'Emilia e i Mercoled\\u00ec del Cuore.\",\"breadcrumb\":{\"@id\":\"http:\/\/www.mmpwebtv.eu\/index.php\/2019\/06\/13\/edizione-13-giugno\/#breadcrumb\"},\"inLanguage\":\"it-IT\",\"potentialAction\":[{\"@type\":\"ReadAction\",\"target\":[\"http:\/\/www.mmpwebtv.eu\/index.php\/2019\/06\/13\/edizione-13-giugno\/\"]}]},{\"@type\":\"BreadcrumbList\",\"@id\":\"http:\/\/www.mmpwebtv.eu\/index.php\/2019\/06\/13\/edizione-13-giugno\/#breadcrumb\",\"itemListElement\":[{\"@type\":\"ListItem\",\"position\":1,\"name\":\"Home\",\"item\":\"https:\/\/www.mmpwebtv.eu\/\"},{\"@type\":\"ListItem\",\"position\":2,\"name\":\"Edizione 13 giugno\"}]},{\"@type\":\"Article\",\"@id\":\"http:\/\/www.mmpwebtv.eu\/index.php\/2019\/06\/13\/edizione-13-giugno\/#article\",\"isPartOf\":{\"@id\":\"http:\/\/www.mmpwebtv.eu\/index.php\/2019\/06\/13\/edizione-13-giugno\/#webpage\"},\"author\":{\"@id\":\"https:\/\/www.mmpwebtv.eu\/#\/schema\/person\/4848c65626d1588551e847f88cda447a\"},\"headline\":\"Edizione 13 giugno\",\"datePublished\":\"2019-06-13T16:57:21+00:00\",\"dateModified\":\"2019-06-13T16:57:21+00:00\",\"mainEntityOfPage\":{\"@id\":\"http:\/\/www.mmpwebtv.eu\/index.php\/2019\/06\/13\/edizione-13-giugno\/#webpage\"},\"wordCount\":82,\"publisher\":{\"@id\":\"https:\/\/www.mmpwebtv.eu\/#organization\"},\"image\":{\"@id\":\"http:\/\/www.mmpwebtv.eu\/index.php\/2019\/06\/13\/edizione-13-giugno\/#primaryimage\"},\"thumbnailUrl\":\"http:\/\/www.mmpwebtv.eu\/wp-content\/uploads\/2019\/06\/Anteprima-TGC-sito-e-YouTube-01.png\",\"keywords\":[\"alma mater studiorum\",\"bologna\",\"campus\",\"campus di forl\\u00ec\",\"conferenza\",\"forl\\u00ec\",\"Forl\\u00ec nel cuore\",\"intervista\",\"Mass Media e Politica\",\"Mercoled\\u00ec\",\"Mercoled\\u00ec del Cuore\",\"MMP Web Tv\",\"Pio d'Emilia\",\"Rohingya\",\"romagna\",\"SkyTg24\",\"TGCampus\",\"Universit\\u00e0 di Bologna\",\"webtv\"],\"articleSection\":[\"TG Campus\"],\"inLanguage\":\"it-IT\"},{\"@type\":\"Person\",\"@id\":\"https:\/\/www.mmpwebtv.eu\/#\/schema\/person\/4848c65626d1588551e847f88cda447a\",\"name\":\"admin\",\"image\":{\"@type\":\"ImageObject\",\"@id\":\"https:\/\/www.mmpwebtv.eu\/#personlogo\",\"inLanguage\":\"it-IT\",\"url\":\"http:\/\/0.gravatar.com\/avatar\/364ff6b737993d84049599bd8bd08384?s=96&d=mm&r=g\",\"contentUrl\":\"http:\/\/0.gravatar.com\/avatar\/364ff6b737993d84049599bd8bd08384?s=96&d=mm&r=g\",\"caption\":\"admin\"}}]}<\/script>\n<!-- \/ Yoast SEO plugin. -->","yoast_head_json":{"title":"Edizione 13 giugno &bull; MMP Web TV","description":"Lo sguardo della MMP Web TV su Forl\u00ec. Questa settimana Pio d'Emilia e i Mercoled\u00ec del Cuore.","robots":{"index":"noindex","follow":"follow"},"og_locale":"it_IT","og_type":"article","og_title":"Edizione 13 giugno &bull; MMP Web TV","og_description":"Lo sguardo della MMP Web TV su Forl\u00ec. Questa settimana Pio d'Emilia e i Mercoled\u00ec del Cuore.","og_url":"http:\/\/www.mmpwebtv.eu\/index.php\/2019\/06\/13\/edizione-13-giugno\/","og_site_name":"MMP Web TV","article_publisher":"https:\/\/www.facebook.com\/mmpwebtv\/","article_published_time":"2019-06-13T16:57:21+00:00","og_image":[{"width":7667,"height":4500,"url":"http:\/\/www.mmpwebtv.eu\/wp-content\/uploads\/2019\/06\/Anteprima-TGC-sito-e-YouTube-01.png","type":"image\/png"}],"twitter_card":"summary_large_image","twitter_misc":{"Scritto da":"admin"},"schema":{"@context":"https:\/\/schema.org","@graph":[{"@type":"Organization","@id":"https:\/\/www.mmpwebtv.eu\/#organization","name":"MMP WebTV","url":"https:\/\/www.mmpwebtv.eu\/","sameAs":["https:\/\/www.facebook.com\/mmpwebtv\/","https:\/\/www.instagram.com\/mmpwebtv\/"],"logo":{"@type":"ImageObject","@id":"https:\/\/www.mmpwebtv.eu\/#logo","inLanguage":"it-IT","url":"https:\/\/www.mmpwebtv.eu\/wp-content\/uploads\/2017\/04\/Logo-MMP-WebTv-02.png","contentUrl":"https:\/\/www.mmpwebtv.eu\/wp-content\/uploads\/2017\/04\/Logo-MMP-WebTv-02.png","width":8000,"height":4500,"caption":"MMP WebTV"},"image":{"@id":"https:\/\/www.mmpwebtv.eu\/#logo"}},{"@type":"WebSite","@id":"https:\/\/www.mmpwebtv.eu\/#website","url":"https:\/\/www.mmpwebtv.eu\/","name":"MMP Web TV","description":"La Web TV del Campus di Forl\u00ec","publisher":{"@id":"https:\/\/www.mmpwebtv.eu\/#organization"},"potentialAction":[{"@type":"SearchAction","target":{"@type":"EntryPoint","urlTemplate":"https:\/\/www.mmpwebtv.eu\/?s={search_term_string}"},"query-input":"required name=search_term_string"}],"inLanguage":"it-IT"},{"@type":"ImageObject","@id":"http:\/\/www.mmpwebtv.eu\/index.php\/2019\/06\/13\/edizione-13-giugno\/#primaryimage","inLanguage":"it-IT","url":"http:\/\/www.mmpwebtv.eu\/wp-content\/uploads\/2019\/06\/Anteprima-TGC-sito-e-YouTube-01.png","contentUrl":"http:\/\/www.mmpwebtv.eu\/wp-content\/uploads\/2019\/06\/Anteprima-TGC-sito-e-YouTube-01.png","width":7667,"height":4500},{"@type":"WebPage","@id":"http:\/\/www.mmpwebtv.eu\/index.php\/2019\/06\/13\/edizione-13-giugno\/#webpage","url":"http:\/\/www.mmpwebtv.eu\/index.php\/2019\/06\/13\/edizione-13-giugno\/","name":"Edizione 13 giugno &bull; MMP Web TV","isPartOf":{"@id":"https:\/\/www.mmpwebtv.eu\/#website"},"primaryImageOfPage":{"@id":"http:\/\/www.mmpwebtv.eu\/index.php\/2019\/06\/13\/edizione-13-giugno\/#primaryimage"},"datePublished":"2019-06-13T16:57:21+00:00","dateModified":"2019-06-13T16:57:21+00:00","description":"Lo sguardo della MMP Web TV su Forl\u00ec. Questa settimana Pio d'Emilia e i Mercoled\u00ec del Cuore.","breadcrumb":{"@id":"http:\/\/www.mmpwebtv.eu\/index.php\/2019\/06\/13\/edizione-13-giugno\/#breadcrumb"},"inLanguage":"it-IT","potentialAction":[{"@type":"ReadAction","target":["http:\/\/www.mmpwebtv.eu\/index.php\/2019\/06\/13\/edizione-13-giugno\/"]}]},{"@type":"BreadcrumbList","@id":"http:\/\/www.mmpwebtv.eu\/index.php\/2019\/06\/13\/edizione-13-giugno\/#breadcrumb","itemListElement":[{"@type":"ListItem","position":1,"name":"Home","item":"https:\/\/www.mmpwebtv.eu\/"},{"@type":"ListItem","position":2,"name":"Edizione 13 giugno"}]},{"@type":"Article","@id":"http:\/\/www.mmpwebtv.eu\/index.php\/2019\/06\/13\/edizione-13-giugno\/#article","isPartOf":{"@id":"http:\/\/www.mmpwebtv.eu\/index.php\/2019\/06\/13\/edizione-13-giugno\/#webpage"},"author":{"@id":"https:\/\/www.mmpwebtv.eu\/#\/schema\/person\/4848c65626d1588551e847f88cda447a"},"headline":"Edizione 13 giugno","datePublished":"2019-06-13T16:57:21+00:00","dateModified":"2019-06-13T16:57:21+00:00","mainEntityOfPage":{"@id":"http:\/\/www.mmpwebtv.eu\/index.php\/2019\/06\/13\/edizione-13-giugno\/#webpage"},"wordCount":82,"publisher":{"@id":"https:\/\/www.mmpwebtv.eu\/#organization"},"image":{"@id":"http:\/\/www.mmpwebtv.eu\/index.php\/2019\/06\/13\/edizione-13-giugno\/#primaryimage"},"thumbnailUrl":"http:\/\/www.mmpwebtv.eu\/wp-content\/uploads\/2019\/06\/Anteprima-TGC-sito-e-YouTube-01.png","keywords":["alma mater studiorum","bologna","campus","campus di forl\u00ec","conferenza","forl\u00ec","Forl\u00ec nel cuore","intervista","Mass Media e Politica","Mercoled\u00ec","Mercoled\u00ec del Cuore","MMP Web Tv","Pio d'Emilia","Rohingya","romagna","SkyTg24","TGCampus","Universit\u00e0 di Bologna","webtv"],"articleSection":["TG Campus"],"inLanguage":"it-IT"},{"@type":"Person","@id":"https:\/\/www.mmpwebtv.eu\/#\/schema\/person\/4848c65626d1588551e847f88cda447a","name":"admin","image":{"@type":"ImageObject","@id":"https:\/\/www.mmpwebtv.eu\/#personlogo","inLanguage":"it-IT","url":"http:\/\/0.gravatar.com\/avatar\/364ff6b737993d84049599bd8bd08384?s=96&d=mm&r=g","contentUrl":"http:\/\/0.gravatar.com\/avatar\/364ff6b737993d84049599bd8bd08384?s=96&d=mm&r=g","caption":"admin"}}]}},"_links":{"self":[{"href":"http:\/\/www.mmpwebtv.eu\/index.php\/wp-json\/wp\/v2\/posts\/1032"}],"collection":[{"href":"http:\/\/www.mmpwebtv.eu\/index.php\/wp-json\/wp\/v2\/posts"}],"about":[{"href":"http:\/\/www.mmpwebtv.eu\/index.php\/wp-json\/wp\/v2\/types\/post"}],"author":[{"embeddable":true,"href":"http:\/\/www.mmpwebtv.eu\/index.php\/wp-json\/wp\/v2\/users\/1"}],"replies":[{"embeddable":true,"href":"http:\/\/www.mmpwebtv.eu\/index.php\/wp-json\/wp\/v2\/comments?post=1032"}],"version-history":[{"count":1,"href":"http:\/\/www.mmpwebtv.eu\/index.php\/wp-json\/wp\/v2\/posts\/1032\/revisions"}],"predecessor-version":[{"id":1034,"href":"http:\/\/www.mmpwebtv.eu\/index.php\/wp-json\/wp\/v2\/posts\/1032\/revisions\/1034"}],"wp:featuredmedia":[{"embeddable":true,"href":"http:\/\/www.mmpwebtv.eu\/index.php\/wp-json\/wp\/v2\/media\/1033"}],"wp:attachment":[{"href":"http:\/\/www.mmpwebtv.eu\/index.php\/wp-json\/wp\/v2\/media?parent=1032"}],"wp:term":[{"taxonomy":"category","embeddable":true,"href":"http:\/\/www.mmpwebtv.eu\/index.php\/wp-json\/wp\/v2\/categories?post=1032"},{"taxonomy":"post_tag","embeddable":true,"href":"http:\/\/www.mmpwebtv.eu\/index.php\/wp-json\/wp\/v2\/tags?post=1032"}],"curies":[{"name":"wp","href":"https:\/\/api.w.org\/{rel}","templated":true}]}}