{"id":1040,"date":"2019-06-17T17:30:27","date_gmt":"2019-06-17T15:30:27","guid":{"rendered":"http:\/\/www.mmpwebtv.eu\/?p=1040"},"modified":"2019-06-18T17:25:12","modified_gmt":"2019-06-18T15:25:12","slug":"weekly-tips-49","status":"publish","type":"post","link":"http:\/\/www.mmpwebtv.eu\/index.php\/2019\/06\/17\/weekly-tips-49\/","title":{"rendered":"Weekly Tips #49"},"content":{"rendered":"<p>Fotografia, scultura, birra e buon cibo:<br \/>\nEcco cosa vi aspetta questa settimana!<\/p>\n<p><span class=\"_5mfr\"><span class=\"_6qdm\">La mostra fotografica<\/span><\/span> <a class=\"profileLink\" href=\"https:\/\/www.facebook.com\/events\/484415258979739\/?acontext=%7B%22source%22%3A108%2C%22action_history%22%3A%22%5B%7B%5C%22surface%5C%22%3A%5C%22post_page%5C%22%2C%5C%22mechanism%5C%22%3A%5C%22surface%5C%22%2C%5C%22extra_data%5C%22%3A%5B%5D%7D%5D%22%2C%22has_source%22%3Atrue%7D&amp;source=108&amp;action_history=%5B%7B%22surface%22%3A%22post_page%22%2C%22mechanism%22%3A%22surface%22%2C%22extra_data%22%3A%5B%5D%7D%5D&amp;has_source=1&amp;__tn__=K-R&amp;eid=ARDn3IgYLyc8aBf05djCb5O_kLZ5fRxQ1dmPhBcYyvAGjVFVhahRISclwFU2Mee9rPuIZnzUJZcmdG2g&amp;fref=mentions&amp;__xts__%5B0%5D=68.ARA8YIt-aLIFEC7PtqpIgyTOqTKmfDdJSECjWmrcaGnXPqxb4DzeEGXO-P14tWvySJgfL9eRrFzWJ7nT6__0ZrYwsdg0bGGs-YqHKwwu0IzaSw-fsjDdnLZSKiVyh034scUqewbu6zg-HkI5tJ5w00K68YkJJLHdataiHe5ueiVanKc2Iq3lD0x_YAFE0mxR4UiII9u4GJlegzAw_c7cW2jBfAnX1tmZwTa07tcSlK-l3eFcYnkgKkmbmhTV8MfP3Ku6dkZgZTy7i2Ckq_wbRTMIGyGZ8L7muLmrxwzwd0hXT8rvg3uH-7c3I-sypnjQGku34-aiqWPR8cqb\" data-hovercard=\"\/ajax\/hovercard\/event.php?id=484415258979739&amp;extragetparams=%7B%22source%22%3A108%2C%22action_history%22%3A%22%5B%7B%5C%22surface%5C%22%3A%5C%22post_page%5C%22%2C%5C%22mechanism%5C%22%3A%5C%22surface%5C%22%2C%5C%22extra_data%5C%22%3A%5B%5D%7D%5D%22%2C%22has_source%22%3Atrue%2C%22__tn__%22%3A%22%2CdK-R-R%22%2C%22eid%22%3A%22ARDn3IgYLyc8aBf05djCb5O_kLZ5fRxQ1dmPhBcYyvAGjVFVhahRISclwFU2Mee9rPuIZnzUJZcmdG2g%22%2C%22fref%22%3A%22mentions%22%7D\" data-hovercard-prefer-more-content-show=\"1\">Suffragette italiane verso la cittadinanza<\/a>, visitabile dal 15 al 27 giugno presso la Sala Albertini a Forl\u00ec.<br \/>\n<a class=\"profileLink\" href=\"https:\/\/www.facebook.com\/events\/2262518373784166\/?acontext=%7B%22source%22%3A108%2C%22action_history%22%3A%22%5B%7B%5C%22surface%5C%22%3A%5C%22post_page%5C%22%2C%5C%22mechanism%5C%22%3A%5C%22surface%5C%22%2C%5C%22extra_data%5C%22%3A%5B%5D%7D%5D%22%2C%22has_source%22%3Atrue%7D&amp;source=108&amp;action_history=%5B%7B%22surface%22%3A%22post_page%22%2C%22mechanism%22%3A%22surface%22%2C%22extra_data%22%3A%5B%5D%7D%5D&amp;has_source=1&amp;__tn__=K-R&amp;eid=ARC5TzQGU6fCcIhXPJMxAROR3l2uUAOGNBHf-q6Hko9F2LHpgFxl0h7TVK3Fh3cmYYGIXeSEeAap3b5T&amp;fref=mentions&amp;__xts__%5B0%5D=68.ARA8YIt-aLIFEC7PtqpIgyTOqTKmfDdJSECjWmrcaGnXPqxb4DzeEGXO-P14tWvySJgfL9eRrFzWJ7nT6__0ZrYwsdg0bGGs-YqHKwwu0IzaSw-fsjDdnLZSKiVyh034scUqewbu6zg-HkI5tJ5w00K68YkJJLHdataiHe5ueiVanKc2Iq3lD0x_YAFE0mxR4UiII9u4GJlegzAw_c7cW2jBfAnX1tmZwTa07tcSlK-l3eFcYnkgKkmbmhTV8MfP3Ku6dkZgZTy7i2Ckq_wbRTMIGyGZ8L7muLmrxwzwd0hXT8rvg3uH-7c3I-sypnjQGku34-aiqWPR8cqb\" data-hovercard=\"\/ajax\/hovercard\/event.php?id=2262518373784166&amp;extragetparams=%7B%22source%22%3A108%2C%22action_history%22%3A%22%5B%7B%5C%22surface%5C%22%3A%5C%22post_page%5C%22%2C%5C%22mechanism%5C%22%3A%5C%22surface%5C%22%2C%5C%22extra_data%5C%22%3A%5B%5D%7D%5D%22%2C%22has_source%22%3Atrue%2C%22__tn__%22%3A%22%2CdK-R-R%22%2C%22eid%22%3A%22ARC5TzQGU6fCcIhXPJMxAROR3l2uUAOGNBHf-q6Hko9F2LHpgFxl0h7TVK3Fh3cmYYGIXeSEeAap3b5T%22%2C%22fref%22%3A%22mentions%22%7D\" data-hovercard-prefer-more-content-show=\"1\">Le citt\u00e0 invisibili (mai viste) di Calvino tornano a Forl\u00ec<\/a>\u00a0 ad\u00a0<a class=\"profileLink\" href=\"https:\/\/www.facebook.com\/artealmonte\/?__tn__=K-R&amp;eid=ARAuB68LQ4mGs8jSrOHo5ct-09txsKG586oWe_NBfzWZusDeicfaODffgSLkgIx3oMsgKJSkPSlURwhG&amp;fref=mentions&amp;__xts__%5B0%5D=68.ARA8YIt-aLIFEC7PtqpIgyTOqTKmfDdJSECjWmrcaGnXPqxb4DzeEGXO-P14tWvySJgfL9eRrFzWJ7nT6__0ZrYwsdg0bGGs-YqHKwwu0IzaSw-fsjDdnLZSKiVyh034scUqewbu6zg-HkI5tJ5w00K68YkJJLHdataiHe5ueiVanKc2Iq3lD0x_YAFE0mxR4UiII9u4GJlegzAw_c7cW2jBfAnX1tmZwTa07tcSlK-l3eFcYnkgKkmbmhTV8MfP3Ku6dkZgZTy7i2Ckq_wbRTMIGyGZ8L7muLmrxwzwd0hXT8rvg3uH-7c3I-sypnjQGku34-aiqWPR8cqb\" data-hovercard=\"\/ajax\/hovercard\/page.php?id=113364619022808&amp;extragetparams=%7B%22__tn__%22%3A%22%2CdK-R-R%22%2C%22eid%22%3A%22ARAuB68LQ4mGs8jSrOHo5ct-09txsKG586oWe_NBfzWZusDeicfaODffgSLkgIx3oMsgKJSkPSlURwhG%22%2C%22fref%22%3A%22mentions%22%7D\" data-hovercard-prefer-more-content-show=\"1\">ArtealMonte<\/a>\u00a0dal 15 al 30 giugno.<br \/>\nDal 20 al 23 giugno <a class=\"profileLink\" href=\"https:\/\/www.facebook.com\/unangolodigermania\/?__tn__=K-R&amp;eid=ARDZ7bKf9I_GOGzPwnAyZQz2q5KL3MqWzi0FqP3QkXbSqrk0qdJciV6PN-lBSF99hVcMTgfq-iANLo6N&amp;fref=mentions&amp;__xts__%5B0%5D=68.ARA8YIt-aLIFEC7PtqpIgyTOqTKmfDdJSECjWmrcaGnXPqxb4DzeEGXO-P14tWvySJgfL9eRrFzWJ7nT6__0ZrYwsdg0bGGs-YqHKwwu0IzaSw-fsjDdnLZSKiVyh034scUqewbu6zg-HkI5tJ5w00K68YkJJLHdataiHe5ueiVanKc2Iq3lD0x_YAFE0mxR4UiII9u4GJlegzAw_c7cW2jBfAnX1tmZwTa07tcSlK-l3eFcYnkgKkmbmhTV8MfP3Ku6dkZgZTy7i2Ckq_wbRTMIGyGZ8L7muLmrxwzwd0hXT8rvg3uH-7c3I-sypnjQGku34-aiqWPR8cqb\" data-hovercard=\"\/ajax\/hovercard\/page.php?id=246513368862619&amp;extragetparams=%7B%22__tn__%22%3A%22%2CdK-R-R%22%2C%22eid%22%3A%22ARDZ7bKf9I_GOGzPwnAyZQz2q5KL3MqWzi0FqP3QkXbSqrk0qdJciV6PN-lBSF99hVcMTgfq-iANLo6N%22%2C%22fref%22%3A%22mentions%22%7D\" data-hovercard-prefer-more-content-show=\"1\">Un Angolo di Germania<\/a>\u00a0organizza un\u00a0<a class=\"profileLink\" href=\"https:\/\/www.facebook.com\/events\/461596037745707\/?acontext=%7B%22source%22%3A108%2C%22action_history%22%3A%22%5B%7B%5C%22surface%5C%22%3A%5C%22post_page%5C%22%2C%5C%22mechanism%5C%22%3A%5C%22surface%5C%22%2C%5C%22extra_data%5C%22%3A%5B%5D%7D%5D%22%2C%22has_source%22%3Atrue%7D&amp;source=108&amp;action_history=%5B%7B%22surface%22%3A%22post_page%22%2C%22mechanism%22%3A%22surface%22%2C%22extra_data%22%3A%5B%5D%7D%5D&amp;has_source=1&amp;__tn__=K-R&amp;eid=ARAN_qKRVfitU5_AFx7_h9sGtFfmDXuYV5vls0ll3m1gRUUQv3iUgzBlIgIpMirqZF4A9WweyUN-gLxf&amp;fref=mentions&amp;__xts__%5B0%5D=68.ARA8YIt-aLIFEC7PtqpIgyTOqTKmfDdJSECjWmrcaGnXPqxb4DzeEGXO-P14tWvySJgfL9eRrFzWJ7nT6__0ZrYwsdg0bGGs-YqHKwwu0IzaSw-fsjDdnLZSKiVyh034scUqewbu6zg-HkI5tJ5w00K68YkJJLHdataiHe5ueiVanKc2Iq3lD0x_YAFE0mxR4UiII9u4GJlegzAw_c7cW2jBfAnX1tmZwTa07tcSlK-l3eFcYnkgKkmbmhTV8MfP3Ku6dkZgZTy7i2Ckq_wbRTMIGyGZ8L7muLmrxwzwd0hXT8rvg3uH-7c3I-sypnjQGku34-aiqWPR8cqb\" data-hovercard=\"\/ajax\/hovercard\/event.php?id=461596037745707&amp;extragetparams=%7B%22source%22%3A108%2C%22action_history%22%3A%22%5B%7B%5C%22surface%5C%22%3A%5C%22post_page%5C%22%2C%5C%22mechanism%5C%22%3A%5C%22surface%5C%22%2C%5C%22extra_data%5C%22%3A%5B%5D%7D%5D%22%2C%22has_source%22%3Atrue%2C%22__tn__%22%3A%22%2CdK-R-R%22%2C%22eid%22%3A%22ARAN_qKRVfitU5_AFx7_h9sGtFfmDXuYV5vls0ll3m1gRUUQv3iUgzBlIgIpMirqZF4A9WweyUN-gLxf%22%2C%22fref%22%3A%22mentions%22%7D\" data-hovercard-prefer-more-content-show=\"1\">Sommerfest<\/a>, tra cibo, birra e musica.<br \/>\nDal 22 al 30 torna la\u00a0<a class=\"profileLink\" href=\"https:\/\/www.facebook.com\/festaartusiana\/?__tn__=K-R&amp;eid=ARBfqXQokbAZa93JLnfeF8bCBjfNfXsG25rfP6XdBGMHFbpeESRMrpDLTZS28Ilr3UCnWd7qjlJbvX55&amp;fref=mentions&amp;__xts__%5B0%5D=68.ARA8YIt-aLIFEC7PtqpIgyTOqTKmfDdJSECjWmrcaGnXPqxb4DzeEGXO-P14tWvySJgfL9eRrFzWJ7nT6__0ZrYwsdg0bGGs-YqHKwwu0IzaSw-fsjDdnLZSKiVyh034scUqewbu6zg-HkI5tJ5w00K68YkJJLHdataiHe5ueiVanKc2Iq3lD0x_YAFE0mxR4UiII9u4GJlegzAw_c7cW2jBfAnX1tmZwTa07tcSlK-l3eFcYnkgKkmbmhTV8MfP3Ku6dkZgZTy7i2Ckq_wbRTMIGyGZ8L7muLmrxwzwd0hXT8rvg3uH-7c3I-sypnjQGku34-aiqWPR8cqb\" data-hovercard=\"\/ajax\/hovercard\/page.php?id=90602736581&amp;extragetparams=%7B%22__tn__%22%3A%22%2CdK-R-R%22%2C%22eid%22%3A%22ARBfqXQokbAZa93JLnfeF8bCBjfNfXsG25rfP6XdBGMHFbpeESRMrpDLTZS28Ilr3UCnWd7qjlJbvX55%22%2C%22fref%22%3A%22mentions%22%7D\" data-hovercard-prefer-more-content-show=\"1\">Festa Artusiana Forlimpopoli<\/a>\u00a0con la sua XXIII edizione.<\/p>\n","protected":false},"excerpt":{"rendered":"<p>Fotografia, scultura, birra e buon cibo: Ecco cosa vi aspetta questa settimana! La mostra fotografica Suffragette italiane verso la cittadinanza, visitabile dal 15 al 27 giugno presso la Sala Albertini a Forl\u00ec. Le citt\u00e0 invisibili (mai viste) di Calvino tornano a Forl\u00ec\u00a0 ad\u00a0ArtealMonte\u00a0dal 15 al 30 giugno. Dal 20 al 23 giugno Un Angolo di [&hellip;]<\/p>\n","protected":false},"author":1,"featured_media":979,"comment_status":"closed","ping_status":"closed","sticky":false,"template":"","format":"video","meta":[],"categories":[221],"tags":[537,323,75,847,205,185,13,206,417,850,421,17,119,16,846,264,481,341,333,94,849,233,845,848,220],"yoast_head":"<!-- This site is optimized with the Yoast SEO plugin v17.9 - https:\/\/yoast.com\/wordpress\/plugins\/seo\/ -->\n<title>Weekly Tips #49 &bull; MMP Web TV<\/title>\n<meta name=\"description\" content=\"Fotografia, scultura, musica e buon cibo: i consigli della MMP Web TV per gli imperdibili eventi in Romagna di questa settimana.\" \/>\n<meta name=\"robots\" content=\"noindex, follow\" \/>\n<meta property=\"og:locale\" content=\"it_IT\" \/>\n<meta property=\"og:type\" content=\"article\" \/>\n<meta property=\"og:title\" content=\"Weekly Tips #49 &bull; MMP Web TV\" \/>\n<meta property=\"og:description\" content=\"Fotografia, scultura, musica e buon cibo: i consigli della MMP Web TV per gli imperdibili eventi in Romagna di questa settimana.\" \/>\n<meta property=\"og:url\" content=\"http:\/\/www.mmpwebtv.eu\/index.php\/2019\/06\/17\/weekly-tips-49\/\" \/>\n<meta property=\"og:site_name\" content=\"MMP Web TV\" \/>\n<meta property=\"article:publisher\" content=\"https:\/\/www.facebook.com\/mmpwebtv\/\" \/>\n<meta property=\"article:published_time\" content=\"2019-06-17T15:30:27+00:00\" \/>\n<meta property=\"article:modified_time\" content=\"2019-06-18T15:25:12+00:00\" \/>\n<meta property=\"og:image\" content=\"http:\/\/www.mmpwebtv.eu\/wp-content\/uploads\/2019\/05\/Schermata-2019-05-13-alle-18.16.05.png\" \/>\n\t<meta property=\"og:image:width\" content=\"3388\" \/>\n\t<meta property=\"og:image:height\" content=\"1796\" \/>\n\t<meta property=\"og:image:type\" content=\"image\/png\" \/>\n<meta name=\"twitter:card\" content=\"summary_large_image\" \/>\n<meta name=\"twitter:label1\" content=\"Scritto da\" \/>\n\t<meta name=\"twitter:data1\" content=\"admin\" \/>\n<script type=\"application\/ld+json\" class=\"yoast-schema-graph\">{\"@context\":\"https:\/\/schema.org\",\"@graph\":[{\"@type\":\"Organization\",\"@id\":\"https:\/\/www.mmpwebtv.eu\/#organization\",\"name\":\"MMP WebTV\",\"url\":\"https:\/\/www.mmpwebtv.eu\/\",\"sameAs\":[\"https:\/\/www.facebook.com\/mmpwebtv\/\",\"https:\/\/www.instagram.com\/mmpwebtv\/\"],\"logo\":{\"@type\":\"ImageObject\",\"@id\":\"https:\/\/www.mmpwebtv.eu\/#logo\",\"inLanguage\":\"it-IT\",\"url\":\"https:\/\/www.mmpwebtv.eu\/wp-content\/uploads\/2017\/04\/Logo-MMP-WebTv-02.png\",\"contentUrl\":\"https:\/\/www.mmpwebtv.eu\/wp-content\/uploads\/2017\/04\/Logo-MMP-WebTv-02.png\",\"width\":8000,\"height\":4500,\"caption\":\"MMP WebTV\"},\"image\":{\"@id\":\"https:\/\/www.mmpwebtv.eu\/#logo\"}},{\"@type\":\"WebSite\",\"@id\":\"https:\/\/www.mmpwebtv.eu\/#website\",\"url\":\"https:\/\/www.mmpwebtv.eu\/\",\"name\":\"MMP Web TV\",\"description\":\"La Web TV del Campus di Forl\\u00ec\",\"publisher\":{\"@id\":\"https:\/\/www.mmpwebtv.eu\/#organization\"},\"potentialAction\":[{\"@type\":\"SearchAction\",\"target\":{\"@type\":\"EntryPoint\",\"urlTemplate\":\"https:\/\/www.mmpwebtv.eu\/?s={search_term_string}\"},\"query-input\":\"required name=search_term_string\"}],\"inLanguage\":\"it-IT\"},{\"@type\":\"ImageObject\",\"@id\":\"http:\/\/www.mmpwebtv.eu\/index.php\/2019\/06\/17\/weekly-tips-49\/#primaryimage\",\"inLanguage\":\"it-IT\",\"url\":\"http:\/\/www.mmpwebtv.eu\/wp-content\/uploads\/2019\/05\/Schermata-2019-05-13-alle-18.16.05.png\",\"contentUrl\":\"http:\/\/www.mmpwebtv.eu\/wp-content\/uploads\/2019\/05\/Schermata-2019-05-13-alle-18.16.05.png\",\"width\":3388,\"height\":1796,\"caption\":\"Weekly Tips, eventi Romagna e Forl\\u00ec\"},{\"@type\":\"WebPage\",\"@id\":\"http:\/\/www.mmpwebtv.eu\/index.php\/2019\/06\/17\/weekly-tips-49\/#webpage\",\"url\":\"http:\/\/www.mmpwebtv.eu\/index.php\/2019\/06\/17\/weekly-tips-49\/\",\"name\":\"Weekly Tips #49 &bull; MMP Web TV\",\"isPartOf\":{\"@id\":\"https:\/\/www.mmpwebtv.eu\/#website\"},\"primaryImageOfPage\":{\"@id\":\"http:\/\/www.mmpwebtv.eu\/index.php\/2019\/06\/17\/weekly-tips-49\/#primaryimage\"},\"datePublished\":\"2019-06-17T15:30:27+00:00\",\"dateModified\":\"2019-06-18T15:25:12+00:00\",\"description\":\"Fotografia, scultura, musica e buon cibo: i consigli della MMP Web TV per gli imperdibili eventi in Romagna di questa settimana.\",\"breadcrumb\":{\"@id\":\"http:\/\/www.mmpwebtv.eu\/index.php\/2019\/06\/17\/weekly-tips-49\/#breadcrumb\"},\"inLanguage\":\"it-IT\",\"potentialAction\":[{\"@type\":\"ReadAction\",\"target\":[\"http:\/\/www.mmpwebtv.eu\/index.php\/2019\/06\/17\/weekly-tips-49\/\"]}]},{\"@type\":\"BreadcrumbList\",\"@id\":\"http:\/\/www.mmpwebtv.eu\/index.php\/2019\/06\/17\/weekly-tips-49\/#breadcrumb\",\"itemListElement\":[{\"@type\":\"ListItem\",\"position\":1,\"name\":\"Home\",\"item\":\"https:\/\/www.mmpwebtv.eu\/\"},{\"@type\":\"ListItem\",\"position\":2,\"name\":\"Weekly Tips #49\"}]},{\"@type\":\"Article\",\"@id\":\"http:\/\/www.mmpwebtv.eu\/index.php\/2019\/06\/17\/weekly-tips-49\/#article\",\"isPartOf\":{\"@id\":\"http:\/\/www.mmpwebtv.eu\/index.php\/2019\/06\/17\/weekly-tips-49\/#webpage\"},\"author\":{\"@id\":\"https:\/\/www.mmpwebtv.eu\/#\/schema\/person\/4848c65626d1588551e847f88cda447a\"},\"headline\":\"Weekly Tips #49\",\"datePublished\":\"2019-06-17T15:30:27+00:00\",\"dateModified\":\"2019-06-18T15:25:12+00:00\",\"mainEntityOfPage\":{\"@id\":\"http:\/\/www.mmpwebtv.eu\/index.php\/2019\/06\/17\/weekly-tips-49\/#webpage\"},\"wordCount\":74,\"publisher\":{\"@id\":\"https:\/\/www.mmpwebtv.eu\/#organization\"},\"image\":{\"@id\":\"http:\/\/www.mmpwebtv.eu\/index.php\/2019\/06\/17\/weekly-tips-49\/#primaryimage\"},\"thumbnailUrl\":\"http:\/\/www.mmpwebtv.eu\/wp-content\/uploads\/2019\/05\/Schermata-2019-05-13-alle-18.16.05.png\",\"keywords\":[\"Arte al Monte\",\"artealmonte\",\"campus di forl\\u00ec\",\"Emilia romagna\",\"festa artusiana\",\"fondazione cassa dei risparmi di forl\\u00ec\",\"forl\\u00ec\",\"forlimpopoli\",\"Fotografia\",\"italo calvino\",\"Le citt\\u00e0 invisibili\",\"mmp\",\"MMP webTV\",\"mmpwebtv\",\"mostre\",\"Musica\",\"Palazzo Monte di piet\\u00e0\",\"pellegrino artusi\",\"Piazza Saffi\",\"romagna\",\"sommerfest\",\"studenti\",\"Suffragette\",\"un angolo di germania\",\"weekly tips\"],\"articleSection\":[\"Weekly Tips\"],\"inLanguage\":\"it-IT\"},{\"@type\":\"Person\",\"@id\":\"https:\/\/www.mmpwebtv.eu\/#\/schema\/person\/4848c65626d1588551e847f88cda447a\",\"name\":\"admin\",\"image\":{\"@type\":\"ImageObject\",\"@id\":\"https:\/\/www.mmpwebtv.eu\/#personlogo\",\"inLanguage\":\"it-IT\",\"url\":\"http:\/\/0.gravatar.com\/avatar\/364ff6b737993d84049599bd8bd08384?s=96&d=mm&r=g\",\"contentUrl\":\"http:\/\/0.gravatar.com\/avatar\/364ff6b737993d84049599bd8bd08384?s=96&d=mm&r=g\",\"caption\":\"admin\"}}]}<\/script>\n<!-- \/ Yoast SEO plugin. -->","yoast_head_json":{"title":"Weekly Tips #49 &bull; MMP Web TV","description":"Fotografia, scultura, musica e buon cibo: i consigli della MMP Web TV per gli imperdibili eventi in Romagna di questa settimana.","robots":{"index":"noindex","follow":"follow"},"og_locale":"it_IT","og_type":"article","og_title":"Weekly Tips #49 &bull; MMP Web TV","og_description":"Fotografia, scultura, musica e buon cibo: i consigli della MMP Web TV per gli imperdibili eventi in Romagna di questa settimana.","og_url":"http:\/\/www.mmpwebtv.eu\/index.php\/2019\/06\/17\/weekly-tips-49\/","og_site_name":"MMP Web TV","article_publisher":"https:\/\/www.facebook.com\/mmpwebtv\/","article_published_time":"2019-06-17T15:30:27+00:00","article_modified_time":"2019-06-18T15:25:12+00:00","og_image":[{"width":3388,"height":1796,"url":"http:\/\/www.mmpwebtv.eu\/wp-content\/uploads\/2019\/05\/Schermata-2019-05-13-alle-18.16.05.png","type":"image\/png"}],"twitter_card":"summary_large_image","twitter_misc":{"Scritto da":"admin"},"schema":{"@context":"https:\/\/schema.org","@graph":[{"@type":"Organization","@id":"https:\/\/www.mmpwebtv.eu\/#organization","name":"MMP WebTV","url":"https:\/\/www.mmpwebtv.eu\/","sameAs":["https:\/\/www.facebook.com\/mmpwebtv\/","https:\/\/www.instagram.com\/mmpwebtv\/"],"logo":{"@type":"ImageObject","@id":"https:\/\/www.mmpwebtv.eu\/#logo","inLanguage":"it-IT","url":"https:\/\/www.mmpwebtv.eu\/wp-content\/uploads\/2017\/04\/Logo-MMP-WebTv-02.png","contentUrl":"https:\/\/www.mmpwebtv.eu\/wp-content\/uploads\/2017\/04\/Logo-MMP-WebTv-02.png","width":8000,"height":4500,"caption":"MMP WebTV"},"image":{"@id":"https:\/\/www.mmpwebtv.eu\/#logo"}},{"@type":"WebSite","@id":"https:\/\/www.mmpwebtv.eu\/#website","url":"https:\/\/www.mmpwebtv.eu\/","name":"MMP Web TV","description":"La Web TV del Campus di Forl\u00ec","publisher":{"@id":"https:\/\/www.mmpwebtv.eu\/#organization"},"potentialAction":[{"@type":"SearchAction","target":{"@type":"EntryPoint","urlTemplate":"https:\/\/www.mmpwebtv.eu\/?s={search_term_string}"},"query-input":"required name=search_term_string"}],"inLanguage":"it-IT"},{"@type":"ImageObject","@id":"http:\/\/www.mmpwebtv.eu\/index.php\/2019\/06\/17\/weekly-tips-49\/#primaryimage","inLanguage":"it-IT","url":"http:\/\/www.mmpwebtv.eu\/wp-content\/uploads\/2019\/05\/Schermata-2019-05-13-alle-18.16.05.png","contentUrl":"http:\/\/www.mmpwebtv.eu\/wp-content\/uploads\/2019\/05\/Schermata-2019-05-13-alle-18.16.05.png","width":3388,"height":1796,"caption":"Weekly Tips, eventi Romagna e Forl\u00ec"},{"@type":"WebPage","@id":"http:\/\/www.mmpwebtv.eu\/index.php\/2019\/06\/17\/weekly-tips-49\/#webpage","url":"http:\/\/www.mmpwebtv.eu\/index.php\/2019\/06\/17\/weekly-tips-49\/","name":"Weekly Tips #49 &bull; MMP Web TV","isPartOf":{"@id":"https:\/\/www.mmpwebtv.eu\/#website"},"primaryImageOfPage":{"@id":"http:\/\/www.mmpwebtv.eu\/index.php\/2019\/06\/17\/weekly-tips-49\/#primaryimage"},"datePublished":"2019-06-17T15:30:27+00:00","dateModified":"2019-06-18T15:25:12+00:00","description":"Fotografia, scultura, musica e buon cibo: i consigli della MMP Web TV per gli imperdibili eventi in Romagna di questa settimana.","breadcrumb":{"@id":"http:\/\/www.mmpwebtv.eu\/index.php\/2019\/06\/17\/weekly-tips-49\/#breadcrumb"},"inLanguage":"it-IT","potentialAction":[{"@type":"ReadAction","target":["http:\/\/www.mmpwebtv.eu\/index.php\/2019\/06\/17\/weekly-tips-49\/"]}]},{"@type":"BreadcrumbList","@id":"http:\/\/www.mmpwebtv.eu\/index.php\/2019\/06\/17\/weekly-tips-49\/#breadcrumb","itemListElement":[{"@type":"ListItem","position":1,"name":"Home","item":"https:\/\/www.mmpwebtv.eu\/"},{"@type":"ListItem","position":2,"name":"Weekly Tips #49"}]},{"@type":"Article","@id":"http:\/\/www.mmpwebtv.eu\/index.php\/2019\/06\/17\/weekly-tips-49\/#article","isPartOf":{"@id":"http:\/\/www.mmpwebtv.eu\/index.php\/2019\/06\/17\/weekly-tips-49\/#webpage"},"author":{"@id":"https:\/\/www.mmpwebtv.eu\/#\/schema\/person\/4848c65626d1588551e847f88cda447a"},"headline":"Weekly Tips #49","datePublished":"2019-06-17T15:30:27+00:00","dateModified":"2019-06-18T15:25:12+00:00","mainEntityOfPage":{"@id":"http:\/\/www.mmpwebtv.eu\/index.php\/2019\/06\/17\/weekly-tips-49\/#webpage"},"wordCount":74,"publisher":{"@id":"https:\/\/www.mmpwebtv.eu\/#organization"},"image":{"@id":"http:\/\/www.mmpwebtv.eu\/index.php\/2019\/06\/17\/weekly-tips-49\/#primaryimage"},"thumbnailUrl":"http:\/\/www.mmpwebtv.eu\/wp-content\/uploads\/2019\/05\/Schermata-2019-05-13-alle-18.16.05.png","keywords":["Arte al Monte","artealmonte","campus di forl\u00ec","Emilia romagna","festa artusiana","fondazione cassa dei risparmi di forl\u00ec","forl\u00ec","forlimpopoli","Fotografia","italo calvino","Le citt\u00e0 invisibili","mmp","MMP webTV","mmpwebtv","mostre","Musica","Palazzo Monte di piet\u00e0","pellegrino artusi","Piazza Saffi","romagna","sommerfest","studenti","Suffragette","un angolo di germania","weekly tips"],"articleSection":["Weekly Tips"],"inLanguage":"it-IT"},{"@type":"Person","@id":"https:\/\/www.mmpwebtv.eu\/#\/schema\/person\/4848c65626d1588551e847f88cda447a","name":"admin","image":{"@type":"ImageObject","@id":"https:\/\/www.mmpwebtv.eu\/#personlogo","inLanguage":"it-IT","url":"http:\/\/0.gravatar.com\/avatar\/364ff6b737993d84049599bd8bd08384?s=96&d=mm&r=g","contentUrl":"http:\/\/0.gravatar.com\/avatar\/364ff6b737993d84049599bd8bd08384?s=96&d=mm&r=g","caption":"admin"}}]}},"_links":{"self":[{"href":"http:\/\/www.mmpwebtv.eu\/index.php\/wp-json\/wp\/v2\/posts\/1040"}],"collection":[{"href":"http:\/\/www.mmpwebtv.eu\/index.php\/wp-json\/wp\/v2\/posts"}],"about":[{"href":"http:\/\/www.mmpwebtv.eu\/index.php\/wp-json\/wp\/v2\/types\/post"}],"author":[{"embeddable":true,"href":"http:\/\/www.mmpwebtv.eu\/index.php\/wp-json\/wp\/v2\/users\/1"}],"replies":[{"embeddable":true,"href":"http:\/\/www.mmpwebtv.eu\/index.php\/wp-json\/wp\/v2\/comments?post=1040"}],"version-history":[{"count":1,"href":"http:\/\/www.mmpwebtv.eu\/index.php\/wp-json\/wp\/v2\/posts\/1040\/revisions"}],"predecessor-version":[{"id":1042,"href":"http:\/\/www.mmpwebtv.eu\/index.php\/wp-json\/wp\/v2\/posts\/1040\/revisions\/1042"}],"wp:featuredmedia":[{"embeddable":true,"href":"http:\/\/www.mmpwebtv.eu\/index.php\/wp-json\/wp\/v2\/media\/979"}],"wp:attachment":[{"href":"http:\/\/www.mmpwebtv.eu\/index.php\/wp-json\/wp\/v2\/media?parent=1040"}],"wp:term":[{"taxonomy":"category","embeddable":true,"href":"http:\/\/www.mmpwebtv.eu\/index.php\/wp-json\/wp\/v2\/categories?post=1040"},{"taxonomy":"post_tag","embeddable":true,"href":"http:\/\/www.mmpwebtv.eu\/index.php\/wp-json\/wp\/v2\/tags?post=1040"}],"curies":[{"name":"wp","href":"https:\/\/api.w.org\/{rel}","templated":true}]}}