{"id":1075,"date":"2019-07-05T18:00:18","date_gmt":"2019-07-05T16:00:18","guid":{"rendered":"http:\/\/www.mmpwebtv.eu\/?p=1075"},"modified":"2019-07-16T09:45:35","modified_gmt":"2019-07-16T07:45:35","slug":"caffe-col-prof-augusto-valeriani","status":"publish","type":"post","link":"http:\/\/www.mmpwebtv.eu\/index.php\/2019\/07\/05\/caffe-col-prof-augusto-valeriani\/","title":{"rendered":"Caff\u00e8 col Prof \u2219 Augusto Valeriani"},"content":{"rendered":"<p>Sapete perch\u00e9 il nome utente sui social del professor <strong>Augusto Valeriani<\/strong> \u00e8 @barbapreta?<\/p>\n<p>Non ci crederete mai, state a vedere!<\/p>\n","protected":false},"excerpt":{"rendered":"<p>Sapete perch\u00e9 il nome utente sui social del professor Augusto Valeriani \u00e8 @barbapreta? Non ci crederete mai, state a vedere!<\/p>\n","protected":false},"author":1,"featured_media":1076,"comment_status":"closed","ping_status":"closed","sticky":false,"template":"","format":"video","meta":[],"categories":[719],"tags":[130,79,12,720,75,897,13,896,436,511,898,899,120,895],"yoast_head":"<!-- This site is optimized with the Yoast SEO plugin v17.9 - https:\/\/yoast.com\/wordpress\/plugins\/seo\/ -->\n<title>Caff\u00e8 col Prof &bull; Augusto Valeriani &bull; MMP Web TV<\/title>\n<meta name=\"description\" content=\"Oggi \u00e8 Augusto Valeriani a prendere il caff\u00e8 con noi. In questa puntata ci rivela cose sul suo conto che tutti vorrebbero sapere!\" \/>\n<meta name=\"robots\" content=\"noindex, follow\" \/>\n<meta property=\"og:locale\" content=\"it_IT\" \/>\n<meta property=\"og:type\" content=\"article\" \/>\n<meta property=\"og:title\" content=\"Caff\u00e8 col Prof &bull; Augusto Valeriani &bull; MMP Web TV\" \/>\n<meta property=\"og:description\" content=\"Oggi \u00e8 Augusto Valeriani a prendere il caff\u00e8 con noi. In questa puntata ci rivela cose sul suo conto che tutti vorrebbero sapere!\" \/>\n<meta property=\"og:url\" content=\"http:\/\/www.mmpwebtv.eu\/index.php\/2019\/07\/05\/caffe-col-prof-augusto-valeriani\/\" \/>\n<meta property=\"og:site_name\" content=\"MMP Web TV\" \/>\n<meta property=\"article:publisher\" content=\"https:\/\/www.facebook.com\/mmpwebtv\/\" \/>\n<meta property=\"article:published_time\" content=\"2019-07-05T16:00:18+00:00\" \/>\n<meta property=\"article:modified_time\" content=\"2019-07-16T07:45:35+00:00\" \/>\n<meta property=\"og:image\" content=\"http:\/\/www.mmpwebtv.eu\/wp-content\/uploads\/2019\/07\/Thumb-sito-CCP-Valeriani.png\" \/>\n\t<meta property=\"og:image:width\" content=\"7667\" \/>\n\t<meta property=\"og:image:height\" content=\"4500\" \/>\n\t<meta property=\"og:image:type\" content=\"image\/png\" \/>\n<meta name=\"twitter:card\" content=\"summary_large_image\" \/>\n<meta name=\"twitter:label1\" content=\"Scritto da\" \/>\n\t<meta name=\"twitter:data1\" content=\"admin\" \/>\n<script type=\"application\/ld+json\" class=\"yoast-schema-graph\">{\"@context\":\"https:\/\/schema.org\",\"@graph\":[{\"@type\":\"Organization\",\"@id\":\"https:\/\/www.mmpwebtv.eu\/#organization\",\"name\":\"MMP WebTV\",\"url\":\"https:\/\/www.mmpwebtv.eu\/\",\"sameAs\":[\"https:\/\/www.facebook.com\/mmpwebtv\/\",\"https:\/\/www.instagram.com\/mmpwebtv\/\"],\"logo\":{\"@type\":\"ImageObject\",\"@id\":\"https:\/\/www.mmpwebtv.eu\/#logo\",\"inLanguage\":\"it-IT\",\"url\":\"https:\/\/www.mmpwebtv.eu\/wp-content\/uploads\/2017\/04\/Logo-MMP-WebTv-02.png\",\"contentUrl\":\"https:\/\/www.mmpwebtv.eu\/wp-content\/uploads\/2017\/04\/Logo-MMP-WebTv-02.png\",\"width\":8000,\"height\":4500,\"caption\":\"MMP WebTV\"},\"image\":{\"@id\":\"https:\/\/www.mmpwebtv.eu\/#logo\"}},{\"@type\":\"WebSite\",\"@id\":\"https:\/\/www.mmpwebtv.eu\/#website\",\"url\":\"https:\/\/www.mmpwebtv.eu\/\",\"name\":\"MMP Web TV\",\"description\":\"La Web TV del Campus di Forl\\u00ec\",\"publisher\":{\"@id\":\"https:\/\/www.mmpwebtv.eu\/#organization\"},\"potentialAction\":[{\"@type\":\"SearchAction\",\"target\":{\"@type\":\"EntryPoint\",\"urlTemplate\":\"https:\/\/www.mmpwebtv.eu\/?s={search_term_string}\"},\"query-input\":\"required name=search_term_string\"}],\"inLanguage\":\"it-IT\"},{\"@type\":\"ImageObject\",\"@id\":\"http:\/\/www.mmpwebtv.eu\/index.php\/2019\/07\/05\/caffe-col-prof-augusto-valeriani\/#primaryimage\",\"inLanguage\":\"it-IT\",\"url\":\"http:\/\/www.mmpwebtv.eu\/wp-content\/uploads\/2019\/07\/Thumb-sito-CCP-Valeriani.png\",\"contentUrl\":\"http:\/\/www.mmpwebtv.eu\/wp-content\/uploads\/2019\/07\/Thumb-sito-CCP-Valeriani.png\",\"width\":7667,\"height\":4500,\"caption\":\"Augusto Valeriani Unibo Comunicazione\"},{\"@type\":\"WebPage\",\"@id\":\"http:\/\/www.mmpwebtv.eu\/index.php\/2019\/07\/05\/caffe-col-prof-augusto-valeriani\/#webpage\",\"url\":\"http:\/\/www.mmpwebtv.eu\/index.php\/2019\/07\/05\/caffe-col-prof-augusto-valeriani\/\",\"name\":\"Caff\\u00e8 col Prof &bull; Augusto Valeriani &bull; MMP Web TV\",\"isPartOf\":{\"@id\":\"https:\/\/www.mmpwebtv.eu\/#website\"},\"primaryImageOfPage\":{\"@id\":\"http:\/\/www.mmpwebtv.eu\/index.php\/2019\/07\/05\/caffe-col-prof-augusto-valeriani\/#primaryimage\"},\"datePublished\":\"2019-07-05T16:00:18+00:00\",\"dateModified\":\"2019-07-16T07:45:35+00:00\",\"description\":\"Oggi \\u00e8 Augusto Valeriani a prendere il caff\\u00e8 con noi. In questa puntata ci rivela cose sul suo conto che tutti vorrebbero sapere!\",\"breadcrumb\":{\"@id\":\"http:\/\/www.mmpwebtv.eu\/index.php\/2019\/07\/05\/caffe-col-prof-augusto-valeriani\/#breadcrumb\"},\"inLanguage\":\"it-IT\",\"potentialAction\":[{\"@type\":\"ReadAction\",\"target\":[\"http:\/\/www.mmpwebtv.eu\/index.php\/2019\/07\/05\/caffe-col-prof-augusto-valeriani\/\"]}]},{\"@type\":\"BreadcrumbList\",\"@id\":\"http:\/\/www.mmpwebtv.eu\/index.php\/2019\/07\/05\/caffe-col-prof-augusto-valeriani\/#breadcrumb\",\"itemListElement\":[{\"@type\":\"ListItem\",\"position\":1,\"name\":\"Home\",\"item\":\"https:\/\/www.mmpwebtv.eu\/\"},{\"@type\":\"ListItem\",\"position\":2,\"name\":\"Caff\\u00e8 col Prof \\u2219 Augusto Valeriani\"}]},{\"@type\":\"Article\",\"@id\":\"http:\/\/www.mmpwebtv.eu\/index.php\/2019\/07\/05\/caffe-col-prof-augusto-valeriani\/#article\",\"isPartOf\":{\"@id\":\"http:\/\/www.mmpwebtv.eu\/index.php\/2019\/07\/05\/caffe-col-prof-augusto-valeriani\/#webpage\"},\"author\":{\"@id\":\"https:\/\/www.mmpwebtv.eu\/#\/schema\/person\/4848c65626d1588551e847f88cda447a\"},\"headline\":\"Caff\\u00e8 col Prof \\u2219 Augusto Valeriani\",\"datePublished\":\"2019-07-05T16:00:18+00:00\",\"dateModified\":\"2019-07-16T07:45:35+00:00\",\"mainEntityOfPage\":{\"@id\":\"http:\/\/www.mmpwebtv.eu\/index.php\/2019\/07\/05\/caffe-col-prof-augusto-valeriani\/#webpage\"},\"wordCount\":24,\"publisher\":{\"@id\":\"https:\/\/www.mmpwebtv.eu\/#organization\"},\"image\":{\"@id\":\"http:\/\/www.mmpwebtv.eu\/index.php\/2019\/07\/05\/caffe-col-prof-augusto-valeriani\/#primaryimage\"},\"thumbnailUrl\":\"http:\/\/www.mmpwebtv.eu\/wp-content\/uploads\/2019\/07\/Thumb-sito-CCP-Valeriani.png\",\"keywords\":[\"alma mater studiorum\",\"augusto valeriani\",\"bologna\",\"caff\\u00e8 col prof\",\"campus di forl\\u00ec\",\"country\",\"forl\\u00ec\",\"indie folk\",\"Professore\",\"Teaching Hub\",\"The handsome family\",\"True Detective\",\"Universit\\u00e0 di Bologna\",\"Valeriani Unibo\"],\"articleSection\":[\"Caff\\u00e8 col Prof\"],\"inLanguage\":\"it-IT\"},{\"@type\":\"Person\",\"@id\":\"https:\/\/www.mmpwebtv.eu\/#\/schema\/person\/4848c65626d1588551e847f88cda447a\",\"name\":\"admin\",\"image\":{\"@type\":\"ImageObject\",\"@id\":\"https:\/\/www.mmpwebtv.eu\/#personlogo\",\"inLanguage\":\"it-IT\",\"url\":\"http:\/\/0.gravatar.com\/avatar\/364ff6b737993d84049599bd8bd08384?s=96&d=mm&r=g\",\"contentUrl\":\"http:\/\/0.gravatar.com\/avatar\/364ff6b737993d84049599bd8bd08384?s=96&d=mm&r=g\",\"caption\":\"admin\"}}]}<\/script>\n<!-- \/ Yoast SEO plugin. -->","yoast_head_json":{"title":"Caff\u00e8 col Prof &bull; Augusto Valeriani &bull; MMP Web TV","description":"Oggi \u00e8 Augusto Valeriani a prendere il caff\u00e8 con noi. In questa puntata ci rivela cose sul suo conto che tutti vorrebbero sapere!","robots":{"index":"noindex","follow":"follow"},"og_locale":"it_IT","og_type":"article","og_title":"Caff\u00e8 col Prof &bull; Augusto Valeriani &bull; MMP Web TV","og_description":"Oggi \u00e8 Augusto Valeriani a prendere il caff\u00e8 con noi. In questa puntata ci rivela cose sul suo conto che tutti vorrebbero sapere!","og_url":"http:\/\/www.mmpwebtv.eu\/index.php\/2019\/07\/05\/caffe-col-prof-augusto-valeriani\/","og_site_name":"MMP Web TV","article_publisher":"https:\/\/www.facebook.com\/mmpwebtv\/","article_published_time":"2019-07-05T16:00:18+00:00","article_modified_time":"2019-07-16T07:45:35+00:00","og_image":[{"width":7667,"height":4500,"url":"http:\/\/www.mmpwebtv.eu\/wp-content\/uploads\/2019\/07\/Thumb-sito-CCP-Valeriani.png","type":"image\/png"}],"twitter_card":"summary_large_image","twitter_misc":{"Scritto da":"admin"},"schema":{"@context":"https:\/\/schema.org","@graph":[{"@type":"Organization","@id":"https:\/\/www.mmpwebtv.eu\/#organization","name":"MMP WebTV","url":"https:\/\/www.mmpwebtv.eu\/","sameAs":["https:\/\/www.facebook.com\/mmpwebtv\/","https:\/\/www.instagram.com\/mmpwebtv\/"],"logo":{"@type":"ImageObject","@id":"https:\/\/www.mmpwebtv.eu\/#logo","inLanguage":"it-IT","url":"https:\/\/www.mmpwebtv.eu\/wp-content\/uploads\/2017\/04\/Logo-MMP-WebTv-02.png","contentUrl":"https:\/\/www.mmpwebtv.eu\/wp-content\/uploads\/2017\/04\/Logo-MMP-WebTv-02.png","width":8000,"height":4500,"caption":"MMP WebTV"},"image":{"@id":"https:\/\/www.mmpwebtv.eu\/#logo"}},{"@type":"WebSite","@id":"https:\/\/www.mmpwebtv.eu\/#website","url":"https:\/\/www.mmpwebtv.eu\/","name":"MMP Web TV","description":"La Web TV del Campus di Forl\u00ec","publisher":{"@id":"https:\/\/www.mmpwebtv.eu\/#organization"},"potentialAction":[{"@type":"SearchAction","target":{"@type":"EntryPoint","urlTemplate":"https:\/\/www.mmpwebtv.eu\/?s={search_term_string}"},"query-input":"required name=search_term_string"}],"inLanguage":"it-IT"},{"@type":"ImageObject","@id":"http:\/\/www.mmpwebtv.eu\/index.php\/2019\/07\/05\/caffe-col-prof-augusto-valeriani\/#primaryimage","inLanguage":"it-IT","url":"http:\/\/www.mmpwebtv.eu\/wp-content\/uploads\/2019\/07\/Thumb-sito-CCP-Valeriani.png","contentUrl":"http:\/\/www.mmpwebtv.eu\/wp-content\/uploads\/2019\/07\/Thumb-sito-CCP-Valeriani.png","width":7667,"height":4500,"caption":"Augusto Valeriani Unibo Comunicazione"},{"@type":"WebPage","@id":"http:\/\/www.mmpwebtv.eu\/index.php\/2019\/07\/05\/caffe-col-prof-augusto-valeriani\/#webpage","url":"http:\/\/www.mmpwebtv.eu\/index.php\/2019\/07\/05\/caffe-col-prof-augusto-valeriani\/","name":"Caff\u00e8 col Prof &bull; Augusto Valeriani &bull; MMP Web TV","isPartOf":{"@id":"https:\/\/www.mmpwebtv.eu\/#website"},"primaryImageOfPage":{"@id":"http:\/\/www.mmpwebtv.eu\/index.php\/2019\/07\/05\/caffe-col-prof-augusto-valeriani\/#primaryimage"},"datePublished":"2019-07-05T16:00:18+00:00","dateModified":"2019-07-16T07:45:35+00:00","description":"Oggi \u00e8 Augusto Valeriani a prendere il caff\u00e8 con noi. In questa puntata ci rivela cose sul suo conto che tutti vorrebbero sapere!","breadcrumb":{"@id":"http:\/\/www.mmpwebtv.eu\/index.php\/2019\/07\/05\/caffe-col-prof-augusto-valeriani\/#breadcrumb"},"inLanguage":"it-IT","potentialAction":[{"@type":"ReadAction","target":["http:\/\/www.mmpwebtv.eu\/index.php\/2019\/07\/05\/caffe-col-prof-augusto-valeriani\/"]}]},{"@type":"BreadcrumbList","@id":"http:\/\/www.mmpwebtv.eu\/index.php\/2019\/07\/05\/caffe-col-prof-augusto-valeriani\/#breadcrumb","itemListElement":[{"@type":"ListItem","position":1,"name":"Home","item":"https:\/\/www.mmpwebtv.eu\/"},{"@type":"ListItem","position":2,"name":"Caff\u00e8 col Prof \u2219 Augusto Valeriani"}]},{"@type":"Article","@id":"http:\/\/www.mmpwebtv.eu\/index.php\/2019\/07\/05\/caffe-col-prof-augusto-valeriani\/#article","isPartOf":{"@id":"http:\/\/www.mmpwebtv.eu\/index.php\/2019\/07\/05\/caffe-col-prof-augusto-valeriani\/#webpage"},"author":{"@id":"https:\/\/www.mmpwebtv.eu\/#\/schema\/person\/4848c65626d1588551e847f88cda447a"},"headline":"Caff\u00e8 col Prof \u2219 Augusto Valeriani","datePublished":"2019-07-05T16:00:18+00:00","dateModified":"2019-07-16T07:45:35+00:00","mainEntityOfPage":{"@id":"http:\/\/www.mmpwebtv.eu\/index.php\/2019\/07\/05\/caffe-col-prof-augusto-valeriani\/#webpage"},"wordCount":24,"publisher":{"@id":"https:\/\/www.mmpwebtv.eu\/#organization"},"image":{"@id":"http:\/\/www.mmpwebtv.eu\/index.php\/2019\/07\/05\/caffe-col-prof-augusto-valeriani\/#primaryimage"},"thumbnailUrl":"http:\/\/www.mmpwebtv.eu\/wp-content\/uploads\/2019\/07\/Thumb-sito-CCP-Valeriani.png","keywords":["alma mater studiorum","augusto valeriani","bologna","caff\u00e8 col prof","campus di forl\u00ec","country","forl\u00ec","indie folk","Professore","Teaching Hub","The handsome family","True Detective","Universit\u00e0 di Bologna","Valeriani Unibo"],"articleSection":["Caff\u00e8 col Prof"],"inLanguage":"it-IT"},{"@type":"Person","@id":"https:\/\/www.mmpwebtv.eu\/#\/schema\/person\/4848c65626d1588551e847f88cda447a","name":"admin","image":{"@type":"ImageObject","@id":"https:\/\/www.mmpwebtv.eu\/#personlogo","inLanguage":"it-IT","url":"http:\/\/0.gravatar.com\/avatar\/364ff6b737993d84049599bd8bd08384?s=96&d=mm&r=g","contentUrl":"http:\/\/0.gravatar.com\/avatar\/364ff6b737993d84049599bd8bd08384?s=96&d=mm&r=g","caption":"admin"}}]}},"_links":{"self":[{"href":"http:\/\/www.mmpwebtv.eu\/index.php\/wp-json\/wp\/v2\/posts\/1075"}],"collection":[{"href":"http:\/\/www.mmpwebtv.eu\/index.php\/wp-json\/wp\/v2\/posts"}],"about":[{"href":"http:\/\/www.mmpwebtv.eu\/index.php\/wp-json\/wp\/v2\/types\/post"}],"author":[{"embeddable":true,"href":"http:\/\/www.mmpwebtv.eu\/index.php\/wp-json\/wp\/v2\/users\/1"}],"replies":[{"embeddable":true,"href":"http:\/\/www.mmpwebtv.eu\/index.php\/wp-json\/wp\/v2\/comments?post=1075"}],"version-history":[{"count":1,"href":"http:\/\/www.mmpwebtv.eu\/index.php\/wp-json\/wp\/v2\/posts\/1075\/revisions"}],"predecessor-version":[{"id":1077,"href":"http:\/\/www.mmpwebtv.eu\/index.php\/wp-json\/wp\/v2\/posts\/1075\/revisions\/1077"}],"wp:featuredmedia":[{"embeddable":true,"href":"http:\/\/www.mmpwebtv.eu\/index.php\/wp-json\/wp\/v2\/media\/1076"}],"wp:attachment":[{"href":"http:\/\/www.mmpwebtv.eu\/index.php\/wp-json\/wp\/v2\/media?parent=1075"}],"wp:term":[{"taxonomy":"category","embeddable":true,"href":"http:\/\/www.mmpwebtv.eu\/index.php\/wp-json\/wp\/v2\/categories?post=1075"},{"taxonomy":"post_tag","embeddable":true,"href":"http:\/\/www.mmpwebtv.eu\/index.php\/wp-json\/wp\/v2\/tags?post=1075"}],"curies":[{"name":"wp","href":"https:\/\/api.w.org\/{rel}","templated":true}]}}