{"id":1080,"date":"2019-07-09T18:30:36","date_gmt":"2019-07-09T16:30:36","guid":{"rendered":"http:\/\/www.mmpwebtv.eu\/?p=1080"},"modified":"2019-07-16T09:45:27","modified_gmt":"2019-07-16T07:45:27","slug":"primo-piano-fast-animals-and-slow-kids","status":"publish","type":"post","link":"http:\/\/www.mmpwebtv.eu\/index.php\/2019\/07\/09\/primo-piano-fast-animals-and-slow-kids\/","title":{"rendered":"PRIMO PIANO \u2219 Fast Animals and Slow Kids"},"content":{"rendered":"<p>? PRIMO PIANO ?<\/p>\n<p>I Fast Animals and Slow Kids si raccontano alla nostra redazione (nonostante la febbre)!<\/p>\n<p>&nbsp;<\/p>\n","protected":false},"excerpt":{"rendered":"<p>? PRIMO PIANO ? I Fast Animals and Slow Kids si raccontano alla nostra redazione (nonostante la febbre)! &nbsp;<\/p>\n","protected":false},"author":1,"featured_media":932,"comment_status":"closed","ping_status":"closed","sticky":false,"template":"","format":"video","meta":[],"categories":[700,1],"tags":[916,911,75,910,913,909,13,912,802,914,915,264,917,14],"yoast_head":"<!-- This site is optimized with the Yoast SEO plugin v17.9 - https:\/\/yoast.com\/wordpress\/plugins\/seo\/ -->\n<title>PRIMO PIANO &bull; Animals and Slow Kids &bull; MMP Web TV<\/title>\n<meta name=\"description\" content=\"I Fast Animals and Slow Kids si raccontano alla nostra redazione (nonostante la febbre!). Non perdetevi questa super intervista!\" \/>\n<meta name=\"robots\" content=\"noindex, follow\" \/>\n<meta property=\"og:locale\" content=\"it_IT\" \/>\n<meta property=\"og:type\" content=\"article\" \/>\n<meta property=\"og:title\" content=\"PRIMO PIANO &bull; Animals and Slow Kids &bull; MMP Web TV\" \/>\n<meta property=\"og:description\" content=\"I Fast Animals and Slow Kids si raccontano alla nostra redazione (nonostante la febbre!). Non perdetevi questa super intervista!\" \/>\n<meta property=\"og:url\" content=\"http:\/\/www.mmpwebtv.eu\/index.php\/2019\/07\/09\/primo-piano-fast-animals-and-slow-kids\/\" \/>\n<meta property=\"og:site_name\" content=\"MMP Web TV\" \/>\n<meta property=\"article:publisher\" content=\"https:\/\/www.facebook.com\/mmpwebtv\/\" \/>\n<meta property=\"article:published_time\" content=\"2019-07-09T16:30:36+00:00\" \/>\n<meta property=\"article:modified_time\" content=\"2019-07-16T07:45:27+00:00\" \/>\n<meta property=\"og:image\" content=\"http:\/\/www.mmpwebtv.eu\/wp-content\/uploads\/2019\/04\/primo.png\" \/>\n\t<meta property=\"og:image:width\" content=\"1223\" \/>\n\t<meta property=\"og:image:height\" content=\"742\" \/>\n\t<meta property=\"og:image:type\" content=\"image\/png\" \/>\n<meta name=\"twitter:card\" content=\"summary_large_image\" \/>\n<meta name=\"twitter:label1\" content=\"Scritto da\" \/>\n\t<meta name=\"twitter:data1\" content=\"admin\" \/>\n<script type=\"application\/ld+json\" class=\"yoast-schema-graph\">{\"@context\":\"https:\/\/schema.org\",\"@graph\":[{\"@type\":\"Organization\",\"@id\":\"https:\/\/www.mmpwebtv.eu\/#organization\",\"name\":\"MMP WebTV\",\"url\":\"https:\/\/www.mmpwebtv.eu\/\",\"sameAs\":[\"https:\/\/www.facebook.com\/mmpwebtv\/\",\"https:\/\/www.instagram.com\/mmpwebtv\/\"],\"logo\":{\"@type\":\"ImageObject\",\"@id\":\"https:\/\/www.mmpwebtv.eu\/#logo\",\"inLanguage\":\"it-IT\",\"url\":\"https:\/\/www.mmpwebtv.eu\/wp-content\/uploads\/2017\/04\/Logo-MMP-WebTv-02.png\",\"contentUrl\":\"https:\/\/www.mmpwebtv.eu\/wp-content\/uploads\/2017\/04\/Logo-MMP-WebTv-02.png\",\"width\":8000,\"height\":4500,\"caption\":\"MMP WebTV\"},\"image\":{\"@id\":\"https:\/\/www.mmpwebtv.eu\/#logo\"}},{\"@type\":\"WebSite\",\"@id\":\"https:\/\/www.mmpwebtv.eu\/#website\",\"url\":\"https:\/\/www.mmpwebtv.eu\/\",\"name\":\"MMP Web TV\",\"description\":\"La Web TV del Campus di Forl\\u00ec\",\"publisher\":{\"@id\":\"https:\/\/www.mmpwebtv.eu\/#organization\"},\"potentialAction\":[{\"@type\":\"SearchAction\",\"target\":{\"@type\":\"EntryPoint\",\"urlTemplate\":\"https:\/\/www.mmpwebtv.eu\/?s={search_term_string}\"},\"query-input\":\"required name=search_term_string\"}],\"inLanguage\":\"it-IT\"},{\"@type\":\"ImageObject\",\"@id\":\"http:\/\/www.mmpwebtv.eu\/index.php\/2019\/07\/09\/primo-piano-fast-animals-and-slow-kids\/#primaryimage\",\"inLanguage\":\"it-IT\",\"url\":\"http:\/\/www.mmpwebtv.eu\/wp-content\/uploads\/2019\/04\/primo.png\",\"contentUrl\":\"http:\/\/www.mmpwebtv.eu\/wp-content\/uploads\/2019\/04\/primo.png\",\"width\":1223,\"height\":742,\"caption\":\"La redazione della MMP Web TV intervista personaggi noti\"},{\"@type\":\"WebPage\",\"@id\":\"http:\/\/www.mmpwebtv.eu\/index.php\/2019\/07\/09\/primo-piano-fast-animals-and-slow-kids\/#webpage\",\"url\":\"http:\/\/www.mmpwebtv.eu\/index.php\/2019\/07\/09\/primo-piano-fast-animals-and-slow-kids\/\",\"name\":\"PRIMO PIANO &bull; Animals and Slow Kids &bull; MMP Web TV\",\"isPartOf\":{\"@id\":\"https:\/\/www.mmpwebtv.eu\/#website\"},\"primaryImageOfPage\":{\"@id\":\"http:\/\/www.mmpwebtv.eu\/index.php\/2019\/07\/09\/primo-piano-fast-animals-and-slow-kids\/#primaryimage\"},\"datePublished\":\"2019-07-09T16:30:36+00:00\",\"dateModified\":\"2019-07-16T07:45:27+00:00\",\"description\":\"I Fast Animals and Slow Kids si raccontano alla nostra redazione (nonostante la febbre!). Non perdetevi questa super intervista!\",\"breadcrumb\":{\"@id\":\"http:\/\/www.mmpwebtv.eu\/index.php\/2019\/07\/09\/primo-piano-fast-animals-and-slow-kids\/#breadcrumb\"},\"inLanguage\":\"it-IT\",\"potentialAction\":[{\"@type\":\"ReadAction\",\"target\":[\"http:\/\/www.mmpwebtv.eu\/index.php\/2019\/07\/09\/primo-piano-fast-animals-and-slow-kids\/\"]}]},{\"@type\":\"BreadcrumbList\",\"@id\":\"http:\/\/www.mmpwebtv.eu\/index.php\/2019\/07\/09\/primo-piano-fast-animals-and-slow-kids\/#breadcrumb\",\"itemListElement\":[{\"@type\":\"ListItem\",\"position\":1,\"name\":\"Home\",\"item\":\"https:\/\/www.mmpwebtv.eu\/\"},{\"@type\":\"ListItem\",\"position\":2,\"name\":\"PRIMO PIANO \\u2219 Fast Animals and Slow Kids\"}]},{\"@type\":\"Article\",\"@id\":\"http:\/\/www.mmpwebtv.eu\/index.php\/2019\/07\/09\/primo-piano-fast-animals-and-slow-kids\/#article\",\"isPartOf\":{\"@id\":\"http:\/\/www.mmpwebtv.eu\/index.php\/2019\/07\/09\/primo-piano-fast-animals-and-slow-kids\/#webpage\"},\"author\":{\"@id\":\"https:\/\/www.mmpwebtv.eu\/#\/schema\/person\/4848c65626d1588551e847f88cda447a\"},\"headline\":\"PRIMO PIANO \\u2219 Fast Animals and Slow Kids\",\"datePublished\":\"2019-07-09T16:30:36+00:00\",\"dateModified\":\"2019-07-16T07:45:27+00:00\",\"mainEntityOfPage\":{\"@id\":\"http:\/\/www.mmpwebtv.eu\/index.php\/2019\/07\/09\/primo-piano-fast-animals-and-slow-kids\/#webpage\"},\"wordCount\":24,\"publisher\":{\"@id\":\"https:\/\/www.mmpwebtv.eu\/#organization\"},\"image\":{\"@id\":\"http:\/\/www.mmpwebtv.eu\/index.php\/2019\/07\/09\/primo-piano-fast-animals-and-slow-kids\/#primaryimage\"},\"thumbnailUrl\":\"http:\/\/www.mmpwebtv.eu\/wp-content\/uploads\/2019\/04\/primo.png\",\"keywords\":[\"alternative rock\",\"Animali Notturni\",\"campus di forl\\u00ec\",\"FASK\",\"FASK Forl\\u00ec\",\"Fast Animals and Slow Kids\",\"forl\\u00ec\",\"Intervista FASK\",\"MMP Web Tv\",\"Mondadori FASK\",\"Mondadori Fast Animals and Slow Kids\",\"Musica\",\"rock italiano\",\"unibo\"],\"articleSection\":[\"PRIMO PIANO\"],\"inLanguage\":\"it-IT\"},{\"@type\":\"Person\",\"@id\":\"https:\/\/www.mmpwebtv.eu\/#\/schema\/person\/4848c65626d1588551e847f88cda447a\",\"name\":\"admin\",\"image\":{\"@type\":\"ImageObject\",\"@id\":\"https:\/\/www.mmpwebtv.eu\/#personlogo\",\"inLanguage\":\"it-IT\",\"url\":\"http:\/\/0.gravatar.com\/avatar\/364ff6b737993d84049599bd8bd08384?s=96&d=mm&r=g\",\"contentUrl\":\"http:\/\/0.gravatar.com\/avatar\/364ff6b737993d84049599bd8bd08384?s=96&d=mm&r=g\",\"caption\":\"admin\"}}]}<\/script>\n<!-- \/ Yoast SEO plugin. -->","yoast_head_json":{"title":"PRIMO PIANO &bull; Animals and Slow Kids &bull; MMP Web TV","description":"I Fast Animals and Slow Kids si raccontano alla nostra redazione (nonostante la febbre!). Non perdetevi questa super intervista!","robots":{"index":"noindex","follow":"follow"},"og_locale":"it_IT","og_type":"article","og_title":"PRIMO PIANO &bull; Animals and Slow Kids &bull; MMP Web TV","og_description":"I Fast Animals and Slow Kids si raccontano alla nostra redazione (nonostante la febbre!). Non perdetevi questa super intervista!","og_url":"http:\/\/www.mmpwebtv.eu\/index.php\/2019\/07\/09\/primo-piano-fast-animals-and-slow-kids\/","og_site_name":"MMP Web TV","article_publisher":"https:\/\/www.facebook.com\/mmpwebtv\/","article_published_time":"2019-07-09T16:30:36+00:00","article_modified_time":"2019-07-16T07:45:27+00:00","og_image":[{"width":1223,"height":742,"url":"http:\/\/www.mmpwebtv.eu\/wp-content\/uploads\/2019\/04\/primo.png","type":"image\/png"}],"twitter_card":"summary_large_image","twitter_misc":{"Scritto da":"admin"},"schema":{"@context":"https:\/\/schema.org","@graph":[{"@type":"Organization","@id":"https:\/\/www.mmpwebtv.eu\/#organization","name":"MMP WebTV","url":"https:\/\/www.mmpwebtv.eu\/","sameAs":["https:\/\/www.facebook.com\/mmpwebtv\/","https:\/\/www.instagram.com\/mmpwebtv\/"],"logo":{"@type":"ImageObject","@id":"https:\/\/www.mmpwebtv.eu\/#logo","inLanguage":"it-IT","url":"https:\/\/www.mmpwebtv.eu\/wp-content\/uploads\/2017\/04\/Logo-MMP-WebTv-02.png","contentUrl":"https:\/\/www.mmpwebtv.eu\/wp-content\/uploads\/2017\/04\/Logo-MMP-WebTv-02.png","width":8000,"height":4500,"caption":"MMP WebTV"},"image":{"@id":"https:\/\/www.mmpwebtv.eu\/#logo"}},{"@type":"WebSite","@id":"https:\/\/www.mmpwebtv.eu\/#website","url":"https:\/\/www.mmpwebtv.eu\/","name":"MMP Web TV","description":"La Web TV del Campus di Forl\u00ec","publisher":{"@id":"https:\/\/www.mmpwebtv.eu\/#organization"},"potentialAction":[{"@type":"SearchAction","target":{"@type":"EntryPoint","urlTemplate":"https:\/\/www.mmpwebtv.eu\/?s={search_term_string}"},"query-input":"required name=search_term_string"}],"inLanguage":"it-IT"},{"@type":"ImageObject","@id":"http:\/\/www.mmpwebtv.eu\/index.php\/2019\/07\/09\/primo-piano-fast-animals-and-slow-kids\/#primaryimage","inLanguage":"it-IT","url":"http:\/\/www.mmpwebtv.eu\/wp-content\/uploads\/2019\/04\/primo.png","contentUrl":"http:\/\/www.mmpwebtv.eu\/wp-content\/uploads\/2019\/04\/primo.png","width":1223,"height":742,"caption":"La redazione della MMP Web TV intervista personaggi noti"},{"@type":"WebPage","@id":"http:\/\/www.mmpwebtv.eu\/index.php\/2019\/07\/09\/primo-piano-fast-animals-and-slow-kids\/#webpage","url":"http:\/\/www.mmpwebtv.eu\/index.php\/2019\/07\/09\/primo-piano-fast-animals-and-slow-kids\/","name":"PRIMO PIANO &bull; Animals and Slow Kids &bull; MMP Web TV","isPartOf":{"@id":"https:\/\/www.mmpwebtv.eu\/#website"},"primaryImageOfPage":{"@id":"http:\/\/www.mmpwebtv.eu\/index.php\/2019\/07\/09\/primo-piano-fast-animals-and-slow-kids\/#primaryimage"},"datePublished":"2019-07-09T16:30:36+00:00","dateModified":"2019-07-16T07:45:27+00:00","description":"I Fast Animals and Slow Kids si raccontano alla nostra redazione (nonostante la febbre!). Non perdetevi questa super intervista!","breadcrumb":{"@id":"http:\/\/www.mmpwebtv.eu\/index.php\/2019\/07\/09\/primo-piano-fast-animals-and-slow-kids\/#breadcrumb"},"inLanguage":"it-IT","potentialAction":[{"@type":"ReadAction","target":["http:\/\/www.mmpwebtv.eu\/index.php\/2019\/07\/09\/primo-piano-fast-animals-and-slow-kids\/"]}]},{"@type":"BreadcrumbList","@id":"http:\/\/www.mmpwebtv.eu\/index.php\/2019\/07\/09\/primo-piano-fast-animals-and-slow-kids\/#breadcrumb","itemListElement":[{"@type":"ListItem","position":1,"name":"Home","item":"https:\/\/www.mmpwebtv.eu\/"},{"@type":"ListItem","position":2,"name":"PRIMO PIANO \u2219 Fast Animals and Slow Kids"}]},{"@type":"Article","@id":"http:\/\/www.mmpwebtv.eu\/index.php\/2019\/07\/09\/primo-piano-fast-animals-and-slow-kids\/#article","isPartOf":{"@id":"http:\/\/www.mmpwebtv.eu\/index.php\/2019\/07\/09\/primo-piano-fast-animals-and-slow-kids\/#webpage"},"author":{"@id":"https:\/\/www.mmpwebtv.eu\/#\/schema\/person\/4848c65626d1588551e847f88cda447a"},"headline":"PRIMO PIANO \u2219 Fast Animals and Slow Kids","datePublished":"2019-07-09T16:30:36+00:00","dateModified":"2019-07-16T07:45:27+00:00","mainEntityOfPage":{"@id":"http:\/\/www.mmpwebtv.eu\/index.php\/2019\/07\/09\/primo-piano-fast-animals-and-slow-kids\/#webpage"},"wordCount":24,"publisher":{"@id":"https:\/\/www.mmpwebtv.eu\/#organization"},"image":{"@id":"http:\/\/www.mmpwebtv.eu\/index.php\/2019\/07\/09\/primo-piano-fast-animals-and-slow-kids\/#primaryimage"},"thumbnailUrl":"http:\/\/www.mmpwebtv.eu\/wp-content\/uploads\/2019\/04\/primo.png","keywords":["alternative rock","Animali Notturni","campus di forl\u00ec","FASK","FASK Forl\u00ec","Fast Animals and Slow Kids","forl\u00ec","Intervista FASK","MMP Web Tv","Mondadori FASK","Mondadori Fast Animals and Slow Kids","Musica","rock italiano","unibo"],"articleSection":["PRIMO PIANO"],"inLanguage":"it-IT"},{"@type":"Person","@id":"https:\/\/www.mmpwebtv.eu\/#\/schema\/person\/4848c65626d1588551e847f88cda447a","name":"admin","image":{"@type":"ImageObject","@id":"https:\/\/www.mmpwebtv.eu\/#personlogo","inLanguage":"it-IT","url":"http:\/\/0.gravatar.com\/avatar\/364ff6b737993d84049599bd8bd08384?s=96&d=mm&r=g","contentUrl":"http:\/\/0.gravatar.com\/avatar\/364ff6b737993d84049599bd8bd08384?s=96&d=mm&r=g","caption":"admin"}}]}},"_links":{"self":[{"href":"http:\/\/www.mmpwebtv.eu\/index.php\/wp-json\/wp\/v2\/posts\/1080"}],"collection":[{"href":"http:\/\/www.mmpwebtv.eu\/index.php\/wp-json\/wp\/v2\/posts"}],"about":[{"href":"http:\/\/www.mmpwebtv.eu\/index.php\/wp-json\/wp\/v2\/types\/post"}],"author":[{"embeddable":true,"href":"http:\/\/www.mmpwebtv.eu\/index.php\/wp-json\/wp\/v2\/users\/1"}],"replies":[{"embeddable":true,"href":"http:\/\/www.mmpwebtv.eu\/index.php\/wp-json\/wp\/v2\/comments?post=1080"}],"version-history":[{"count":1,"href":"http:\/\/www.mmpwebtv.eu\/index.php\/wp-json\/wp\/v2\/posts\/1080\/revisions"}],"predecessor-version":[{"id":1081,"href":"http:\/\/www.mmpwebtv.eu\/index.php\/wp-json\/wp\/v2\/posts\/1080\/revisions\/1081"}],"wp:featuredmedia":[{"embeddable":true,"href":"http:\/\/www.mmpwebtv.eu\/index.php\/wp-json\/wp\/v2\/media\/932"}],"wp:attachment":[{"href":"http:\/\/www.mmpwebtv.eu\/index.php\/wp-json\/wp\/v2\/media?parent=1080"}],"wp:term":[{"taxonomy":"category","embeddable":true,"href":"http:\/\/www.mmpwebtv.eu\/index.php\/wp-json\/wp\/v2\/categories?post=1080"},{"taxonomy":"post_tag","embeddable":true,"href":"http:\/\/www.mmpwebtv.eu\/index.php\/wp-json\/wp\/v2\/tags?post=1080"}],"curies":[{"name":"wp","href":"https:\/\/api.w.org\/{rel}","templated":true}]}}