{"id":109,"date":"2016-07-22T15:56:20","date_gmt":"2016-07-22T13:56:20","guid":{"rendered":"http:\/\/www.mmpwebtv.eu\/?p=109"},"modified":"2017-04-02T17:23:05","modified_gmt":"2017-04-02T15:23:05","slug":"mass-media-e-politica-spot-2016","status":"publish","type":"post","link":"http:\/\/www.mmpwebtv.eu\/index.php\/2016\/07\/22\/mass-media-e-politica-spot-2016\/","title":{"rendered":"Mass Media e Politica &#8211; Spot 2016"},"content":{"rendered":"<p>Il corso di Laurea Magistrale in Mass Media e Politica \u00e9 attivo presso la Scuola di Scienze Politiche del Campus di Forl\u00ec (Universit\u00e0 di Bologna). Il corso fornisce conoscenze, capacit\u00e0 e strumenti di analisi funzionali alla comprensione del rapporto fra politica, sistema dei media e societ\u00e0. Uno dei progetti pi\u00f9 innovativi \u00e8 MMP webTV, la prima webTV del Campus di Forl\u00ec curata interamente dagli studenti del corso.<br \/>\nPer maggiori informazioni: http:\/\/corsi.unibo.it\/Magistrale\/MassMediaPolitica\/<\/p>\n<p>Music: David Szesztay &#8211; Welcome Home<\/p>\n","protected":false},"excerpt":{"rendered":"<p>Il corso di Laurea Magistrale in Mass Media e Politica \u00e9 attivo presso la Scuola di Scienze Politiche del Campus di Forl\u00ec (Universit\u00e0 di Bologna). Il corso fornisce conoscenze, capacit\u00e0 e strumenti di analisi funzionali alla comprensione del rapporto fra politica, sistema dei media e societ\u00e0. Uno dei progetti pi\u00f9 innovativi \u00e8 MMP webTV, la [&hellip;]<\/p>\n","protected":false},"author":1,"featured_media":0,"comment_status":"open","ping_status":"open","sticky":false,"template":"","format":"video","meta":[],"categories":[3,166],"tags":[75,13,122,123,118,17,119,121,14,11,120,15],"yoast_head":"<!-- This site is optimized with the Yoast SEO plugin v17.9 - https:\/\/yoast.com\/wordpress\/plugins\/seo\/ -->\n<title>Mass Media e Politica - Spot 2016 &bull; MMP Web TV<\/title>\n<meta name=\"robots\" content=\"noindex, follow\" \/>\n<meta property=\"og:locale\" content=\"it_IT\" \/>\n<meta property=\"og:type\" content=\"article\" \/>\n<meta property=\"og:title\" content=\"Mass Media e Politica - Spot 2016 &bull; MMP Web TV\" \/>\n<meta property=\"og:description\" content=\"Il corso di Laurea Magistrale in Mass Media e Politica \u00e9 attivo presso la Scuola di Scienze Politiche del Campus di Forl\u00ec (Universit\u00e0 di Bologna). Il corso fornisce conoscenze, capacit\u00e0 e strumenti di analisi funzionali alla comprensione del rapporto fra politica, sistema dei media e societ\u00e0. Uno dei progetti pi\u00f9 innovativi \u00e8 MMP webTV, la [&hellip;]\" \/>\n<meta property=\"og:url\" content=\"http:\/\/www.mmpwebtv.eu\/index.php\/2016\/07\/22\/mass-media-e-politica-spot-2016\/\" \/>\n<meta property=\"og:site_name\" content=\"MMP Web TV\" \/>\n<meta property=\"article:publisher\" content=\"https:\/\/www.facebook.com\/mmpwebtv\/\" \/>\n<meta property=\"article:published_time\" content=\"2016-07-22T13:56:20+00:00\" \/>\n<meta property=\"article:modified_time\" content=\"2017-04-02T15:23:05+00:00\" \/>\n<meta name=\"twitter:card\" content=\"summary_large_image\" \/>\n<meta name=\"twitter:label1\" content=\"Scritto da\" \/>\n\t<meta name=\"twitter:data1\" content=\"admin\" \/>\n<script type=\"application\/ld+json\" class=\"yoast-schema-graph\">{\"@context\":\"https:\/\/schema.org\",\"@graph\":[{\"@type\":\"Organization\",\"@id\":\"https:\/\/www.mmpwebtv.eu\/#organization\",\"name\":\"MMP WebTV\",\"url\":\"https:\/\/www.mmpwebtv.eu\/\",\"sameAs\":[\"https:\/\/www.facebook.com\/mmpwebtv\/\",\"https:\/\/www.instagram.com\/mmpwebtv\/\"],\"logo\":{\"@type\":\"ImageObject\",\"@id\":\"https:\/\/www.mmpwebtv.eu\/#logo\",\"inLanguage\":\"it-IT\",\"url\":\"https:\/\/www.mmpwebtv.eu\/wp-content\/uploads\/2017\/04\/Logo-MMP-WebTv-02.png\",\"contentUrl\":\"https:\/\/www.mmpwebtv.eu\/wp-content\/uploads\/2017\/04\/Logo-MMP-WebTv-02.png\",\"width\":8000,\"height\":4500,\"caption\":\"MMP WebTV\"},\"image\":{\"@id\":\"https:\/\/www.mmpwebtv.eu\/#logo\"}},{\"@type\":\"WebSite\",\"@id\":\"https:\/\/www.mmpwebtv.eu\/#website\",\"url\":\"https:\/\/www.mmpwebtv.eu\/\",\"name\":\"MMP Web TV\",\"description\":\"La Web TV del Campus di Forl\\u00ec\",\"publisher\":{\"@id\":\"https:\/\/www.mmpwebtv.eu\/#organization\"},\"potentialAction\":[{\"@type\":\"SearchAction\",\"target\":{\"@type\":\"EntryPoint\",\"urlTemplate\":\"https:\/\/www.mmpwebtv.eu\/?s={search_term_string}\"},\"query-input\":\"required name=search_term_string\"}],\"inLanguage\":\"it-IT\"},{\"@type\":\"WebPage\",\"@id\":\"http:\/\/www.mmpwebtv.eu\/index.php\/2016\/07\/22\/mass-media-e-politica-spot-2016\/#webpage\",\"url\":\"http:\/\/www.mmpwebtv.eu\/index.php\/2016\/07\/22\/mass-media-e-politica-spot-2016\/\",\"name\":\"Mass Media e Politica - Spot 2016 &bull; MMP Web TV\",\"isPartOf\":{\"@id\":\"https:\/\/www.mmpwebtv.eu\/#website\"},\"datePublished\":\"2016-07-22T13:56:20+00:00\",\"dateModified\":\"2017-04-02T15:23:05+00:00\",\"breadcrumb\":{\"@id\":\"http:\/\/www.mmpwebtv.eu\/index.php\/2016\/07\/22\/mass-media-e-politica-spot-2016\/#breadcrumb\"},\"inLanguage\":\"it-IT\",\"potentialAction\":[{\"@type\":\"ReadAction\",\"target\":[\"http:\/\/www.mmpwebtv.eu\/index.php\/2016\/07\/22\/mass-media-e-politica-spot-2016\/\"]}]},{\"@type\":\"BreadcrumbList\",\"@id\":\"http:\/\/www.mmpwebtv.eu\/index.php\/2016\/07\/22\/mass-media-e-politica-spot-2016\/#breadcrumb\",\"itemListElement\":[{\"@type\":\"ListItem\",\"position\":1,\"name\":\"Home\",\"item\":\"https:\/\/www.mmpwebtv.eu\/\"},{\"@type\":\"ListItem\",\"position\":2,\"name\":\"Mass Media e Politica &#8211; Spot 2016\"}]},{\"@type\":\"Article\",\"@id\":\"http:\/\/www.mmpwebtv.eu\/index.php\/2016\/07\/22\/mass-media-e-politica-spot-2016\/#article\",\"isPartOf\":{\"@id\":\"http:\/\/www.mmpwebtv.eu\/index.php\/2016\/07\/22\/mass-media-e-politica-spot-2016\/#webpage\"},\"author\":{\"@id\":\"https:\/\/www.mmpwebtv.eu\/#\/schema\/person\/4848c65626d1588551e847f88cda447a\"},\"headline\":\"Mass Media e Politica &#8211; Spot 2016\",\"datePublished\":\"2016-07-22T13:56:20+00:00\",\"dateModified\":\"2017-04-02T15:23:05+00:00\",\"mainEntityOfPage\":{\"@id\":\"http:\/\/www.mmpwebtv.eu\/index.php\/2016\/07\/22\/mass-media-e-politica-spot-2016\/#webpage\"},\"wordCount\":86,\"commentCount\":0,\"publisher\":{\"@id\":\"https:\/\/www.mmpwebtv.eu\/#organization\"},\"keywords\":[\"campus di forl\\u00ec\",\"forl\\u00ec\",\"Laurea Magistrale\",\"Laurea Specialistica\",\"Mass Media e Politica\",\"mmp\",\"MMP webTV\",\"Spot\",\"unibo\",\"universit\\u00e0\",\"Universit\\u00e0 di Bologna\",\"webtv\"],\"articleSection\":[\"Attualit\\u00e0\",\"Palinsesto 2016\"],\"inLanguage\":\"it-IT\"},{\"@type\":\"Person\",\"@id\":\"https:\/\/www.mmpwebtv.eu\/#\/schema\/person\/4848c65626d1588551e847f88cda447a\",\"name\":\"admin\",\"image\":{\"@type\":\"ImageObject\",\"@id\":\"https:\/\/www.mmpwebtv.eu\/#personlogo\",\"inLanguage\":\"it-IT\",\"url\":\"http:\/\/0.gravatar.com\/avatar\/364ff6b737993d84049599bd8bd08384?s=96&d=mm&r=g\",\"contentUrl\":\"http:\/\/0.gravatar.com\/avatar\/364ff6b737993d84049599bd8bd08384?s=96&d=mm&r=g\",\"caption\":\"admin\"}}]}<\/script>\n<!-- \/ Yoast SEO plugin. -->","yoast_head_json":{"title":"Mass Media e Politica - Spot 2016 &bull; MMP Web TV","robots":{"index":"noindex","follow":"follow"},"og_locale":"it_IT","og_type":"article","og_title":"Mass Media e Politica - Spot 2016 &bull; MMP Web TV","og_description":"Il corso di Laurea Magistrale in Mass Media e Politica \u00e9 attivo presso la Scuola di Scienze Politiche del Campus di Forl\u00ec (Universit\u00e0 di Bologna). Il corso fornisce conoscenze, capacit\u00e0 e strumenti di analisi funzionali alla comprensione del rapporto fra politica, sistema dei media e societ\u00e0. Uno dei progetti pi\u00f9 innovativi \u00e8 MMP webTV, la [&hellip;]","og_url":"http:\/\/www.mmpwebtv.eu\/index.php\/2016\/07\/22\/mass-media-e-politica-spot-2016\/","og_site_name":"MMP Web TV","article_publisher":"https:\/\/www.facebook.com\/mmpwebtv\/","article_published_time":"2016-07-22T13:56:20+00:00","article_modified_time":"2017-04-02T15:23:05+00:00","twitter_card":"summary_large_image","twitter_misc":{"Scritto da":"admin"},"schema":{"@context":"https:\/\/schema.org","@graph":[{"@type":"Organization","@id":"https:\/\/www.mmpwebtv.eu\/#organization","name":"MMP WebTV","url":"https:\/\/www.mmpwebtv.eu\/","sameAs":["https:\/\/www.facebook.com\/mmpwebtv\/","https:\/\/www.instagram.com\/mmpwebtv\/"],"logo":{"@type":"ImageObject","@id":"https:\/\/www.mmpwebtv.eu\/#logo","inLanguage":"it-IT","url":"https:\/\/www.mmpwebtv.eu\/wp-content\/uploads\/2017\/04\/Logo-MMP-WebTv-02.png","contentUrl":"https:\/\/www.mmpwebtv.eu\/wp-content\/uploads\/2017\/04\/Logo-MMP-WebTv-02.png","width":8000,"height":4500,"caption":"MMP WebTV"},"image":{"@id":"https:\/\/www.mmpwebtv.eu\/#logo"}},{"@type":"WebSite","@id":"https:\/\/www.mmpwebtv.eu\/#website","url":"https:\/\/www.mmpwebtv.eu\/","name":"MMP Web TV","description":"La Web TV del Campus di Forl\u00ec","publisher":{"@id":"https:\/\/www.mmpwebtv.eu\/#organization"},"potentialAction":[{"@type":"SearchAction","target":{"@type":"EntryPoint","urlTemplate":"https:\/\/www.mmpwebtv.eu\/?s={search_term_string}"},"query-input":"required name=search_term_string"}],"inLanguage":"it-IT"},{"@type":"WebPage","@id":"http:\/\/www.mmpwebtv.eu\/index.php\/2016\/07\/22\/mass-media-e-politica-spot-2016\/#webpage","url":"http:\/\/www.mmpwebtv.eu\/index.php\/2016\/07\/22\/mass-media-e-politica-spot-2016\/","name":"Mass Media e Politica - Spot 2016 &bull; MMP Web TV","isPartOf":{"@id":"https:\/\/www.mmpwebtv.eu\/#website"},"datePublished":"2016-07-22T13:56:20+00:00","dateModified":"2017-04-02T15:23:05+00:00","breadcrumb":{"@id":"http:\/\/www.mmpwebtv.eu\/index.php\/2016\/07\/22\/mass-media-e-politica-spot-2016\/#breadcrumb"},"inLanguage":"it-IT","potentialAction":[{"@type":"ReadAction","target":["http:\/\/www.mmpwebtv.eu\/index.php\/2016\/07\/22\/mass-media-e-politica-spot-2016\/"]}]},{"@type":"BreadcrumbList","@id":"http:\/\/www.mmpwebtv.eu\/index.php\/2016\/07\/22\/mass-media-e-politica-spot-2016\/#breadcrumb","itemListElement":[{"@type":"ListItem","position":1,"name":"Home","item":"https:\/\/www.mmpwebtv.eu\/"},{"@type":"ListItem","position":2,"name":"Mass Media e Politica &#8211; Spot 2016"}]},{"@type":"Article","@id":"http:\/\/www.mmpwebtv.eu\/index.php\/2016\/07\/22\/mass-media-e-politica-spot-2016\/#article","isPartOf":{"@id":"http:\/\/www.mmpwebtv.eu\/index.php\/2016\/07\/22\/mass-media-e-politica-spot-2016\/#webpage"},"author":{"@id":"https:\/\/www.mmpwebtv.eu\/#\/schema\/person\/4848c65626d1588551e847f88cda447a"},"headline":"Mass Media e Politica &#8211; Spot 2016","datePublished":"2016-07-22T13:56:20+00:00","dateModified":"2017-04-02T15:23:05+00:00","mainEntityOfPage":{"@id":"http:\/\/www.mmpwebtv.eu\/index.php\/2016\/07\/22\/mass-media-e-politica-spot-2016\/#webpage"},"wordCount":86,"commentCount":0,"publisher":{"@id":"https:\/\/www.mmpwebtv.eu\/#organization"},"keywords":["campus di forl\u00ec","forl\u00ec","Laurea Magistrale","Laurea Specialistica","Mass Media e Politica","mmp","MMP webTV","Spot","unibo","universit\u00e0","Universit\u00e0 di Bologna","webtv"],"articleSection":["Attualit\u00e0","Palinsesto 2016"],"inLanguage":"it-IT"},{"@type":"Person","@id":"https:\/\/www.mmpwebtv.eu\/#\/schema\/person\/4848c65626d1588551e847f88cda447a","name":"admin","image":{"@type":"ImageObject","@id":"https:\/\/www.mmpwebtv.eu\/#personlogo","inLanguage":"it-IT","url":"http:\/\/0.gravatar.com\/avatar\/364ff6b737993d84049599bd8bd08384?s=96&d=mm&r=g","contentUrl":"http:\/\/0.gravatar.com\/avatar\/364ff6b737993d84049599bd8bd08384?s=96&d=mm&r=g","caption":"admin"}}]}},"_links":{"self":[{"href":"http:\/\/www.mmpwebtv.eu\/index.php\/wp-json\/wp\/v2\/posts\/109"}],"collection":[{"href":"http:\/\/www.mmpwebtv.eu\/index.php\/wp-json\/wp\/v2\/posts"}],"about":[{"href":"http:\/\/www.mmpwebtv.eu\/index.php\/wp-json\/wp\/v2\/types\/post"}],"author":[{"embeddable":true,"href":"http:\/\/www.mmpwebtv.eu\/index.php\/wp-json\/wp\/v2\/users\/1"}],"replies":[{"embeddable":true,"href":"http:\/\/www.mmpwebtv.eu\/index.php\/wp-json\/wp\/v2\/comments?post=109"}],"version-history":[{"count":1,"href":"http:\/\/www.mmpwebtv.eu\/index.php\/wp-json\/wp\/v2\/posts\/109\/revisions"}],"predecessor-version":[{"id":110,"href":"http:\/\/www.mmpwebtv.eu\/index.php\/wp-json\/wp\/v2\/posts\/109\/revisions\/110"}],"wp:attachment":[{"href":"http:\/\/www.mmpwebtv.eu\/index.php\/wp-json\/wp\/v2\/media?parent=109"}],"wp:term":[{"taxonomy":"category","embeddable":true,"href":"http:\/\/www.mmpwebtv.eu\/index.php\/wp-json\/wp\/v2\/categories?post=109"},{"taxonomy":"post_tag","embeddable":true,"href":"http:\/\/www.mmpwebtv.eu\/index.php\/wp-json\/wp\/v2\/tags?post=109"}],"curies":[{"name":"wp","href":"https:\/\/api.w.org\/{rel}","templated":true}]}}