{"id":1100,"date":"2019-07-11T18:30:28","date_gmt":"2019-07-11T16:30:28","guid":{"rendered":"http:\/\/www.mmpwebtv.eu\/?p=1100"},"modified":"2020-02-06T16:28:07","modified_gmt":"2020-02-06T15:28:07","slug":"edizione-11-luglio","status":"publish","type":"post","link":"http:\/\/www.mmpwebtv.eu\/index.php\/2019\/07\/11\/edizione-11-luglio\/","title":{"rendered":"Edizione 11 luglio"},"content":{"rendered":"<p>Bentornati al TG Campus!<\/p>\n<p>In questa edizione vi portiamo alla Chiesa di San Giacomo per l&#8217;apertura della nuova stagione dell&#8217;<strong>Emilia Romagna Festival<\/strong>, il festival dedicato alla musica inaugurato quest&#8217;anno con il maestro <strong>Uno Ughi<\/strong>. Il violinista si \u00e8 esibito\u00a0insieme alla sud coreana <strong>Seongnam Philharmonic Orchestra<\/strong> e il suo direttore <strong>Nanse Gum<\/strong>, eseguendo \u010cajkovskij, Mendelssohn e una prima italiana di un brano del compositore coreano Hojun Lee.<\/p>\n<p>A seguire vi portiamo nelle stanze di <strong>Palazzo Romagnoli<\/strong>, che, straordinariamente aperto di sera, ha visto mercoled\u00ec 10 luglio l&#8217;inaugurazione di una nuova sala espositiva.\u00a0Dopo un lungo periodo di oblio, infatti, la raccolta delle rocche e dei castelli di <strong>Giordano Severi<\/strong> \u00e8 stata riproposta al pubblico forlivese.<\/p>\n<p>Buona visione!<\/p>\n","protected":false},"excerpt":{"rendered":"<p>Bentornati al TG Campus! In questa edizione vi portiamo alla Chiesa di San Giacomo per l&#8217;apertura della nuova stagione dell&#8217;Emilia Romagna Festival, il festival dedicato alla musica inaugurato quest&#8217;anno con il maestro Uno Ughi. Il violinista si \u00e8 esibito\u00a0insieme alla sud coreana Seongnam Philharmonic Orchestra e il suo direttore Nanse Gum, eseguendo \u010cajkovskij, Mendelssohn e [&hellip;]<\/p>\n","protected":false},"author":1,"featured_media":1101,"comment_status":"closed","ping_status":"closed","sticky":false,"template":"","format":"video","meta":[],"categories":[165],"tags":[927,923,658,13,929,931,802,930,926,932,928,387,925,14,924],"yoast_head":"<!-- This site is optimized with the Yoast SEO plugin v17.9 - https:\/\/yoast.com\/wordpress\/plugins\/seo\/ -->\n<title>TG Campus &bull; 11 luglio &bull; MMP Web TV<\/title>\n<meta name=\"description\" content=\"Vi portiamo alla Chiesa di San Giacomo per l&#039;Emilia Romagna Festival e a Palazzo Romagnoli per la mostra di Giordano Severi. Buona visione!\" \/>\n<meta name=\"robots\" content=\"noindex, follow\" \/>\n<meta property=\"og:locale\" content=\"it_IT\" \/>\n<meta property=\"og:type\" content=\"article\" \/>\n<meta property=\"og:title\" content=\"TG Campus &bull; 11 luglio &bull; MMP Web TV\" \/>\n<meta property=\"og:description\" content=\"Vi portiamo alla Chiesa di San Giacomo per l&#039;Emilia Romagna Festival e a Palazzo Romagnoli per la mostra di Giordano Severi. Buona visione!\" \/>\n<meta property=\"og:url\" content=\"http:\/\/www.mmpwebtv.eu\/index.php\/2019\/07\/11\/edizione-11-luglio\/\" \/>\n<meta property=\"og:site_name\" content=\"MMP Web TV\" \/>\n<meta property=\"article:publisher\" content=\"https:\/\/www.facebook.com\/mmpwebtv\/\" \/>\n<meta property=\"article:published_time\" content=\"2019-07-11T16:30:28+00:00\" \/>\n<meta property=\"article:modified_time\" content=\"2020-02-06T15:28:07+00:00\" \/>\n<meta property=\"og:image\" content=\"http:\/\/www.mmpwebtv.eu\/wp-content\/uploads\/2019\/07\/Anteprima-TGC-sito-e-YouTube-01.png\" \/>\n\t<meta property=\"og:image:width\" content=\"7667\" \/>\n\t<meta property=\"og:image:height\" content=\"4500\" \/>\n\t<meta property=\"og:image:type\" content=\"image\/png\" \/>\n<meta name=\"twitter:card\" content=\"summary_large_image\" \/>\n<meta name=\"twitter:label1\" content=\"Scritto da\" \/>\n\t<meta name=\"twitter:data1\" content=\"admin\" \/>\n\t<meta name=\"twitter:label2\" content=\"Tempo di lettura stimato\" \/>\n\t<meta name=\"twitter:data2\" content=\"1 minuto\" \/>\n<script type=\"application\/ld+json\" class=\"yoast-schema-graph\">{\"@context\":\"https:\/\/schema.org\",\"@graph\":[{\"@type\":\"Organization\",\"@id\":\"https:\/\/www.mmpwebtv.eu\/#organization\",\"name\":\"MMP WebTV\",\"url\":\"https:\/\/www.mmpwebtv.eu\/\",\"sameAs\":[\"https:\/\/www.facebook.com\/mmpwebtv\/\",\"https:\/\/www.instagram.com\/mmpwebtv\/\"],\"logo\":{\"@type\":\"ImageObject\",\"@id\":\"https:\/\/www.mmpwebtv.eu\/#logo\",\"inLanguage\":\"it-IT\",\"url\":\"https:\/\/www.mmpwebtv.eu\/wp-content\/uploads\/2017\/04\/Logo-MMP-WebTv-02.png\",\"contentUrl\":\"https:\/\/www.mmpwebtv.eu\/wp-content\/uploads\/2017\/04\/Logo-MMP-WebTv-02.png\",\"width\":8000,\"height\":4500,\"caption\":\"MMP WebTV\"},\"image\":{\"@id\":\"https:\/\/www.mmpwebtv.eu\/#logo\"}},{\"@type\":\"WebSite\",\"@id\":\"https:\/\/www.mmpwebtv.eu\/#website\",\"url\":\"https:\/\/www.mmpwebtv.eu\/\",\"name\":\"MMP Web TV\",\"description\":\"La Web TV del Campus di Forl\\u00ec\",\"publisher\":{\"@id\":\"https:\/\/www.mmpwebtv.eu\/#organization\"},\"potentialAction\":[{\"@type\":\"SearchAction\",\"target\":{\"@type\":\"EntryPoint\",\"urlTemplate\":\"https:\/\/www.mmpwebtv.eu\/?s={search_term_string}\"},\"query-input\":\"required name=search_term_string\"}],\"inLanguage\":\"it-IT\"},{\"@type\":\"ImageObject\",\"@id\":\"http:\/\/www.mmpwebtv.eu\/index.php\/2019\/07\/11\/edizione-11-luglio\/#primaryimage\",\"inLanguage\":\"it-IT\",\"url\":\"http:\/\/www.mmpwebtv.eu\/wp-content\/uploads\/2019\/07\/Anteprima-TGC-sito-e-YouTube-01.png\",\"contentUrl\":\"http:\/\/www.mmpwebtv.eu\/wp-content\/uploads\/2019\/07\/Anteprima-TGC-sito-e-YouTube-01.png\",\"width\":7667,\"height\":4500,\"caption\":\"11 luglio 2019 Forl\\u00ec - Emilia Romagna Festival - Palazzo Romagnoli\"},{\"@type\":\"WebPage\",\"@id\":\"http:\/\/www.mmpwebtv.eu\/index.php\/2019\/07\/11\/edizione-11-luglio\/#webpage\",\"url\":\"http:\/\/www.mmpwebtv.eu\/index.php\/2019\/07\/11\/edizione-11-luglio\/\",\"name\":\"TG Campus &bull; 11 luglio &bull; MMP Web TV\",\"isPartOf\":{\"@id\":\"https:\/\/www.mmpwebtv.eu\/#website\"},\"primaryImageOfPage\":{\"@id\":\"http:\/\/www.mmpwebtv.eu\/index.php\/2019\/07\/11\/edizione-11-luglio\/#primaryimage\"},\"datePublished\":\"2019-07-11T16:30:28+00:00\",\"dateModified\":\"2020-02-06T15:28:07+00:00\",\"description\":\"Vi portiamo alla Chiesa di San Giacomo per l'Emilia Romagna Festival e a Palazzo Romagnoli per la mostra di Giordano Severi. Buona visione!\",\"breadcrumb\":{\"@id\":\"http:\/\/www.mmpwebtv.eu\/index.php\/2019\/07\/11\/edizione-11-luglio\/#breadcrumb\"},\"inLanguage\":\"it-IT\",\"potentialAction\":[{\"@type\":\"ReadAction\",\"target\":[\"http:\/\/www.mmpwebtv.eu\/index.php\/2019\/07\/11\/edizione-11-luglio\/\"]}]},{\"@type\":\"BreadcrumbList\",\"@id\":\"http:\/\/www.mmpwebtv.eu\/index.php\/2019\/07\/11\/edizione-11-luglio\/#breadcrumb\",\"itemListElement\":[{\"@type\":\"ListItem\",\"position\":1,\"name\":\"Home\",\"item\":\"https:\/\/www.mmpwebtv.eu\/\"},{\"@type\":\"ListItem\",\"position\":2,\"name\":\"Edizione 11 luglio\"}]},{\"@type\":\"Article\",\"@id\":\"http:\/\/www.mmpwebtv.eu\/index.php\/2019\/07\/11\/edizione-11-luglio\/#article\",\"isPartOf\":{\"@id\":\"http:\/\/www.mmpwebtv.eu\/index.php\/2019\/07\/11\/edizione-11-luglio\/#webpage\"},\"author\":{\"@id\":\"https:\/\/www.mmpwebtv.eu\/#\/schema\/person\/4848c65626d1588551e847f88cda447a\"},\"headline\":\"Edizione 11 luglio\",\"datePublished\":\"2019-07-11T16:30:28+00:00\",\"dateModified\":\"2020-02-06T15:28:07+00:00\",\"mainEntityOfPage\":{\"@id\":\"http:\/\/www.mmpwebtv.eu\/index.php\/2019\/07\/11\/edizione-11-luglio\/#webpage\"},\"wordCount\":116,\"publisher\":{\"@id\":\"https:\/\/www.mmpwebtv.eu\/#organization\"},\"image\":{\"@id\":\"http:\/\/www.mmpwebtv.eu\/index.php\/2019\/07\/11\/edizione-11-luglio\/#primaryimage\"},\"thumbnailUrl\":\"http:\/\/www.mmpwebtv.eu\/wp-content\/uploads\/2019\/07\/Anteprima-TGC-sito-e-YouTube-01.png\",\"keywords\":[\"\\u010cajkovskij\",\"Emilia Romagna Festival\",\"Ex chiesa di San Giacomo\",\"forl\\u00ec\",\"Giordano Severi\",\"Massimo Merelli\",\"MMP Web Tv\",\"Musei civici Forl\\u00ec\",\"Nanse Gum\",\"Orlando Piraccini\",\"Palazzo Romagnoli\",\"San Domenico\",\"Seongnam Philharmonic Orchestra\",\"unibo\",\"Uto Ughi\"],\"articleSection\":[\"TG Campus\"],\"inLanguage\":\"it-IT\"},{\"@type\":\"Person\",\"@id\":\"https:\/\/www.mmpwebtv.eu\/#\/schema\/person\/4848c65626d1588551e847f88cda447a\",\"name\":\"admin\",\"image\":{\"@type\":\"ImageObject\",\"@id\":\"https:\/\/www.mmpwebtv.eu\/#personlogo\",\"inLanguage\":\"it-IT\",\"url\":\"http:\/\/0.gravatar.com\/avatar\/364ff6b737993d84049599bd8bd08384?s=96&d=mm&r=g\",\"contentUrl\":\"http:\/\/0.gravatar.com\/avatar\/364ff6b737993d84049599bd8bd08384?s=96&d=mm&r=g\",\"caption\":\"admin\"}}]}<\/script>\n<!-- \/ Yoast SEO plugin. -->","yoast_head_json":{"title":"TG Campus &bull; 11 luglio &bull; MMP Web TV","description":"Vi portiamo alla Chiesa di San Giacomo per l'Emilia Romagna Festival e a Palazzo Romagnoli per la mostra di Giordano Severi. Buona visione!","robots":{"index":"noindex","follow":"follow"},"og_locale":"it_IT","og_type":"article","og_title":"TG Campus &bull; 11 luglio &bull; MMP Web TV","og_description":"Vi portiamo alla Chiesa di San Giacomo per l'Emilia Romagna Festival e a Palazzo Romagnoli per la mostra di Giordano Severi. Buona visione!","og_url":"http:\/\/www.mmpwebtv.eu\/index.php\/2019\/07\/11\/edizione-11-luglio\/","og_site_name":"MMP Web TV","article_publisher":"https:\/\/www.facebook.com\/mmpwebtv\/","article_published_time":"2019-07-11T16:30:28+00:00","article_modified_time":"2020-02-06T15:28:07+00:00","og_image":[{"width":7667,"height":4500,"url":"http:\/\/www.mmpwebtv.eu\/wp-content\/uploads\/2019\/07\/Anteprima-TGC-sito-e-YouTube-01.png","type":"image\/png"}],"twitter_card":"summary_large_image","twitter_misc":{"Scritto da":"admin","Tempo di lettura stimato":"1 minuto"},"schema":{"@context":"https:\/\/schema.org","@graph":[{"@type":"Organization","@id":"https:\/\/www.mmpwebtv.eu\/#organization","name":"MMP WebTV","url":"https:\/\/www.mmpwebtv.eu\/","sameAs":["https:\/\/www.facebook.com\/mmpwebtv\/","https:\/\/www.instagram.com\/mmpwebtv\/"],"logo":{"@type":"ImageObject","@id":"https:\/\/www.mmpwebtv.eu\/#logo","inLanguage":"it-IT","url":"https:\/\/www.mmpwebtv.eu\/wp-content\/uploads\/2017\/04\/Logo-MMP-WebTv-02.png","contentUrl":"https:\/\/www.mmpwebtv.eu\/wp-content\/uploads\/2017\/04\/Logo-MMP-WebTv-02.png","width":8000,"height":4500,"caption":"MMP WebTV"},"image":{"@id":"https:\/\/www.mmpwebtv.eu\/#logo"}},{"@type":"WebSite","@id":"https:\/\/www.mmpwebtv.eu\/#website","url":"https:\/\/www.mmpwebtv.eu\/","name":"MMP Web TV","description":"La Web TV del Campus di Forl\u00ec","publisher":{"@id":"https:\/\/www.mmpwebtv.eu\/#organization"},"potentialAction":[{"@type":"SearchAction","target":{"@type":"EntryPoint","urlTemplate":"https:\/\/www.mmpwebtv.eu\/?s={search_term_string}"},"query-input":"required name=search_term_string"}],"inLanguage":"it-IT"},{"@type":"ImageObject","@id":"http:\/\/www.mmpwebtv.eu\/index.php\/2019\/07\/11\/edizione-11-luglio\/#primaryimage","inLanguage":"it-IT","url":"http:\/\/www.mmpwebtv.eu\/wp-content\/uploads\/2019\/07\/Anteprima-TGC-sito-e-YouTube-01.png","contentUrl":"http:\/\/www.mmpwebtv.eu\/wp-content\/uploads\/2019\/07\/Anteprima-TGC-sito-e-YouTube-01.png","width":7667,"height":4500,"caption":"11 luglio 2019 Forl\u00ec - Emilia Romagna Festival - Palazzo Romagnoli"},{"@type":"WebPage","@id":"http:\/\/www.mmpwebtv.eu\/index.php\/2019\/07\/11\/edizione-11-luglio\/#webpage","url":"http:\/\/www.mmpwebtv.eu\/index.php\/2019\/07\/11\/edizione-11-luglio\/","name":"TG Campus &bull; 11 luglio &bull; MMP Web TV","isPartOf":{"@id":"https:\/\/www.mmpwebtv.eu\/#website"},"primaryImageOfPage":{"@id":"http:\/\/www.mmpwebtv.eu\/index.php\/2019\/07\/11\/edizione-11-luglio\/#primaryimage"},"datePublished":"2019-07-11T16:30:28+00:00","dateModified":"2020-02-06T15:28:07+00:00","description":"Vi portiamo alla Chiesa di San Giacomo per l'Emilia Romagna Festival e a Palazzo Romagnoli per la mostra di Giordano Severi. Buona visione!","breadcrumb":{"@id":"http:\/\/www.mmpwebtv.eu\/index.php\/2019\/07\/11\/edizione-11-luglio\/#breadcrumb"},"inLanguage":"it-IT","potentialAction":[{"@type":"ReadAction","target":["http:\/\/www.mmpwebtv.eu\/index.php\/2019\/07\/11\/edizione-11-luglio\/"]}]},{"@type":"BreadcrumbList","@id":"http:\/\/www.mmpwebtv.eu\/index.php\/2019\/07\/11\/edizione-11-luglio\/#breadcrumb","itemListElement":[{"@type":"ListItem","position":1,"name":"Home","item":"https:\/\/www.mmpwebtv.eu\/"},{"@type":"ListItem","position":2,"name":"Edizione 11 luglio"}]},{"@type":"Article","@id":"http:\/\/www.mmpwebtv.eu\/index.php\/2019\/07\/11\/edizione-11-luglio\/#article","isPartOf":{"@id":"http:\/\/www.mmpwebtv.eu\/index.php\/2019\/07\/11\/edizione-11-luglio\/#webpage"},"author":{"@id":"https:\/\/www.mmpwebtv.eu\/#\/schema\/person\/4848c65626d1588551e847f88cda447a"},"headline":"Edizione 11 luglio","datePublished":"2019-07-11T16:30:28+00:00","dateModified":"2020-02-06T15:28:07+00:00","mainEntityOfPage":{"@id":"http:\/\/www.mmpwebtv.eu\/index.php\/2019\/07\/11\/edizione-11-luglio\/#webpage"},"wordCount":116,"publisher":{"@id":"https:\/\/www.mmpwebtv.eu\/#organization"},"image":{"@id":"http:\/\/www.mmpwebtv.eu\/index.php\/2019\/07\/11\/edizione-11-luglio\/#primaryimage"},"thumbnailUrl":"http:\/\/www.mmpwebtv.eu\/wp-content\/uploads\/2019\/07\/Anteprima-TGC-sito-e-YouTube-01.png","keywords":["\u010cajkovskij","Emilia Romagna Festival","Ex chiesa di San Giacomo","forl\u00ec","Giordano Severi","Massimo Merelli","MMP Web Tv","Musei civici Forl\u00ec","Nanse Gum","Orlando Piraccini","Palazzo Romagnoli","San Domenico","Seongnam Philharmonic Orchestra","unibo","Uto Ughi"],"articleSection":["TG Campus"],"inLanguage":"it-IT"},{"@type":"Person","@id":"https:\/\/www.mmpwebtv.eu\/#\/schema\/person\/4848c65626d1588551e847f88cda447a","name":"admin","image":{"@type":"ImageObject","@id":"https:\/\/www.mmpwebtv.eu\/#personlogo","inLanguage":"it-IT","url":"http:\/\/0.gravatar.com\/avatar\/364ff6b737993d84049599bd8bd08384?s=96&d=mm&r=g","contentUrl":"http:\/\/0.gravatar.com\/avatar\/364ff6b737993d84049599bd8bd08384?s=96&d=mm&r=g","caption":"admin"}}]}},"_links":{"self":[{"href":"http:\/\/www.mmpwebtv.eu\/index.php\/wp-json\/wp\/v2\/posts\/1100"}],"collection":[{"href":"http:\/\/www.mmpwebtv.eu\/index.php\/wp-json\/wp\/v2\/posts"}],"about":[{"href":"http:\/\/www.mmpwebtv.eu\/index.php\/wp-json\/wp\/v2\/types\/post"}],"author":[{"embeddable":true,"href":"http:\/\/www.mmpwebtv.eu\/index.php\/wp-json\/wp\/v2\/users\/1"}],"replies":[{"embeddable":true,"href":"http:\/\/www.mmpwebtv.eu\/index.php\/wp-json\/wp\/v2\/comments?post=1100"}],"version-history":[{"count":2,"href":"http:\/\/www.mmpwebtv.eu\/index.php\/wp-json\/wp\/v2\/posts\/1100\/revisions"}],"predecessor-version":[{"id":2023,"href":"http:\/\/www.mmpwebtv.eu\/index.php\/wp-json\/wp\/v2\/posts\/1100\/revisions\/2023"}],"wp:featuredmedia":[{"embeddable":true,"href":"http:\/\/www.mmpwebtv.eu\/index.php\/wp-json\/wp\/v2\/media\/1101"}],"wp:attachment":[{"href":"http:\/\/www.mmpwebtv.eu\/index.php\/wp-json\/wp\/v2\/media?parent=1100"}],"wp:term":[{"taxonomy":"category","embeddable":true,"href":"http:\/\/www.mmpwebtv.eu\/index.php\/wp-json\/wp\/v2\/categories?post=1100"},{"taxonomy":"post_tag","embeddable":true,"href":"http:\/\/www.mmpwebtv.eu\/index.php\/wp-json\/wp\/v2\/tags?post=1100"}],"curies":[{"name":"wp","href":"https:\/\/api.w.org\/{rel}","templated":true}]}}