{"id":1103,"date":"2019-07-12T18:30:48","date_gmt":"2019-07-12T16:30:48","guid":{"rendered":"http:\/\/www.mmpwebtv.eu\/?p=1103"},"modified":"2019-07-16T09:44:58","modified_gmt":"2019-07-16T07:44:58","slug":"caffe-col-prof-maria-laura-lanzillo","status":"publish","type":"post","link":"http:\/\/www.mmpwebtv.eu\/index.php\/2019\/07\/12\/caffe-col-prof-maria-laura-lanzillo\/","title":{"rendered":"Caff\u00e8 col Prof \u2219 Maria Laura Lanzillo"},"content":{"rendered":"<p>Per l&#8217;ultimo appuntamento del Caff\u00e8 col Prof siamo stati in compagnia della professoressa <strong>Maria Laura Lanzillo<\/strong>, docente dell&#8217;Universit\u00e0 di Bologna.<\/p>\n","protected":false},"excerpt":{"rendered":"<p>Per l&#8217;ultimo appuntamento del Caff\u00e8 col Prof siamo stati in compagnia della professoressa Maria Laura Lanzillo, docente dell&#8217;Universit\u00e0 di Bologna.<\/p>\n","protected":false},"author":1,"featured_media":1104,"comment_status":"closed","ping_status":"closed","sticky":false,"template":"","format":"video","meta":[],"categories":[719],"tags":[75,934,933,935,936,14,120],"yoast_head":"<!-- This site is optimized with the Yoast SEO plugin v17.9 - https:\/\/yoast.com\/wordpress\/plugins\/seo\/ -->\n<title>Caff\u00e8 col Prof &bull; Maria Laura Lanzillo &bull; MMP Web TV<\/title>\n<meta name=\"description\" content=\"Per l&#039;ultimo appuntamento del Caff\u00e8 col Prof siamo stati in compagnia della professoressa Maria Laura Lanzillo, docente dell&#039;Universit\u00e0 di Bologna.\" \/>\n<meta name=\"robots\" content=\"noindex, follow\" \/>\n<meta property=\"og:locale\" content=\"it_IT\" \/>\n<meta property=\"og:type\" content=\"article\" \/>\n<meta property=\"og:title\" content=\"Caff\u00e8 col Prof &bull; Maria Laura Lanzillo &bull; MMP Web TV\" \/>\n<meta property=\"og:description\" content=\"Per l&#039;ultimo appuntamento del Caff\u00e8 col Prof siamo stati in compagnia della professoressa Maria Laura Lanzillo, docente dell&#039;Universit\u00e0 di Bologna.\" \/>\n<meta property=\"og:url\" content=\"https:\/\/www.mmpwebtv.eu\/index.php\/2019\/07\/12\/caffe-col-prof-maria-laura-lanzillo\/\" \/>\n<meta property=\"og:site_name\" content=\"MMP Web TV\" \/>\n<meta property=\"article:publisher\" content=\"https:\/\/www.facebook.com\/mmpwebtv\/\" \/>\n<meta property=\"article:published_time\" content=\"2019-07-12T16:30:48+00:00\" \/>\n<meta property=\"article:modified_time\" content=\"2019-07-16T07:44:58+00:00\" \/>\n<meta property=\"og:image\" content=\"https:\/\/www.mmpwebtv.eu\/wp-content\/uploads\/2019\/07\/Anteprima-CCP-sito-03.png\" \/>\n\t<meta property=\"og:image:width\" content=\"7667\" \/>\n\t<meta property=\"og:image:height\" content=\"4500\" \/>\n\t<meta property=\"og:image:type\" content=\"image\/png\" \/>\n<meta name=\"twitter:card\" content=\"summary_large_image\" \/>\n<meta name=\"twitter:label1\" content=\"Scritto da\" \/>\n\t<meta name=\"twitter:data1\" content=\"admin\" \/>\n<script type=\"application\/ld+json\" class=\"yoast-schema-graph\">{\"@context\":\"https:\/\/schema.org\",\"@graph\":[{\"@type\":\"Organization\",\"@id\":\"https:\/\/www.mmpwebtv.eu\/#organization\",\"name\":\"MMP WebTV\",\"url\":\"https:\/\/www.mmpwebtv.eu\/\",\"sameAs\":[\"https:\/\/www.facebook.com\/mmpwebtv\/\",\"https:\/\/www.instagram.com\/mmpwebtv\/\"],\"logo\":{\"@type\":\"ImageObject\",\"@id\":\"https:\/\/www.mmpwebtv.eu\/#logo\",\"inLanguage\":\"it-IT\",\"url\":\"https:\/\/www.mmpwebtv.eu\/wp-content\/uploads\/2017\/04\/Logo-MMP-WebTv-02.png\",\"contentUrl\":\"https:\/\/www.mmpwebtv.eu\/wp-content\/uploads\/2017\/04\/Logo-MMP-WebTv-02.png\",\"width\":8000,\"height\":4500,\"caption\":\"MMP WebTV\"},\"image\":{\"@id\":\"https:\/\/www.mmpwebtv.eu\/#logo\"}},{\"@type\":\"WebSite\",\"@id\":\"https:\/\/www.mmpwebtv.eu\/#website\",\"url\":\"https:\/\/www.mmpwebtv.eu\/\",\"name\":\"MMP Web TV\",\"description\":\"La Web TV del Campus di Forl\\u00ec\",\"publisher\":{\"@id\":\"https:\/\/www.mmpwebtv.eu\/#organization\"},\"potentialAction\":[{\"@type\":\"SearchAction\",\"target\":{\"@type\":\"EntryPoint\",\"urlTemplate\":\"https:\/\/www.mmpwebtv.eu\/?s={search_term_string}\"},\"query-input\":\"required name=search_term_string\"}],\"inLanguage\":\"it-IT\"},{\"@type\":\"ImageObject\",\"@id\":\"https:\/\/www.mmpwebtv.eu\/index.php\/2019\/07\/12\/caffe-col-prof-maria-laura-lanzillo\/#primaryimage\",\"inLanguage\":\"it-IT\",\"url\":\"http:\/\/www.mmpwebtv.eu\/wp-content\/uploads\/2019\/07\/Anteprima-CCP-sito-03.png\",\"contentUrl\":\"http:\/\/www.mmpwebtv.eu\/wp-content\/uploads\/2019\/07\/Anteprima-CCP-sito-03.png\",\"width\":7667,\"height\":4500,\"caption\":\"Maria Laura Lanzillo Unibo\"},{\"@type\":\"WebPage\",\"@id\":\"https:\/\/www.mmpwebtv.eu\/index.php\/2019\/07\/12\/caffe-col-prof-maria-laura-lanzillo\/#webpage\",\"url\":\"https:\/\/www.mmpwebtv.eu\/index.php\/2019\/07\/12\/caffe-col-prof-maria-laura-lanzillo\/\",\"name\":\"Caff\\u00e8 col Prof &bull; Maria Laura Lanzillo &bull; MMP Web TV\",\"isPartOf\":{\"@id\":\"https:\/\/www.mmpwebtv.eu\/#website\"},\"primaryImageOfPage\":{\"@id\":\"https:\/\/www.mmpwebtv.eu\/index.php\/2019\/07\/12\/caffe-col-prof-maria-laura-lanzillo\/#primaryimage\"},\"datePublished\":\"2019-07-12T16:30:48+00:00\",\"dateModified\":\"2019-07-16T07:44:58+00:00\",\"description\":\"Per l'ultimo appuntamento del Caff\\u00e8 col Prof siamo stati in compagnia della professoressa Maria Laura Lanzillo, docente dell'Universit\\u00e0 di Bologna.\",\"breadcrumb\":{\"@id\":\"https:\/\/www.mmpwebtv.eu\/index.php\/2019\/07\/12\/caffe-col-prof-maria-laura-lanzillo\/#breadcrumb\"},\"inLanguage\":\"it-IT\",\"potentialAction\":[{\"@type\":\"ReadAction\",\"target\":[\"https:\/\/www.mmpwebtv.eu\/index.php\/2019\/07\/12\/caffe-col-prof-maria-laura-lanzillo\/\"]}]},{\"@type\":\"BreadcrumbList\",\"@id\":\"https:\/\/www.mmpwebtv.eu\/index.php\/2019\/07\/12\/caffe-col-prof-maria-laura-lanzillo\/#breadcrumb\",\"itemListElement\":[{\"@type\":\"ListItem\",\"position\":1,\"name\":\"Home\",\"item\":\"https:\/\/www.mmpwebtv.eu\/\"},{\"@type\":\"ListItem\",\"position\":2,\"name\":\"Caff\\u00e8 col Prof \\u2219 Maria Laura Lanzillo\"}]},{\"@type\":\"Article\",\"@id\":\"https:\/\/www.mmpwebtv.eu\/index.php\/2019\/07\/12\/caffe-col-prof-maria-laura-lanzillo\/#article\",\"isPartOf\":{\"@id\":\"https:\/\/www.mmpwebtv.eu\/index.php\/2019\/07\/12\/caffe-col-prof-maria-laura-lanzillo\/#webpage\"},\"author\":{\"@id\":\"https:\/\/www.mmpwebtv.eu\/#\/schema\/person\/4848c65626d1588551e847f88cda447a\"},\"headline\":\"Caff\\u00e8 col Prof \\u2219 Maria Laura Lanzillo\",\"datePublished\":\"2019-07-12T16:30:48+00:00\",\"dateModified\":\"2019-07-16T07:44:58+00:00\",\"mainEntityOfPage\":{\"@id\":\"https:\/\/www.mmpwebtv.eu\/index.php\/2019\/07\/12\/caffe-col-prof-maria-laura-lanzillo\/#webpage\"},\"wordCount\":26,\"publisher\":{\"@id\":\"https:\/\/www.mmpwebtv.eu\/#organization\"},\"image\":{\"@id\":\"https:\/\/www.mmpwebtv.eu\/index.php\/2019\/07\/12\/caffe-col-prof-maria-laura-lanzillo\/#primaryimage\"},\"thumbnailUrl\":\"http:\/\/www.mmpwebtv.eu\/wp-content\/uploads\/2019\/07\/Anteprima-CCP-sito-03.png\",\"keywords\":[\"campus di forl\\u00ec\",\"Lanzillo Unibo\",\"Maria Laura Lanzillo\",\"Storia delle Dottrine Politiche\",\"teorie politiche del multiculturalismo\",\"unibo\",\"Universit\\u00e0 di Bologna\"],\"articleSection\":[\"Caff\\u00e8 col Prof\"],\"inLanguage\":\"it-IT\"},{\"@type\":\"Person\",\"@id\":\"https:\/\/www.mmpwebtv.eu\/#\/schema\/person\/4848c65626d1588551e847f88cda447a\",\"name\":\"admin\",\"image\":{\"@type\":\"ImageObject\",\"@id\":\"https:\/\/www.mmpwebtv.eu\/#personlogo\",\"inLanguage\":\"it-IT\",\"url\":\"http:\/\/0.gravatar.com\/avatar\/364ff6b737993d84049599bd8bd08384?s=96&d=mm&r=g\",\"contentUrl\":\"http:\/\/0.gravatar.com\/avatar\/364ff6b737993d84049599bd8bd08384?s=96&d=mm&r=g\",\"caption\":\"admin\"}}]}<\/script>\n<!-- \/ Yoast SEO plugin. -->","yoast_head_json":{"title":"Caff\u00e8 col Prof &bull; Maria Laura Lanzillo &bull; MMP Web TV","description":"Per l'ultimo appuntamento del Caff\u00e8 col Prof siamo stati in compagnia della professoressa Maria Laura Lanzillo, docente dell'Universit\u00e0 di Bologna.","robots":{"index":"noindex","follow":"follow"},"og_locale":"it_IT","og_type":"article","og_title":"Caff\u00e8 col Prof &bull; Maria Laura Lanzillo &bull; MMP Web TV","og_description":"Per l'ultimo appuntamento del Caff\u00e8 col Prof siamo stati in compagnia della professoressa Maria Laura Lanzillo, docente dell'Universit\u00e0 di Bologna.","og_url":"https:\/\/www.mmpwebtv.eu\/index.php\/2019\/07\/12\/caffe-col-prof-maria-laura-lanzillo\/","og_site_name":"MMP Web TV","article_publisher":"https:\/\/www.facebook.com\/mmpwebtv\/","article_published_time":"2019-07-12T16:30:48+00:00","article_modified_time":"2019-07-16T07:44:58+00:00","og_image":[{"width":7667,"height":4500,"url":"https:\/\/www.mmpwebtv.eu\/wp-content\/uploads\/2019\/07\/Anteprima-CCP-sito-03.png","type":"image\/png"}],"twitter_card":"summary_large_image","twitter_misc":{"Scritto da":"admin"},"schema":{"@context":"https:\/\/schema.org","@graph":[{"@type":"Organization","@id":"https:\/\/www.mmpwebtv.eu\/#organization","name":"MMP WebTV","url":"https:\/\/www.mmpwebtv.eu\/","sameAs":["https:\/\/www.facebook.com\/mmpwebtv\/","https:\/\/www.instagram.com\/mmpwebtv\/"],"logo":{"@type":"ImageObject","@id":"https:\/\/www.mmpwebtv.eu\/#logo","inLanguage":"it-IT","url":"https:\/\/www.mmpwebtv.eu\/wp-content\/uploads\/2017\/04\/Logo-MMP-WebTv-02.png","contentUrl":"https:\/\/www.mmpwebtv.eu\/wp-content\/uploads\/2017\/04\/Logo-MMP-WebTv-02.png","width":8000,"height":4500,"caption":"MMP WebTV"},"image":{"@id":"https:\/\/www.mmpwebtv.eu\/#logo"}},{"@type":"WebSite","@id":"https:\/\/www.mmpwebtv.eu\/#website","url":"https:\/\/www.mmpwebtv.eu\/","name":"MMP Web TV","description":"La Web TV del Campus di Forl\u00ec","publisher":{"@id":"https:\/\/www.mmpwebtv.eu\/#organization"},"potentialAction":[{"@type":"SearchAction","target":{"@type":"EntryPoint","urlTemplate":"https:\/\/www.mmpwebtv.eu\/?s={search_term_string}"},"query-input":"required name=search_term_string"}],"inLanguage":"it-IT"},{"@type":"ImageObject","@id":"https:\/\/www.mmpwebtv.eu\/index.php\/2019\/07\/12\/caffe-col-prof-maria-laura-lanzillo\/#primaryimage","inLanguage":"it-IT","url":"http:\/\/www.mmpwebtv.eu\/wp-content\/uploads\/2019\/07\/Anteprima-CCP-sito-03.png","contentUrl":"http:\/\/www.mmpwebtv.eu\/wp-content\/uploads\/2019\/07\/Anteprima-CCP-sito-03.png","width":7667,"height":4500,"caption":"Maria Laura Lanzillo Unibo"},{"@type":"WebPage","@id":"https:\/\/www.mmpwebtv.eu\/index.php\/2019\/07\/12\/caffe-col-prof-maria-laura-lanzillo\/#webpage","url":"https:\/\/www.mmpwebtv.eu\/index.php\/2019\/07\/12\/caffe-col-prof-maria-laura-lanzillo\/","name":"Caff\u00e8 col Prof &bull; Maria Laura Lanzillo &bull; MMP Web TV","isPartOf":{"@id":"https:\/\/www.mmpwebtv.eu\/#website"},"primaryImageOfPage":{"@id":"https:\/\/www.mmpwebtv.eu\/index.php\/2019\/07\/12\/caffe-col-prof-maria-laura-lanzillo\/#primaryimage"},"datePublished":"2019-07-12T16:30:48+00:00","dateModified":"2019-07-16T07:44:58+00:00","description":"Per l'ultimo appuntamento del Caff\u00e8 col Prof siamo stati in compagnia della professoressa Maria Laura Lanzillo, docente dell'Universit\u00e0 di Bologna.","breadcrumb":{"@id":"https:\/\/www.mmpwebtv.eu\/index.php\/2019\/07\/12\/caffe-col-prof-maria-laura-lanzillo\/#breadcrumb"},"inLanguage":"it-IT","potentialAction":[{"@type":"ReadAction","target":["https:\/\/www.mmpwebtv.eu\/index.php\/2019\/07\/12\/caffe-col-prof-maria-laura-lanzillo\/"]}]},{"@type":"BreadcrumbList","@id":"https:\/\/www.mmpwebtv.eu\/index.php\/2019\/07\/12\/caffe-col-prof-maria-laura-lanzillo\/#breadcrumb","itemListElement":[{"@type":"ListItem","position":1,"name":"Home","item":"https:\/\/www.mmpwebtv.eu\/"},{"@type":"ListItem","position":2,"name":"Caff\u00e8 col Prof \u2219 Maria Laura Lanzillo"}]},{"@type":"Article","@id":"https:\/\/www.mmpwebtv.eu\/index.php\/2019\/07\/12\/caffe-col-prof-maria-laura-lanzillo\/#article","isPartOf":{"@id":"https:\/\/www.mmpwebtv.eu\/index.php\/2019\/07\/12\/caffe-col-prof-maria-laura-lanzillo\/#webpage"},"author":{"@id":"https:\/\/www.mmpwebtv.eu\/#\/schema\/person\/4848c65626d1588551e847f88cda447a"},"headline":"Caff\u00e8 col Prof \u2219 Maria Laura Lanzillo","datePublished":"2019-07-12T16:30:48+00:00","dateModified":"2019-07-16T07:44:58+00:00","mainEntityOfPage":{"@id":"https:\/\/www.mmpwebtv.eu\/index.php\/2019\/07\/12\/caffe-col-prof-maria-laura-lanzillo\/#webpage"},"wordCount":26,"publisher":{"@id":"https:\/\/www.mmpwebtv.eu\/#organization"},"image":{"@id":"https:\/\/www.mmpwebtv.eu\/index.php\/2019\/07\/12\/caffe-col-prof-maria-laura-lanzillo\/#primaryimage"},"thumbnailUrl":"http:\/\/www.mmpwebtv.eu\/wp-content\/uploads\/2019\/07\/Anteprima-CCP-sito-03.png","keywords":["campus di forl\u00ec","Lanzillo Unibo","Maria Laura Lanzillo","Storia delle Dottrine Politiche","teorie politiche del multiculturalismo","unibo","Universit\u00e0 di Bologna"],"articleSection":["Caff\u00e8 col Prof"],"inLanguage":"it-IT"},{"@type":"Person","@id":"https:\/\/www.mmpwebtv.eu\/#\/schema\/person\/4848c65626d1588551e847f88cda447a","name":"admin","image":{"@type":"ImageObject","@id":"https:\/\/www.mmpwebtv.eu\/#personlogo","inLanguage":"it-IT","url":"http:\/\/0.gravatar.com\/avatar\/364ff6b737993d84049599bd8bd08384?s=96&d=mm&r=g","contentUrl":"http:\/\/0.gravatar.com\/avatar\/364ff6b737993d84049599bd8bd08384?s=96&d=mm&r=g","caption":"admin"}}]}},"_links":{"self":[{"href":"http:\/\/www.mmpwebtv.eu\/index.php\/wp-json\/wp\/v2\/posts\/1103"}],"collection":[{"href":"http:\/\/www.mmpwebtv.eu\/index.php\/wp-json\/wp\/v2\/posts"}],"about":[{"href":"http:\/\/www.mmpwebtv.eu\/index.php\/wp-json\/wp\/v2\/types\/post"}],"author":[{"embeddable":true,"href":"http:\/\/www.mmpwebtv.eu\/index.php\/wp-json\/wp\/v2\/users\/1"}],"replies":[{"embeddable":true,"href":"http:\/\/www.mmpwebtv.eu\/index.php\/wp-json\/wp\/v2\/comments?post=1103"}],"version-history":[{"count":1,"href":"http:\/\/www.mmpwebtv.eu\/index.php\/wp-json\/wp\/v2\/posts\/1103\/revisions"}],"predecessor-version":[{"id":1105,"href":"http:\/\/www.mmpwebtv.eu\/index.php\/wp-json\/wp\/v2\/posts\/1103\/revisions\/1105"}],"wp:featuredmedia":[{"embeddable":true,"href":"http:\/\/www.mmpwebtv.eu\/index.php\/wp-json\/wp\/v2\/media\/1104"}],"wp:attachment":[{"href":"http:\/\/www.mmpwebtv.eu\/index.php\/wp-json\/wp\/v2\/media?parent=1103"}],"wp:term":[{"taxonomy":"category","embeddable":true,"href":"http:\/\/www.mmpwebtv.eu\/index.php\/wp-json\/wp\/v2\/categories?post=1103"},{"taxonomy":"post_tag","embeddable":true,"href":"http:\/\/www.mmpwebtv.eu\/index.php\/wp-json\/wp\/v2\/tags?post=1103"}],"curies":[{"name":"wp","href":"https:\/\/api.w.org\/{rel}","templated":true}]}}