{"id":1119,"date":"2019-09-21T18:00:20","date_gmt":"2019-09-21T16:00:20","guid":{"rendered":"http:\/\/www.mmpwebtv.eu\/?p=1119"},"modified":"2019-09-13T12:03:06","modified_gmt":"2019-09-13T10:03:06","slug":"speciale-nato-model-event","status":"publish","type":"post","link":"http:\/\/www.mmpwebtv.eu\/index.php\/2019\/09\/21\/speciale-nato-model-event\/","title":{"rendered":"Speciale NATO Model Event"},"content":{"rendered":"<p>In attesa dell\u2019edizione 2019 del <a href=\"http:\/\/www.mmpwebtv.eu\/index.php\/tag\/nato-model-event\/\" target=\"_blank\" rel=\"noopener\">NATO Model Event<\/a>, che si svolger\u00e0 a Forl\u00ec il 25 e 26 settembre prossimi, ripercorriamo insieme la storia del NATO Model al Campus di Forl\u00ec dal 2006.<\/p>\n<p>Una esperienza formativa ricca e molto divertente!<\/p>\n","protected":false},"excerpt":{"rendered":"<p>In attesa dell\u2019edizione 2019 del NATO Model Event, che si svolger\u00e0 a Forl\u00ec il 25 e 26 settembre prossimi, ripercorriamo insieme la storia del NATO Model al Campus di Forl\u00ec dal 2006. Una esperienza formativa ricca e molto divertente!<\/p>\n","protected":false},"author":1,"featured_media":1120,"comment_status":"closed","ping_status":"closed","sticky":false,"template":"","format":"video","meta":[],"categories":[165],"tags":[322,75,119,112,113,14],"yoast_head":"<!-- This site is optimized with the Yoast SEO plugin v17.9 - https:\/\/yoast.com\/wordpress\/plugins\/seo\/ -->\n<title>Speciale NATO Model Event &bull; MMP Web TV<\/title>\n<meta name=\"description\" content=\"In attesa dell&#039;edizione 2019, che si terr\u00e0 il 25 e 26 settembre, ripercorriamo la storia del NATO Model Event al Campus di Forl\u00ec.\" \/>\n<meta name=\"robots\" content=\"noindex, follow\" \/>\n<meta property=\"og:locale\" content=\"it_IT\" \/>\n<meta property=\"og:type\" content=\"article\" \/>\n<meta property=\"og:title\" content=\"Speciale NATO Model Event &bull; MMP Web TV\" \/>\n<meta property=\"og:description\" content=\"In attesa dell&#039;edizione 2019, che si terr\u00e0 il 25 e 26 settembre, ripercorriamo la storia del NATO Model Event al Campus di Forl\u00ec.\" \/>\n<meta property=\"og:url\" content=\"http:\/\/www.mmpwebtv.eu\/index.php\/2019\/09\/21\/speciale-nato-model-event\/\" \/>\n<meta property=\"og:site_name\" content=\"MMP Web TV\" \/>\n<meta property=\"article:publisher\" content=\"https:\/\/www.facebook.com\/mmpwebtv\/\" \/>\n<meta property=\"article:published_time\" content=\"2019-09-21T16:00:20+00:00\" \/>\n<meta property=\"article:modified_time\" content=\"2019-09-13T10:03:06+00:00\" \/>\n<meta property=\"og:image\" content=\"http:\/\/www.mmpwebtv.eu\/wp-content\/uploads\/2019\/09\/Anteprima-TGC-sito-e-YouTube-04.png\" \/>\n\t<meta property=\"og:image:width\" content=\"1841\" \/>\n\t<meta property=\"og:image:height\" content=\"1081\" \/>\n\t<meta property=\"og:image:type\" content=\"image\/png\" \/>\n<meta name=\"twitter:card\" content=\"summary_large_image\" \/>\n<meta name=\"twitter:label1\" content=\"Scritto da\" \/>\n\t<meta name=\"twitter:data1\" content=\"admin\" \/>\n<script type=\"application\/ld+json\" class=\"yoast-schema-graph\">{\"@context\":\"https:\/\/schema.org\",\"@graph\":[{\"@type\":\"Organization\",\"@id\":\"https:\/\/www.mmpwebtv.eu\/#organization\",\"name\":\"MMP WebTV\",\"url\":\"https:\/\/www.mmpwebtv.eu\/\",\"sameAs\":[\"https:\/\/www.facebook.com\/mmpwebtv\/\",\"https:\/\/www.instagram.com\/mmpwebtv\/\"],\"logo\":{\"@type\":\"ImageObject\",\"@id\":\"https:\/\/www.mmpwebtv.eu\/#logo\",\"inLanguage\":\"it-IT\",\"url\":\"https:\/\/www.mmpwebtv.eu\/wp-content\/uploads\/2017\/04\/Logo-MMP-WebTv-02.png\",\"contentUrl\":\"https:\/\/www.mmpwebtv.eu\/wp-content\/uploads\/2017\/04\/Logo-MMP-WebTv-02.png\",\"width\":8000,\"height\":4500,\"caption\":\"MMP WebTV\"},\"image\":{\"@id\":\"https:\/\/www.mmpwebtv.eu\/#logo\"}},{\"@type\":\"WebSite\",\"@id\":\"https:\/\/www.mmpwebtv.eu\/#website\",\"url\":\"https:\/\/www.mmpwebtv.eu\/\",\"name\":\"MMP Web TV\",\"description\":\"La Web TV del Campus di Forl\\u00ec\",\"publisher\":{\"@id\":\"https:\/\/www.mmpwebtv.eu\/#organization\"},\"potentialAction\":[{\"@type\":\"SearchAction\",\"target\":{\"@type\":\"EntryPoint\",\"urlTemplate\":\"https:\/\/www.mmpwebtv.eu\/?s={search_term_string}\"},\"query-input\":\"required name=search_term_string\"}],\"inLanguage\":\"it-IT\"},{\"@type\":\"ImageObject\",\"@id\":\"http:\/\/www.mmpwebtv.eu\/index.php\/2019\/09\/21\/speciale-nato-model-event\/#primaryimage\",\"inLanguage\":\"it-IT\",\"url\":\"http:\/\/www.mmpwebtv.eu\/wp-content\/uploads\/2019\/09\/Anteprima-TGC-sito-e-YouTube-04.png\",\"contentUrl\":\"http:\/\/www.mmpwebtv.eu\/wp-content\/uploads\/2019\/09\/Anteprima-TGC-sito-e-YouTube-04.png\",\"width\":1841,\"height\":1081,\"caption\":\"NATO ACT Unibo Forl\\u00ec\"},{\"@type\":\"WebPage\",\"@id\":\"http:\/\/www.mmpwebtv.eu\/index.php\/2019\/09\/21\/speciale-nato-model-event\/#webpage\",\"url\":\"http:\/\/www.mmpwebtv.eu\/index.php\/2019\/09\/21\/speciale-nato-model-event\/\",\"name\":\"Speciale NATO Model Event &bull; MMP Web TV\",\"isPartOf\":{\"@id\":\"https:\/\/www.mmpwebtv.eu\/#website\"},\"primaryImageOfPage\":{\"@id\":\"http:\/\/www.mmpwebtv.eu\/index.php\/2019\/09\/21\/speciale-nato-model-event\/#primaryimage\"},\"datePublished\":\"2019-09-21T16:00:20+00:00\",\"dateModified\":\"2019-09-13T10:03:06+00:00\",\"description\":\"In attesa dell'edizione 2019, che si terr\\u00e0 il 25 e 26 settembre, ripercorriamo la storia del NATO Model Event al Campus di Forl\\u00ec.\",\"breadcrumb\":{\"@id\":\"http:\/\/www.mmpwebtv.eu\/index.php\/2019\/09\/21\/speciale-nato-model-event\/#breadcrumb\"},\"inLanguage\":\"it-IT\",\"potentialAction\":[{\"@type\":\"ReadAction\",\"target\":[\"http:\/\/www.mmpwebtv.eu\/index.php\/2019\/09\/21\/speciale-nato-model-event\/\"]}]},{\"@type\":\"BreadcrumbList\",\"@id\":\"http:\/\/www.mmpwebtv.eu\/index.php\/2019\/09\/21\/speciale-nato-model-event\/#breadcrumb\",\"itemListElement\":[{\"@type\":\"ListItem\",\"position\":1,\"name\":\"Home\",\"item\":\"https:\/\/www.mmpwebtv.eu\/\"},{\"@type\":\"ListItem\",\"position\":2,\"name\":\"Speciale NATO Model Event\"}]},{\"@type\":\"Article\",\"@id\":\"http:\/\/www.mmpwebtv.eu\/index.php\/2019\/09\/21\/speciale-nato-model-event\/#article\",\"isPartOf\":{\"@id\":\"http:\/\/www.mmpwebtv.eu\/index.php\/2019\/09\/21\/speciale-nato-model-event\/#webpage\"},\"author\":{\"@id\":\"https:\/\/www.mmpwebtv.eu\/#\/schema\/person\/4848c65626d1588551e847f88cda447a\"},\"headline\":\"Speciale NATO Model Event\",\"datePublished\":\"2019-09-21T16:00:20+00:00\",\"dateModified\":\"2019-09-13T10:03:06+00:00\",\"mainEntityOfPage\":{\"@id\":\"http:\/\/www.mmpwebtv.eu\/index.php\/2019\/09\/21\/speciale-nato-model-event\/#webpage\"},\"wordCount\":40,\"publisher\":{\"@id\":\"https:\/\/www.mmpwebtv.eu\/#organization\"},\"image\":{\"@id\":\"http:\/\/www.mmpwebtv.eu\/index.php\/2019\/09\/21\/speciale-nato-model-event\/#primaryimage\"},\"thumbnailUrl\":\"http:\/\/www.mmpwebtv.eu\/wp-content\/uploads\/2019\/09\/Anteprima-TGC-sito-e-YouTube-04.png\",\"keywords\":[\"ACT\",\"campus di forl\\u00ec\",\"MMP webTV\",\"nato\",\"nato model event\",\"unibo\"],\"articleSection\":[\"TG Campus\"],\"inLanguage\":\"it-IT\"},{\"@type\":\"Person\",\"@id\":\"https:\/\/www.mmpwebtv.eu\/#\/schema\/person\/4848c65626d1588551e847f88cda447a\",\"name\":\"admin\",\"image\":{\"@type\":\"ImageObject\",\"@id\":\"https:\/\/www.mmpwebtv.eu\/#personlogo\",\"inLanguage\":\"it-IT\",\"url\":\"http:\/\/0.gravatar.com\/avatar\/364ff6b737993d84049599bd8bd08384?s=96&d=mm&r=g\",\"contentUrl\":\"http:\/\/0.gravatar.com\/avatar\/364ff6b737993d84049599bd8bd08384?s=96&d=mm&r=g\",\"caption\":\"admin\"}}]}<\/script>\n<!-- \/ Yoast SEO plugin. -->","yoast_head_json":{"title":"Speciale NATO Model Event &bull; MMP Web TV","description":"In attesa dell'edizione 2019, che si terr\u00e0 il 25 e 26 settembre, ripercorriamo la storia del NATO Model Event al Campus di Forl\u00ec.","robots":{"index":"noindex","follow":"follow"},"og_locale":"it_IT","og_type":"article","og_title":"Speciale NATO Model Event &bull; MMP Web TV","og_description":"In attesa dell'edizione 2019, che si terr\u00e0 il 25 e 26 settembre, ripercorriamo la storia del NATO Model Event al Campus di Forl\u00ec.","og_url":"http:\/\/www.mmpwebtv.eu\/index.php\/2019\/09\/21\/speciale-nato-model-event\/","og_site_name":"MMP Web TV","article_publisher":"https:\/\/www.facebook.com\/mmpwebtv\/","article_published_time":"2019-09-21T16:00:20+00:00","article_modified_time":"2019-09-13T10:03:06+00:00","og_image":[{"width":1841,"height":1081,"url":"http:\/\/www.mmpwebtv.eu\/wp-content\/uploads\/2019\/09\/Anteprima-TGC-sito-e-YouTube-04.png","type":"image\/png"}],"twitter_card":"summary_large_image","twitter_misc":{"Scritto da":"admin"},"schema":{"@context":"https:\/\/schema.org","@graph":[{"@type":"Organization","@id":"https:\/\/www.mmpwebtv.eu\/#organization","name":"MMP WebTV","url":"https:\/\/www.mmpwebtv.eu\/","sameAs":["https:\/\/www.facebook.com\/mmpwebtv\/","https:\/\/www.instagram.com\/mmpwebtv\/"],"logo":{"@type":"ImageObject","@id":"https:\/\/www.mmpwebtv.eu\/#logo","inLanguage":"it-IT","url":"https:\/\/www.mmpwebtv.eu\/wp-content\/uploads\/2017\/04\/Logo-MMP-WebTv-02.png","contentUrl":"https:\/\/www.mmpwebtv.eu\/wp-content\/uploads\/2017\/04\/Logo-MMP-WebTv-02.png","width":8000,"height":4500,"caption":"MMP WebTV"},"image":{"@id":"https:\/\/www.mmpwebtv.eu\/#logo"}},{"@type":"WebSite","@id":"https:\/\/www.mmpwebtv.eu\/#website","url":"https:\/\/www.mmpwebtv.eu\/","name":"MMP Web TV","description":"La Web TV del Campus di Forl\u00ec","publisher":{"@id":"https:\/\/www.mmpwebtv.eu\/#organization"},"potentialAction":[{"@type":"SearchAction","target":{"@type":"EntryPoint","urlTemplate":"https:\/\/www.mmpwebtv.eu\/?s={search_term_string}"},"query-input":"required name=search_term_string"}],"inLanguage":"it-IT"},{"@type":"ImageObject","@id":"http:\/\/www.mmpwebtv.eu\/index.php\/2019\/09\/21\/speciale-nato-model-event\/#primaryimage","inLanguage":"it-IT","url":"http:\/\/www.mmpwebtv.eu\/wp-content\/uploads\/2019\/09\/Anteprima-TGC-sito-e-YouTube-04.png","contentUrl":"http:\/\/www.mmpwebtv.eu\/wp-content\/uploads\/2019\/09\/Anteprima-TGC-sito-e-YouTube-04.png","width":1841,"height":1081,"caption":"NATO ACT Unibo Forl\u00ec"},{"@type":"WebPage","@id":"http:\/\/www.mmpwebtv.eu\/index.php\/2019\/09\/21\/speciale-nato-model-event\/#webpage","url":"http:\/\/www.mmpwebtv.eu\/index.php\/2019\/09\/21\/speciale-nato-model-event\/","name":"Speciale NATO Model Event &bull; MMP Web TV","isPartOf":{"@id":"https:\/\/www.mmpwebtv.eu\/#website"},"primaryImageOfPage":{"@id":"http:\/\/www.mmpwebtv.eu\/index.php\/2019\/09\/21\/speciale-nato-model-event\/#primaryimage"},"datePublished":"2019-09-21T16:00:20+00:00","dateModified":"2019-09-13T10:03:06+00:00","description":"In attesa dell'edizione 2019, che si terr\u00e0 il 25 e 26 settembre, ripercorriamo la storia del NATO Model Event al Campus di Forl\u00ec.","breadcrumb":{"@id":"http:\/\/www.mmpwebtv.eu\/index.php\/2019\/09\/21\/speciale-nato-model-event\/#breadcrumb"},"inLanguage":"it-IT","potentialAction":[{"@type":"ReadAction","target":["http:\/\/www.mmpwebtv.eu\/index.php\/2019\/09\/21\/speciale-nato-model-event\/"]}]},{"@type":"BreadcrumbList","@id":"http:\/\/www.mmpwebtv.eu\/index.php\/2019\/09\/21\/speciale-nato-model-event\/#breadcrumb","itemListElement":[{"@type":"ListItem","position":1,"name":"Home","item":"https:\/\/www.mmpwebtv.eu\/"},{"@type":"ListItem","position":2,"name":"Speciale NATO Model Event"}]},{"@type":"Article","@id":"http:\/\/www.mmpwebtv.eu\/index.php\/2019\/09\/21\/speciale-nato-model-event\/#article","isPartOf":{"@id":"http:\/\/www.mmpwebtv.eu\/index.php\/2019\/09\/21\/speciale-nato-model-event\/#webpage"},"author":{"@id":"https:\/\/www.mmpwebtv.eu\/#\/schema\/person\/4848c65626d1588551e847f88cda447a"},"headline":"Speciale NATO Model Event","datePublished":"2019-09-21T16:00:20+00:00","dateModified":"2019-09-13T10:03:06+00:00","mainEntityOfPage":{"@id":"http:\/\/www.mmpwebtv.eu\/index.php\/2019\/09\/21\/speciale-nato-model-event\/#webpage"},"wordCount":40,"publisher":{"@id":"https:\/\/www.mmpwebtv.eu\/#organization"},"image":{"@id":"http:\/\/www.mmpwebtv.eu\/index.php\/2019\/09\/21\/speciale-nato-model-event\/#primaryimage"},"thumbnailUrl":"http:\/\/www.mmpwebtv.eu\/wp-content\/uploads\/2019\/09\/Anteprima-TGC-sito-e-YouTube-04.png","keywords":["ACT","campus di forl\u00ec","MMP webTV","nato","nato model event","unibo"],"articleSection":["TG Campus"],"inLanguage":"it-IT"},{"@type":"Person","@id":"https:\/\/www.mmpwebtv.eu\/#\/schema\/person\/4848c65626d1588551e847f88cda447a","name":"admin","image":{"@type":"ImageObject","@id":"https:\/\/www.mmpwebtv.eu\/#personlogo","inLanguage":"it-IT","url":"http:\/\/0.gravatar.com\/avatar\/364ff6b737993d84049599bd8bd08384?s=96&d=mm&r=g","contentUrl":"http:\/\/0.gravatar.com\/avatar\/364ff6b737993d84049599bd8bd08384?s=96&d=mm&r=g","caption":"admin"}}]}},"_links":{"self":[{"href":"http:\/\/www.mmpwebtv.eu\/index.php\/wp-json\/wp\/v2\/posts\/1119"}],"collection":[{"href":"http:\/\/www.mmpwebtv.eu\/index.php\/wp-json\/wp\/v2\/posts"}],"about":[{"href":"http:\/\/www.mmpwebtv.eu\/index.php\/wp-json\/wp\/v2\/types\/post"}],"author":[{"embeddable":true,"href":"http:\/\/www.mmpwebtv.eu\/index.php\/wp-json\/wp\/v2\/users\/1"}],"replies":[{"embeddable":true,"href":"http:\/\/www.mmpwebtv.eu\/index.php\/wp-json\/wp\/v2\/comments?post=1119"}],"version-history":[{"count":1,"href":"http:\/\/www.mmpwebtv.eu\/index.php\/wp-json\/wp\/v2\/posts\/1119\/revisions"}],"predecessor-version":[{"id":1121,"href":"http:\/\/www.mmpwebtv.eu\/index.php\/wp-json\/wp\/v2\/posts\/1119\/revisions\/1121"}],"wp:featuredmedia":[{"embeddable":true,"href":"http:\/\/www.mmpwebtv.eu\/index.php\/wp-json\/wp\/v2\/media\/1120"}],"wp:attachment":[{"href":"http:\/\/www.mmpwebtv.eu\/index.php\/wp-json\/wp\/v2\/media?parent=1119"}],"wp:term":[{"taxonomy":"category","embeddable":true,"href":"http:\/\/www.mmpwebtv.eu\/index.php\/wp-json\/wp\/v2\/categories?post=1119"},{"taxonomy":"post_tag","embeddable":true,"href":"http:\/\/www.mmpwebtv.eu\/index.php\/wp-json\/wp\/v2\/tags?post=1119"}],"curies":[{"name":"wp","href":"https:\/\/api.w.org\/{rel}","templated":true}]}}