{"id":1204,"date":"2019-10-31T13:00:48","date_gmt":"2019-10-31T12:00:48","guid":{"rendered":"http:\/\/www.mmpwebtv.eu\/?p=1204"},"modified":"2019-10-31T15:04:23","modified_gmt":"2019-10-31T14:04:23","slug":"edizione-31-ottobre","status":"publish","type":"post","link":"http:\/\/www.mmpwebtv.eu\/index.php\/2019\/10\/31\/edizione-31-ottobre\/","title":{"rendered":"Edizione 31 ottobre"},"content":{"rendered":"<p>Siamo stati a Lido di Classe per mostrarvi\u00a0<a href=\"https:\/\/site.unibo.it\/multicampus-sostenibile\/it\/agenda\/spiaggialonga-2019\">SPIAGGIALONGA<\/a>, la nuova iniziativa <em>green<\/em> organizzata dall&#8217;Universit\u00e0 di Bologna, nell&#8217;ambito del progetto\u00a0<em>Multicampus sostenibile<\/em>. Oltre a prevedere una serie di conferenze su tematiche legate all&#8217;ambiente, l&#8217;evento ha coinvolto i bambini delle scuole primarie e secondarie per un progetto di pulizia delle spiagge della Riviera Romagnola.<\/p>\n<p>Torniamo a Forl\u00ec per l&#8217;inaugurazione della mostra <strong>NEC SPE NEC METU<\/strong> di <a href=\"http:\/\/www.lucafreschi.com\">Luca Freschi<\/a> che, nell&#8217;ambito del progetto <a href=\"http:\/\/www.artealmonteforli.it\">Artealmonte<\/a>, espone le sue opere al Palazzo Monte di Piet\u00e0 fino al 24 novembre.<\/p>\n<p>Infine, abbiamo incontrato i ragazzi di <a href=\"https:\/\/www.facebook.com\/Forl\u00ec-Meticcia-112527760165674\/\">Forl\u00ec Meticcia<\/a> per l&#8217;inaugurazione di nuove aule studio nella sede di <a href=\"https:\/\/www.facebook.com\/ForliCittaAperta\/\">Forl\u00ec Citt\u00e0 Aperta<\/a>. Le aule saranno aperte tutti i sabato e domenica, per andare incontro alle esigenze degli studenti e non solo.<\/p>\n","protected":false},"excerpt":{"rendered":"<p>Siamo stati a Lido di Classe per mostrarvi\u00a0SPIAGGIALONGA, la nuova iniziativa green organizzata dall&#8217;Universit\u00e0 di Bologna, nell&#8217;ambito del progetto\u00a0Multicampus sostenibile. Oltre a prevedere una serie di conferenze su tematiche legate all&#8217;ambiente, l&#8217;evento ha coinvolto i bambini delle scuole primarie e secondarie per un progetto di pulizia delle spiagge della Riviera Romagnola. Torniamo a Forl\u00ec per [&hellip;]<\/p>\n","protected":false},"author":1,"featured_media":1205,"comment_status":"closed","ping_status":"closed","sticky":false,"template":"","format":"video","meta":[],"categories":[165],"tags":[323,994,534,993,991,992,989,14,990],"yoast_head":"<!-- This site is optimized with the Yoast SEO plugin v17.9 - https:\/\/yoast.com\/wordpress\/plugins\/seo\/ -->\n<title>Edizione 31 ottobre &bull; TG CAMPUS &bull; MMP Web TV<\/title>\n<meta name=\"description\" content=\"La nuova iniziativa green dell&#039;Unibo, una nuova mostra ad Artealmonte e nuove aule studio aperte nel weekend. Tutte le novit\u00e0 della settimana!\" \/>\n<meta name=\"robots\" content=\"noindex, follow\" \/>\n<meta property=\"og:locale\" content=\"it_IT\" \/>\n<meta property=\"og:type\" content=\"article\" \/>\n<meta property=\"og:title\" content=\"Edizione 31 ottobre &bull; TG CAMPUS &bull; MMP Web TV\" \/>\n<meta property=\"og:description\" content=\"La nuova iniziativa green dell&#039;Unibo, una nuova mostra ad Artealmonte e nuove aule studio aperte nel weekend. Tutte le novit\u00e0 della settimana!\" \/>\n<meta property=\"og:url\" content=\"http:\/\/www.mmpwebtv.eu\/index.php\/2019\/10\/31\/edizione-31-ottobre\/\" \/>\n<meta property=\"og:site_name\" content=\"MMP Web TV\" \/>\n<meta property=\"article:publisher\" content=\"https:\/\/www.facebook.com\/mmpwebtv\/\" \/>\n<meta property=\"article:published_time\" content=\"2019-10-31T12:00:48+00:00\" \/>\n<meta property=\"article:modified_time\" content=\"2019-10-31T14:04:23+00:00\" \/>\n<meta property=\"og:image\" content=\"http:\/\/www.mmpwebtv.eu\/wp-content\/uploads\/2019\/10\/31-ottobre.jpg\" \/>\n\t<meta property=\"og:image:width\" content=\"1840\" \/>\n\t<meta property=\"og:image:height\" content=\"1080\" \/>\n\t<meta property=\"og:image:type\" content=\"image\/jpeg\" \/>\n<meta name=\"twitter:card\" content=\"summary_large_image\" \/>\n<meta name=\"twitter:label1\" content=\"Scritto da\" \/>\n\t<meta name=\"twitter:data1\" content=\"admin\" \/>\n\t<meta name=\"twitter:label2\" content=\"Tempo di lettura stimato\" \/>\n\t<meta name=\"twitter:data2\" content=\"1 minuto\" \/>\n<script type=\"application\/ld+json\" class=\"yoast-schema-graph\">{\"@context\":\"https:\/\/schema.org\",\"@graph\":[{\"@type\":\"Organization\",\"@id\":\"https:\/\/www.mmpwebtv.eu\/#organization\",\"name\":\"MMP WebTV\",\"url\":\"https:\/\/www.mmpwebtv.eu\/\",\"sameAs\":[\"https:\/\/www.facebook.com\/mmpwebtv\/\",\"https:\/\/www.instagram.com\/mmpwebtv\/\"],\"logo\":{\"@type\":\"ImageObject\",\"@id\":\"https:\/\/www.mmpwebtv.eu\/#logo\",\"inLanguage\":\"it-IT\",\"url\":\"https:\/\/www.mmpwebtv.eu\/wp-content\/uploads\/2017\/04\/Logo-MMP-WebTv-02.png\",\"contentUrl\":\"https:\/\/www.mmpwebtv.eu\/wp-content\/uploads\/2017\/04\/Logo-MMP-WebTv-02.png\",\"width\":8000,\"height\":4500,\"caption\":\"MMP WebTV\"},\"image\":{\"@id\":\"https:\/\/www.mmpwebtv.eu\/#logo\"}},{\"@type\":\"WebSite\",\"@id\":\"https:\/\/www.mmpwebtv.eu\/#website\",\"url\":\"https:\/\/www.mmpwebtv.eu\/\",\"name\":\"MMP Web TV\",\"description\":\"La Web TV del Campus di Forl\\u00ec\",\"publisher\":{\"@id\":\"https:\/\/www.mmpwebtv.eu\/#organization\"},\"potentialAction\":[{\"@type\":\"SearchAction\",\"target\":{\"@type\":\"EntryPoint\",\"urlTemplate\":\"https:\/\/www.mmpwebtv.eu\/?s={search_term_string}\"},\"query-input\":\"required name=search_term_string\"}],\"inLanguage\":\"it-IT\"},{\"@type\":\"ImageObject\",\"@id\":\"http:\/\/www.mmpwebtv.eu\/index.php\/2019\/10\/31\/edizione-31-ottobre\/#primaryimage\",\"inLanguage\":\"it-IT\",\"url\":\"http:\/\/www.mmpwebtv.eu\/wp-content\/uploads\/2019\/10\/31-ottobre.jpg\",\"contentUrl\":\"http:\/\/www.mmpwebtv.eu\/wp-content\/uploads\/2019\/10\/31-ottobre.jpg\",\"width\":1840,\"height\":1080},{\"@type\":\"WebPage\",\"@id\":\"http:\/\/www.mmpwebtv.eu\/index.php\/2019\/10\/31\/edizione-31-ottobre\/#webpage\",\"url\":\"http:\/\/www.mmpwebtv.eu\/index.php\/2019\/10\/31\/edizione-31-ottobre\/\",\"name\":\"Edizione 31 ottobre &bull; TG CAMPUS &bull; MMP Web TV\",\"isPartOf\":{\"@id\":\"https:\/\/www.mmpwebtv.eu\/#website\"},\"primaryImageOfPage\":{\"@id\":\"http:\/\/www.mmpwebtv.eu\/index.php\/2019\/10\/31\/edizione-31-ottobre\/#primaryimage\"},\"datePublished\":\"2019-10-31T12:00:48+00:00\",\"dateModified\":\"2019-10-31T14:04:23+00:00\",\"description\":\"La nuova iniziativa green dell'Unibo, una nuova mostra ad Artealmonte e nuove aule studio aperte nel weekend. Tutte le novit\\u00e0 della settimana!\",\"breadcrumb\":{\"@id\":\"http:\/\/www.mmpwebtv.eu\/index.php\/2019\/10\/31\/edizione-31-ottobre\/#breadcrumb\"},\"inLanguage\":\"it-IT\",\"potentialAction\":[{\"@type\":\"ReadAction\",\"target\":[\"http:\/\/www.mmpwebtv.eu\/index.php\/2019\/10\/31\/edizione-31-ottobre\/\"]}]},{\"@type\":\"BreadcrumbList\",\"@id\":\"http:\/\/www.mmpwebtv.eu\/index.php\/2019\/10\/31\/edizione-31-ottobre\/#breadcrumb\",\"itemListElement\":[{\"@type\":\"ListItem\",\"position\":1,\"name\":\"Home\",\"item\":\"https:\/\/www.mmpwebtv.eu\/\"},{\"@type\":\"ListItem\",\"position\":2,\"name\":\"Edizione 31 ottobre\"}]},{\"@type\":\"Article\",\"@id\":\"http:\/\/www.mmpwebtv.eu\/index.php\/2019\/10\/31\/edizione-31-ottobre\/#article\",\"isPartOf\":{\"@id\":\"http:\/\/www.mmpwebtv.eu\/index.php\/2019\/10\/31\/edizione-31-ottobre\/#webpage\"},\"author\":{\"@id\":\"https:\/\/www.mmpwebtv.eu\/#\/schema\/person\/4848c65626d1588551e847f88cda447a\"},\"headline\":\"Edizione 31 ottobre\",\"datePublished\":\"2019-10-31T12:00:48+00:00\",\"dateModified\":\"2019-10-31T14:04:23+00:00\",\"mainEntityOfPage\":{\"@id\":\"http:\/\/www.mmpwebtv.eu\/index.php\/2019\/10\/31\/edizione-31-ottobre\/#webpage\"},\"wordCount\":125,\"publisher\":{\"@id\":\"https:\/\/www.mmpwebtv.eu\/#organization\"},\"image\":{\"@id\":\"http:\/\/www.mmpwebtv.eu\/index.php\/2019\/10\/31\/edizione-31-ottobre\/#primaryimage\"},\"thumbnailUrl\":\"http:\/\/www.mmpwebtv.eu\/wp-content\/uploads\/2019\/10\/31-ottobre.jpg\",\"keywords\":[\"artealmonte\",\"aule studio\",\"Forl\\u00ec Citt\\u00e0 Aperta\",\"Forl\\u00ec meticcia\",\"Luca Freschi\",\"Nec spe nec metu\",\"Spiaggialonga\",\"unibo\",\"Unibo green\"],\"articleSection\":[\"TG Campus\"],\"inLanguage\":\"it-IT\"},{\"@type\":\"Person\",\"@id\":\"https:\/\/www.mmpwebtv.eu\/#\/schema\/person\/4848c65626d1588551e847f88cda447a\",\"name\":\"admin\",\"image\":{\"@type\":\"ImageObject\",\"@id\":\"https:\/\/www.mmpwebtv.eu\/#personlogo\",\"inLanguage\":\"it-IT\",\"url\":\"http:\/\/0.gravatar.com\/avatar\/364ff6b737993d84049599bd8bd08384?s=96&d=mm&r=g\",\"contentUrl\":\"http:\/\/0.gravatar.com\/avatar\/364ff6b737993d84049599bd8bd08384?s=96&d=mm&r=g\",\"caption\":\"admin\"}}]}<\/script>\n<!-- \/ Yoast SEO plugin. -->","yoast_head_json":{"title":"Edizione 31 ottobre &bull; TG CAMPUS &bull; MMP Web TV","description":"La nuova iniziativa green dell'Unibo, una nuova mostra ad Artealmonte e nuove aule studio aperte nel weekend. Tutte le novit\u00e0 della settimana!","robots":{"index":"noindex","follow":"follow"},"og_locale":"it_IT","og_type":"article","og_title":"Edizione 31 ottobre &bull; TG CAMPUS &bull; MMP Web TV","og_description":"La nuova iniziativa green dell'Unibo, una nuova mostra ad Artealmonte e nuove aule studio aperte nel weekend. Tutte le novit\u00e0 della settimana!","og_url":"http:\/\/www.mmpwebtv.eu\/index.php\/2019\/10\/31\/edizione-31-ottobre\/","og_site_name":"MMP Web TV","article_publisher":"https:\/\/www.facebook.com\/mmpwebtv\/","article_published_time":"2019-10-31T12:00:48+00:00","article_modified_time":"2019-10-31T14:04:23+00:00","og_image":[{"width":1840,"height":1080,"url":"http:\/\/www.mmpwebtv.eu\/wp-content\/uploads\/2019\/10\/31-ottobre.jpg","type":"image\/jpeg"}],"twitter_card":"summary_large_image","twitter_misc":{"Scritto da":"admin","Tempo di lettura stimato":"1 minuto"},"schema":{"@context":"https:\/\/schema.org","@graph":[{"@type":"Organization","@id":"https:\/\/www.mmpwebtv.eu\/#organization","name":"MMP WebTV","url":"https:\/\/www.mmpwebtv.eu\/","sameAs":["https:\/\/www.facebook.com\/mmpwebtv\/","https:\/\/www.instagram.com\/mmpwebtv\/"],"logo":{"@type":"ImageObject","@id":"https:\/\/www.mmpwebtv.eu\/#logo","inLanguage":"it-IT","url":"https:\/\/www.mmpwebtv.eu\/wp-content\/uploads\/2017\/04\/Logo-MMP-WebTv-02.png","contentUrl":"https:\/\/www.mmpwebtv.eu\/wp-content\/uploads\/2017\/04\/Logo-MMP-WebTv-02.png","width":8000,"height":4500,"caption":"MMP WebTV"},"image":{"@id":"https:\/\/www.mmpwebtv.eu\/#logo"}},{"@type":"WebSite","@id":"https:\/\/www.mmpwebtv.eu\/#website","url":"https:\/\/www.mmpwebtv.eu\/","name":"MMP Web TV","description":"La Web TV del Campus di Forl\u00ec","publisher":{"@id":"https:\/\/www.mmpwebtv.eu\/#organization"},"potentialAction":[{"@type":"SearchAction","target":{"@type":"EntryPoint","urlTemplate":"https:\/\/www.mmpwebtv.eu\/?s={search_term_string}"},"query-input":"required name=search_term_string"}],"inLanguage":"it-IT"},{"@type":"ImageObject","@id":"http:\/\/www.mmpwebtv.eu\/index.php\/2019\/10\/31\/edizione-31-ottobre\/#primaryimage","inLanguage":"it-IT","url":"http:\/\/www.mmpwebtv.eu\/wp-content\/uploads\/2019\/10\/31-ottobre.jpg","contentUrl":"http:\/\/www.mmpwebtv.eu\/wp-content\/uploads\/2019\/10\/31-ottobre.jpg","width":1840,"height":1080},{"@type":"WebPage","@id":"http:\/\/www.mmpwebtv.eu\/index.php\/2019\/10\/31\/edizione-31-ottobre\/#webpage","url":"http:\/\/www.mmpwebtv.eu\/index.php\/2019\/10\/31\/edizione-31-ottobre\/","name":"Edizione 31 ottobre &bull; TG CAMPUS &bull; MMP Web TV","isPartOf":{"@id":"https:\/\/www.mmpwebtv.eu\/#website"},"primaryImageOfPage":{"@id":"http:\/\/www.mmpwebtv.eu\/index.php\/2019\/10\/31\/edizione-31-ottobre\/#primaryimage"},"datePublished":"2019-10-31T12:00:48+00:00","dateModified":"2019-10-31T14:04:23+00:00","description":"La nuova iniziativa green dell'Unibo, una nuova mostra ad Artealmonte e nuove aule studio aperte nel weekend. Tutte le novit\u00e0 della settimana!","breadcrumb":{"@id":"http:\/\/www.mmpwebtv.eu\/index.php\/2019\/10\/31\/edizione-31-ottobre\/#breadcrumb"},"inLanguage":"it-IT","potentialAction":[{"@type":"ReadAction","target":["http:\/\/www.mmpwebtv.eu\/index.php\/2019\/10\/31\/edizione-31-ottobre\/"]}]},{"@type":"BreadcrumbList","@id":"http:\/\/www.mmpwebtv.eu\/index.php\/2019\/10\/31\/edizione-31-ottobre\/#breadcrumb","itemListElement":[{"@type":"ListItem","position":1,"name":"Home","item":"https:\/\/www.mmpwebtv.eu\/"},{"@type":"ListItem","position":2,"name":"Edizione 31 ottobre"}]},{"@type":"Article","@id":"http:\/\/www.mmpwebtv.eu\/index.php\/2019\/10\/31\/edizione-31-ottobre\/#article","isPartOf":{"@id":"http:\/\/www.mmpwebtv.eu\/index.php\/2019\/10\/31\/edizione-31-ottobre\/#webpage"},"author":{"@id":"https:\/\/www.mmpwebtv.eu\/#\/schema\/person\/4848c65626d1588551e847f88cda447a"},"headline":"Edizione 31 ottobre","datePublished":"2019-10-31T12:00:48+00:00","dateModified":"2019-10-31T14:04:23+00:00","mainEntityOfPage":{"@id":"http:\/\/www.mmpwebtv.eu\/index.php\/2019\/10\/31\/edizione-31-ottobre\/#webpage"},"wordCount":125,"publisher":{"@id":"https:\/\/www.mmpwebtv.eu\/#organization"},"image":{"@id":"http:\/\/www.mmpwebtv.eu\/index.php\/2019\/10\/31\/edizione-31-ottobre\/#primaryimage"},"thumbnailUrl":"http:\/\/www.mmpwebtv.eu\/wp-content\/uploads\/2019\/10\/31-ottobre.jpg","keywords":["artealmonte","aule studio","Forl\u00ec Citt\u00e0 Aperta","Forl\u00ec meticcia","Luca Freschi","Nec spe nec metu","Spiaggialonga","unibo","Unibo green"],"articleSection":["TG Campus"],"inLanguage":"it-IT"},{"@type":"Person","@id":"https:\/\/www.mmpwebtv.eu\/#\/schema\/person\/4848c65626d1588551e847f88cda447a","name":"admin","image":{"@type":"ImageObject","@id":"https:\/\/www.mmpwebtv.eu\/#personlogo","inLanguage":"it-IT","url":"http:\/\/0.gravatar.com\/avatar\/364ff6b737993d84049599bd8bd08384?s=96&d=mm&r=g","contentUrl":"http:\/\/0.gravatar.com\/avatar\/364ff6b737993d84049599bd8bd08384?s=96&d=mm&r=g","caption":"admin"}}]}},"_links":{"self":[{"href":"http:\/\/www.mmpwebtv.eu\/index.php\/wp-json\/wp\/v2\/posts\/1204"}],"collection":[{"href":"http:\/\/www.mmpwebtv.eu\/index.php\/wp-json\/wp\/v2\/posts"}],"about":[{"href":"http:\/\/www.mmpwebtv.eu\/index.php\/wp-json\/wp\/v2\/types\/post"}],"author":[{"embeddable":true,"href":"http:\/\/www.mmpwebtv.eu\/index.php\/wp-json\/wp\/v2\/users\/1"}],"replies":[{"embeddable":true,"href":"http:\/\/www.mmpwebtv.eu\/index.php\/wp-json\/wp\/v2\/comments?post=1204"}],"version-history":[{"count":2,"href":"http:\/\/www.mmpwebtv.eu\/index.php\/wp-json\/wp\/v2\/posts\/1204\/revisions"}],"predecessor-version":[{"id":1207,"href":"http:\/\/www.mmpwebtv.eu\/index.php\/wp-json\/wp\/v2\/posts\/1204\/revisions\/1207"}],"wp:featuredmedia":[{"embeddable":true,"href":"http:\/\/www.mmpwebtv.eu\/index.php\/wp-json\/wp\/v2\/media\/1205"}],"wp:attachment":[{"href":"http:\/\/www.mmpwebtv.eu\/index.php\/wp-json\/wp\/v2\/media?parent=1204"}],"wp:term":[{"taxonomy":"category","embeddable":true,"href":"http:\/\/www.mmpwebtv.eu\/index.php\/wp-json\/wp\/v2\/categories?post=1204"},{"taxonomy":"post_tag","embeddable":true,"href":"http:\/\/www.mmpwebtv.eu\/index.php\/wp-json\/wp\/v2\/tags?post=1204"}],"curies":[{"name":"wp","href":"https:\/\/api.w.org\/{rel}","templated":true}]}}