{"id":1218,"date":"2019-11-21T18:00:05","date_gmt":"2019-11-21T17:00:05","guid":{"rendered":"http:\/\/www.mmpwebtv.eu\/?p=1218"},"modified":"2019-11-21T18:13:36","modified_gmt":"2019-11-21T17:13:36","slug":"edizione-21-novembre","status":"publish","type":"post","link":"http:\/\/www.mmpwebtv.eu\/index.php\/2019\/11\/21\/edizione-21-novembre\/","title":{"rendered":"Edizione 21 novembre"},"content":{"rendered":"<p>Bentornati al TG Campus!<\/p>\n<p>In questa edizione vi proponiamo il servizio sull&#8217;inaugurazione del 932\u00b0 Anno Accademico dell&#8217;<a href=\"https:\/\/www.unibo.it\/it\">Universit\u00e0 di Bologna<\/a>, tenutasi venerd\u00ec 15 novembre.<br \/>\nPer la prima volta la cerimonia si \u00e8 svolta nei quattro\u00a0<strong>Campus della Romagna<\/strong>. Quest\u2019anno, infatti, ricorrono i 30 anni dall\u2019insediamento romagnolo e la nascita del Multicampus e, per l\u2019occasione, le sedi di <a href=\"https:\/\/www.unibo.it\/it\/campus-cesena\">Cesena<\/a>, <a href=\"https:\/\/www.unibo.it\/it\/campus-forli\">Forl\u00ec<\/a>, <a href=\"https:\/\/www.unibo.it\/it\/campus-ravenna\">Ravenna<\/a> e <a href=\"https:\/\/www.unibo.it\/it\/campus-rimini\">Rimini<\/a> hanno dato vita ciascuna a una propria cerimonia con cortei di togati, ospiti e lezioni magistrali.<br \/>\nIl corteo rettorale \u00e8 stato ospitato dal Campus di Cesena, mentre le altre sedi hanno seguito in video collegamento il discorso del Rettore, Francesco Ubertini, della Rappresentante degli studenti, Anna Zanoli e della Rappresentante del personale tecnico-amministrativo Anna Muraro.<br \/>\nL\u2019evento \u00e8 poi proseguito nelle singole sedi con gli interventi dei rappresentati degli Alumni e dei Presidenti di Campus: Massimo Cicognani, Luca Mazzara, Elena Fabbri e Sergio Brasini; ed ancora, in ogni Campus, un\u2019ospite d\u2019eccezione ha tenuto una lectio magistralis: a Cesena, Marino Sinibaldi ha presentato \u201cLe avventure dell\u2019ingegno\u201d; a Forl\u00ec, Anna Maria Giordano \u201cPer un nuovo ordine globale, da Seattle a FridaysForFutures\u201d; Antonio Forcellino, a Ravenna, ha parlato di \u201cRestauro come istinto\u201d mentre a Rimini Riccardo Iacona del \u201cDilemma del Bicchiere\u201d.<\/p>\n<p>&nbsp;<\/p>\n<p>A seguire, il servizio sulla mostra <strong>Prague Spring Firsthand<\/strong> organizzata da Gacy &#8217;68, in collaborazione con gli studenti del <a href=\"https:\/\/corsi.unibo.it\/2cycle\/mirees\">MIREES<\/a> coordinati dal Professore Francesco Privitera allestita negli spazi del Teaching Hub del Campus di Forl\u00ec.<\/p>\n<p>&nbsp;<\/p>\n","protected":false},"excerpt":{"rendered":"<p>Bentornati al TG Campus! In questa edizione vi proponiamo il servizio sull&#8217;inaugurazione del 932\u00b0 Anno Accademico dell&#8217;Universit\u00e0 di Bologna, tenutasi venerd\u00ec 15 novembre. Per la prima volta la cerimonia si \u00e8 svolta nei quattro\u00a0Campus della Romagna. Quest\u2019anno, infatti, ricorrono i 30 anni dall\u2019insediamento romagnolo e la nascita del Multicampus e, per l\u2019occasione, le sedi di [&hellip;]<\/p>\n","protected":false},"author":1,"featured_media":1219,"comment_status":"closed","ping_status":"closed","sticky":false,"template":"","format":"video","meta":[],"categories":[165],"tags":[97,1000,1001,802,1002,811,14],"yoast_head":"<!-- This site is optimized with the Yoast SEO plugin v17.9 - https:\/\/yoast.com\/wordpress\/plugins\/seo\/ -->\n<title>TG Campus &bull; Edizione 21 novembre &bull; MMP Web TV<\/title>\n<meta name=\"description\" content=\"Vi portiamo nei quattro Campus della Romagna per l&#039;Inaugurazione del 932\u00b0 Anno Accademico e alla scoperta della Primavera di Praga in una mostra al TH.\" \/>\n<meta name=\"robots\" content=\"noindex, follow\" \/>\n<meta property=\"og:locale\" content=\"it_IT\" \/>\n<meta property=\"og:type\" content=\"article\" \/>\n<meta property=\"og:title\" content=\"TG Campus &bull; Edizione 21 novembre &bull; MMP Web TV\" \/>\n<meta property=\"og:description\" content=\"Vi portiamo nei quattro Campus della Romagna per l&#039;Inaugurazione del 932\u00b0 Anno Accademico e alla scoperta della Primavera di Praga in una mostra al TH.\" \/>\n<meta property=\"og:url\" content=\"http:\/\/www.mmpwebtv.eu\/index.php\/2019\/11\/21\/edizione-21-novembre\/\" \/>\n<meta property=\"og:site_name\" content=\"MMP Web TV\" \/>\n<meta property=\"article:publisher\" content=\"https:\/\/www.facebook.com\/mmpwebtv\/\" \/>\n<meta property=\"article:published_time\" content=\"2019-11-21T17:00:05+00:00\" \/>\n<meta property=\"article:modified_time\" content=\"2019-11-21T17:13:36+00:00\" \/>\n<meta property=\"og:image\" content=\"http:\/\/www.mmpwebtv.eu\/wp-content\/uploads\/2019\/11\/21-novembre.jpg\" \/>\n\t<meta property=\"og:image:width\" content=\"1840\" \/>\n\t<meta property=\"og:image:height\" content=\"1080\" \/>\n\t<meta property=\"og:image:type\" content=\"image\/jpeg\" \/>\n<meta name=\"twitter:card\" content=\"summary_large_image\" \/>\n<meta name=\"twitter:label1\" content=\"Scritto da\" \/>\n\t<meta name=\"twitter:data1\" content=\"admin\" \/>\n\t<meta name=\"twitter:label2\" content=\"Tempo di lettura stimato\" \/>\n\t<meta name=\"twitter:data2\" content=\"1 minuto\" \/>\n<script type=\"application\/ld+json\" class=\"yoast-schema-graph\">{\"@context\":\"https:\/\/schema.org\",\"@graph\":[{\"@type\":\"Organization\",\"@id\":\"https:\/\/www.mmpwebtv.eu\/#organization\",\"name\":\"MMP WebTV\",\"url\":\"https:\/\/www.mmpwebtv.eu\/\",\"sameAs\":[\"https:\/\/www.facebook.com\/mmpwebtv\/\",\"https:\/\/www.instagram.com\/mmpwebtv\/\"],\"logo\":{\"@type\":\"ImageObject\",\"@id\":\"https:\/\/www.mmpwebtv.eu\/#logo\",\"inLanguage\":\"it-IT\",\"url\":\"https:\/\/www.mmpwebtv.eu\/wp-content\/uploads\/2017\/04\/Logo-MMP-WebTv-02.png\",\"contentUrl\":\"https:\/\/www.mmpwebtv.eu\/wp-content\/uploads\/2017\/04\/Logo-MMP-WebTv-02.png\",\"width\":8000,\"height\":4500,\"caption\":\"MMP WebTV\"},\"image\":{\"@id\":\"https:\/\/www.mmpwebtv.eu\/#logo\"}},{\"@type\":\"WebSite\",\"@id\":\"https:\/\/www.mmpwebtv.eu\/#website\",\"url\":\"https:\/\/www.mmpwebtv.eu\/\",\"name\":\"MMP Web TV\",\"description\":\"La Web TV del Campus di Forl\\u00ec\",\"publisher\":{\"@id\":\"https:\/\/www.mmpwebtv.eu\/#organization\"},\"potentialAction\":[{\"@type\":\"SearchAction\",\"target\":{\"@type\":\"EntryPoint\",\"urlTemplate\":\"https:\/\/www.mmpwebtv.eu\/?s={search_term_string}\"},\"query-input\":\"required name=search_term_string\"}],\"inLanguage\":\"it-IT\"},{\"@type\":\"ImageObject\",\"@id\":\"http:\/\/www.mmpwebtv.eu\/index.php\/2019\/11\/21\/edizione-21-novembre\/#primaryimage\",\"inLanguage\":\"it-IT\",\"url\":\"http:\/\/www.mmpwebtv.eu\/wp-content\/uploads\/2019\/11\/21-novembre.jpg\",\"contentUrl\":\"http:\/\/www.mmpwebtv.eu\/wp-content\/uploads\/2019\/11\/21-novembre.jpg\",\"width\":1840,\"height\":1080},{\"@type\":\"WebPage\",\"@id\":\"http:\/\/www.mmpwebtv.eu\/index.php\/2019\/11\/21\/edizione-21-novembre\/#webpage\",\"url\":\"http:\/\/www.mmpwebtv.eu\/index.php\/2019\/11\/21\/edizione-21-novembre\/\",\"name\":\"TG Campus &bull; Edizione 21 novembre &bull; MMP Web TV\",\"isPartOf\":{\"@id\":\"https:\/\/www.mmpwebtv.eu\/#website\"},\"primaryImageOfPage\":{\"@id\":\"http:\/\/www.mmpwebtv.eu\/index.php\/2019\/11\/21\/edizione-21-novembre\/#primaryimage\"},\"datePublished\":\"2019-11-21T17:00:05+00:00\",\"dateModified\":\"2019-11-21T17:13:36+00:00\",\"description\":\"Vi portiamo nei quattro Campus della Romagna per l'Inaugurazione del 932\\u00b0 Anno Accademico e alla scoperta della Primavera di Praga in una mostra al TH.\",\"breadcrumb\":{\"@id\":\"http:\/\/www.mmpwebtv.eu\/index.php\/2019\/11\/21\/edizione-21-novembre\/#breadcrumb\"},\"inLanguage\":\"it-IT\",\"potentialAction\":[{\"@type\":\"ReadAction\",\"target\":[\"http:\/\/www.mmpwebtv.eu\/index.php\/2019\/11\/21\/edizione-21-novembre\/\"]}]},{\"@type\":\"BreadcrumbList\",\"@id\":\"http:\/\/www.mmpwebtv.eu\/index.php\/2019\/11\/21\/edizione-21-novembre\/#breadcrumb\",\"itemListElement\":[{\"@type\":\"ListItem\",\"position\":1,\"name\":\"Home\",\"item\":\"https:\/\/www.mmpwebtv.eu\/\"},{\"@type\":\"ListItem\",\"position\":2,\"name\":\"Edizione 21 novembre\"}]},{\"@type\":\"Article\",\"@id\":\"http:\/\/www.mmpwebtv.eu\/index.php\/2019\/11\/21\/edizione-21-novembre\/#article\",\"isPartOf\":{\"@id\":\"http:\/\/www.mmpwebtv.eu\/index.php\/2019\/11\/21\/edizione-21-novembre\/#webpage\"},\"author\":{\"@id\":\"https:\/\/www.mmpwebtv.eu\/#\/schema\/person\/4848c65626d1588551e847f88cda447a\"},\"headline\":\"Edizione 21 novembre\",\"datePublished\":\"2019-11-21T17:00:05+00:00\",\"dateModified\":\"2019-11-21T17:13:36+00:00\",\"mainEntityOfPage\":{\"@id\":\"http:\/\/www.mmpwebtv.eu\/index.php\/2019\/11\/21\/edizione-21-novembre\/#webpage\"},\"wordCount\":238,\"publisher\":{\"@id\":\"https:\/\/www.mmpwebtv.eu\/#organization\"},\"image\":{\"@id\":\"http:\/\/www.mmpwebtv.eu\/index.php\/2019\/11\/21\/edizione-21-novembre\/#primaryimage\"},\"thumbnailUrl\":\"http:\/\/www.mmpwebtv.eu\/wp-content\/uploads\/2019\/11\/21-novembre.jpg\",\"keywords\":[\"francesco ubertini\",\"Inaugurazione Anno Accademico\",\"MIREES\",\"MMP Web Tv\",\"Prague Spring Firsthand\",\"Tg Campus\",\"unibo\"],\"articleSection\":[\"TG Campus\"],\"inLanguage\":\"it-IT\"},{\"@type\":\"Person\",\"@id\":\"https:\/\/www.mmpwebtv.eu\/#\/schema\/person\/4848c65626d1588551e847f88cda447a\",\"name\":\"admin\",\"image\":{\"@type\":\"ImageObject\",\"@id\":\"https:\/\/www.mmpwebtv.eu\/#personlogo\",\"inLanguage\":\"it-IT\",\"url\":\"http:\/\/0.gravatar.com\/avatar\/364ff6b737993d84049599bd8bd08384?s=96&d=mm&r=g\",\"contentUrl\":\"http:\/\/0.gravatar.com\/avatar\/364ff6b737993d84049599bd8bd08384?s=96&d=mm&r=g\",\"caption\":\"admin\"}}]}<\/script>\n<!-- \/ Yoast SEO plugin. -->","yoast_head_json":{"title":"TG Campus &bull; Edizione 21 novembre &bull; MMP Web TV","description":"Vi portiamo nei quattro Campus della Romagna per l'Inaugurazione del 932\u00b0 Anno Accademico e alla scoperta della Primavera di Praga in una mostra al TH.","robots":{"index":"noindex","follow":"follow"},"og_locale":"it_IT","og_type":"article","og_title":"TG Campus &bull; Edizione 21 novembre &bull; MMP Web TV","og_description":"Vi portiamo nei quattro Campus della Romagna per l'Inaugurazione del 932\u00b0 Anno Accademico e alla scoperta della Primavera di Praga in una mostra al TH.","og_url":"http:\/\/www.mmpwebtv.eu\/index.php\/2019\/11\/21\/edizione-21-novembre\/","og_site_name":"MMP Web TV","article_publisher":"https:\/\/www.facebook.com\/mmpwebtv\/","article_published_time":"2019-11-21T17:00:05+00:00","article_modified_time":"2019-11-21T17:13:36+00:00","og_image":[{"width":1840,"height":1080,"url":"http:\/\/www.mmpwebtv.eu\/wp-content\/uploads\/2019\/11\/21-novembre.jpg","type":"image\/jpeg"}],"twitter_card":"summary_large_image","twitter_misc":{"Scritto da":"admin","Tempo di lettura stimato":"1 minuto"},"schema":{"@context":"https:\/\/schema.org","@graph":[{"@type":"Organization","@id":"https:\/\/www.mmpwebtv.eu\/#organization","name":"MMP WebTV","url":"https:\/\/www.mmpwebtv.eu\/","sameAs":["https:\/\/www.facebook.com\/mmpwebtv\/","https:\/\/www.instagram.com\/mmpwebtv\/"],"logo":{"@type":"ImageObject","@id":"https:\/\/www.mmpwebtv.eu\/#logo","inLanguage":"it-IT","url":"https:\/\/www.mmpwebtv.eu\/wp-content\/uploads\/2017\/04\/Logo-MMP-WebTv-02.png","contentUrl":"https:\/\/www.mmpwebtv.eu\/wp-content\/uploads\/2017\/04\/Logo-MMP-WebTv-02.png","width":8000,"height":4500,"caption":"MMP WebTV"},"image":{"@id":"https:\/\/www.mmpwebtv.eu\/#logo"}},{"@type":"WebSite","@id":"https:\/\/www.mmpwebtv.eu\/#website","url":"https:\/\/www.mmpwebtv.eu\/","name":"MMP Web TV","description":"La Web TV del Campus di Forl\u00ec","publisher":{"@id":"https:\/\/www.mmpwebtv.eu\/#organization"},"potentialAction":[{"@type":"SearchAction","target":{"@type":"EntryPoint","urlTemplate":"https:\/\/www.mmpwebtv.eu\/?s={search_term_string}"},"query-input":"required name=search_term_string"}],"inLanguage":"it-IT"},{"@type":"ImageObject","@id":"http:\/\/www.mmpwebtv.eu\/index.php\/2019\/11\/21\/edizione-21-novembre\/#primaryimage","inLanguage":"it-IT","url":"http:\/\/www.mmpwebtv.eu\/wp-content\/uploads\/2019\/11\/21-novembre.jpg","contentUrl":"http:\/\/www.mmpwebtv.eu\/wp-content\/uploads\/2019\/11\/21-novembre.jpg","width":1840,"height":1080},{"@type":"WebPage","@id":"http:\/\/www.mmpwebtv.eu\/index.php\/2019\/11\/21\/edizione-21-novembre\/#webpage","url":"http:\/\/www.mmpwebtv.eu\/index.php\/2019\/11\/21\/edizione-21-novembre\/","name":"TG Campus &bull; Edizione 21 novembre &bull; MMP Web TV","isPartOf":{"@id":"https:\/\/www.mmpwebtv.eu\/#website"},"primaryImageOfPage":{"@id":"http:\/\/www.mmpwebtv.eu\/index.php\/2019\/11\/21\/edizione-21-novembre\/#primaryimage"},"datePublished":"2019-11-21T17:00:05+00:00","dateModified":"2019-11-21T17:13:36+00:00","description":"Vi portiamo nei quattro Campus della Romagna per l'Inaugurazione del 932\u00b0 Anno Accademico e alla scoperta della Primavera di Praga in una mostra al TH.","breadcrumb":{"@id":"http:\/\/www.mmpwebtv.eu\/index.php\/2019\/11\/21\/edizione-21-novembre\/#breadcrumb"},"inLanguage":"it-IT","potentialAction":[{"@type":"ReadAction","target":["http:\/\/www.mmpwebtv.eu\/index.php\/2019\/11\/21\/edizione-21-novembre\/"]}]},{"@type":"BreadcrumbList","@id":"http:\/\/www.mmpwebtv.eu\/index.php\/2019\/11\/21\/edizione-21-novembre\/#breadcrumb","itemListElement":[{"@type":"ListItem","position":1,"name":"Home","item":"https:\/\/www.mmpwebtv.eu\/"},{"@type":"ListItem","position":2,"name":"Edizione 21 novembre"}]},{"@type":"Article","@id":"http:\/\/www.mmpwebtv.eu\/index.php\/2019\/11\/21\/edizione-21-novembre\/#article","isPartOf":{"@id":"http:\/\/www.mmpwebtv.eu\/index.php\/2019\/11\/21\/edizione-21-novembre\/#webpage"},"author":{"@id":"https:\/\/www.mmpwebtv.eu\/#\/schema\/person\/4848c65626d1588551e847f88cda447a"},"headline":"Edizione 21 novembre","datePublished":"2019-11-21T17:00:05+00:00","dateModified":"2019-11-21T17:13:36+00:00","mainEntityOfPage":{"@id":"http:\/\/www.mmpwebtv.eu\/index.php\/2019\/11\/21\/edizione-21-novembre\/#webpage"},"wordCount":238,"publisher":{"@id":"https:\/\/www.mmpwebtv.eu\/#organization"},"image":{"@id":"http:\/\/www.mmpwebtv.eu\/index.php\/2019\/11\/21\/edizione-21-novembre\/#primaryimage"},"thumbnailUrl":"http:\/\/www.mmpwebtv.eu\/wp-content\/uploads\/2019\/11\/21-novembre.jpg","keywords":["francesco ubertini","Inaugurazione Anno Accademico","MIREES","MMP Web Tv","Prague Spring Firsthand","Tg Campus","unibo"],"articleSection":["TG Campus"],"inLanguage":"it-IT"},{"@type":"Person","@id":"https:\/\/www.mmpwebtv.eu\/#\/schema\/person\/4848c65626d1588551e847f88cda447a","name":"admin","image":{"@type":"ImageObject","@id":"https:\/\/www.mmpwebtv.eu\/#personlogo","inLanguage":"it-IT","url":"http:\/\/0.gravatar.com\/avatar\/364ff6b737993d84049599bd8bd08384?s=96&d=mm&r=g","contentUrl":"http:\/\/0.gravatar.com\/avatar\/364ff6b737993d84049599bd8bd08384?s=96&d=mm&r=g","caption":"admin"}}]}},"_links":{"self":[{"href":"http:\/\/www.mmpwebtv.eu\/index.php\/wp-json\/wp\/v2\/posts\/1218"}],"collection":[{"href":"http:\/\/www.mmpwebtv.eu\/index.php\/wp-json\/wp\/v2\/posts"}],"about":[{"href":"http:\/\/www.mmpwebtv.eu\/index.php\/wp-json\/wp\/v2\/types\/post"}],"author":[{"embeddable":true,"href":"http:\/\/www.mmpwebtv.eu\/index.php\/wp-json\/wp\/v2\/users\/1"}],"replies":[{"embeddable":true,"href":"http:\/\/www.mmpwebtv.eu\/index.php\/wp-json\/wp\/v2\/comments?post=1218"}],"version-history":[{"count":2,"href":"http:\/\/www.mmpwebtv.eu\/index.php\/wp-json\/wp\/v2\/posts\/1218\/revisions"}],"predecessor-version":[{"id":1610,"href":"http:\/\/www.mmpwebtv.eu\/index.php\/wp-json\/wp\/v2\/posts\/1218\/revisions\/1610"}],"wp:featuredmedia":[{"embeddable":true,"href":"http:\/\/www.mmpwebtv.eu\/index.php\/wp-json\/wp\/v2\/media\/1219"}],"wp:attachment":[{"href":"http:\/\/www.mmpwebtv.eu\/index.php\/wp-json\/wp\/v2\/media?parent=1218"}],"wp:term":[{"taxonomy":"category","embeddable":true,"href":"http:\/\/www.mmpwebtv.eu\/index.php\/wp-json\/wp\/v2\/categories?post=1218"},{"taxonomy":"post_tag","embeddable":true,"href":"http:\/\/www.mmpwebtv.eu\/index.php\/wp-json\/wp\/v2\/tags?post=1218"}],"curies":[{"name":"wp","href":"https:\/\/api.w.org\/{rel}","templated":true}]}}