{"id":122,"date":"2016-10-17T10:10:42","date_gmt":"2016-10-17T08:10:42","guid":{"rendered":"http:\/\/www.mmpwebtv.eu\/?p=122"},"modified":"2017-04-02T17:22:47","modified_gmt":"2017-04-02T15:22:47","slug":"nunca-mas-el-silencio","status":"publish","type":"post","link":"http:\/\/www.mmpwebtv.eu\/index.php\/2016\/10\/17\/nunca-mas-el-silencio\/","title":{"rendered":"Nunca m\u00e1s el silencio"},"content":{"rendered":"<p>Dal 10 al 12 ottobre 2016 il Campus e la citt\u00e0 di Forl\u00ec sono stati animati dagli eventi del festival Human Rights Nights.<br \/>\nL\u2019iniziativa ha avuto come focus i diritti umani, approfonditi tramite film e documentari, incontri con esperti, artisti ed attivisti, mostre e performance dal vivo.<br \/>\nLa redazione di MMP webTV ha seguito l\u2019incontro con Vera Vigevani Jarach, membro della Linea Fundadora dell&#8217;organizzazione delle Madri di Plaza de Mayo, fondata dalle madri dei desaparecidos argentini scomparsi sotto la dittatura militare tra il 1976 e il 1983.<\/p>\n","protected":false},"excerpt":{"rendered":"<p>Dal 10 al 12 ottobre 2016 il Campus e la citt\u00e0 di Forl\u00ec sono stati animati dagli eventi del festival Human Rights Nights. L\u2019iniziativa ha avuto come focus i diritti umani, approfonditi tramite film e documentari, incontri con esperti, artisti ed attivisti, mostre e performance dal vivo. La redazione di MMP webTV ha seguito l\u2019incontro [&hellip;]<\/p>\n","protected":false},"author":1,"featured_media":0,"comment_status":"open","ping_status":"open","sticky":false,"template":"","format":"video","meta":[],"categories":[3,166],"tags":[142,146,145,143,144,140,17,16,147,139,14],"yoast_head":"<!-- This site is optimized with the Yoast SEO plugin v17.9 - https:\/\/yoast.com\/wordpress\/plugins\/seo\/ -->\n<title>Nunca m\u00e1s el silencio &bull; MMP Web TV<\/title>\n<meta name=\"robots\" content=\"noindex, follow\" \/>\n<meta property=\"og:locale\" content=\"it_IT\" \/>\n<meta property=\"og:type\" content=\"article\" \/>\n<meta property=\"og:title\" content=\"Nunca m\u00e1s el silencio &bull; MMP Web TV\" \/>\n<meta property=\"og:description\" content=\"Dal 10 al 12 ottobre 2016 il Campus e la citt\u00e0 di Forl\u00ec sono stati animati dagli eventi del festival Human Rights Nights. L\u2019iniziativa ha avuto come focus i diritti umani, approfonditi tramite film e documentari, incontri con esperti, artisti ed attivisti, mostre e performance dal vivo. La redazione di MMP webTV ha seguito l\u2019incontro [&hellip;]\" \/>\n<meta property=\"og:url\" content=\"http:\/\/www.mmpwebtv.eu\/index.php\/2016\/10\/17\/nunca-mas-el-silencio\/\" \/>\n<meta property=\"og:site_name\" content=\"MMP Web TV\" \/>\n<meta property=\"article:publisher\" content=\"https:\/\/www.facebook.com\/mmpwebtv\/\" \/>\n<meta property=\"article:published_time\" content=\"2016-10-17T08:10:42+00:00\" \/>\n<meta property=\"article:modified_time\" content=\"2017-04-02T15:22:47+00:00\" \/>\n<meta name=\"twitter:card\" content=\"summary_large_image\" \/>\n<meta name=\"twitter:label1\" content=\"Scritto da\" \/>\n\t<meta name=\"twitter:data1\" content=\"admin\" \/>\n<script type=\"application\/ld+json\" class=\"yoast-schema-graph\">{\"@context\":\"https:\/\/schema.org\",\"@graph\":[{\"@type\":\"Organization\",\"@id\":\"https:\/\/www.mmpwebtv.eu\/#organization\",\"name\":\"MMP WebTV\",\"url\":\"https:\/\/www.mmpwebtv.eu\/\",\"sameAs\":[\"https:\/\/www.facebook.com\/mmpwebtv\/\",\"https:\/\/www.instagram.com\/mmpwebtv\/\"],\"logo\":{\"@type\":\"ImageObject\",\"@id\":\"https:\/\/www.mmpwebtv.eu\/#logo\",\"inLanguage\":\"it-IT\",\"url\":\"https:\/\/www.mmpwebtv.eu\/wp-content\/uploads\/2017\/04\/Logo-MMP-WebTv-02.png\",\"contentUrl\":\"https:\/\/www.mmpwebtv.eu\/wp-content\/uploads\/2017\/04\/Logo-MMP-WebTv-02.png\",\"width\":8000,\"height\":4500,\"caption\":\"MMP WebTV\"},\"image\":{\"@id\":\"https:\/\/www.mmpwebtv.eu\/#logo\"}},{\"@type\":\"WebSite\",\"@id\":\"https:\/\/www.mmpwebtv.eu\/#website\",\"url\":\"https:\/\/www.mmpwebtv.eu\/\",\"name\":\"MMP Web TV\",\"description\":\"La Web TV del Campus di Forl\\u00ec\",\"publisher\":{\"@id\":\"https:\/\/www.mmpwebtv.eu\/#organization\"},\"potentialAction\":[{\"@type\":\"SearchAction\",\"target\":{\"@type\":\"EntryPoint\",\"urlTemplate\":\"https:\/\/www.mmpwebtv.eu\/?s={search_term_string}\"},\"query-input\":\"required name=search_term_string\"}],\"inLanguage\":\"it-IT\"},{\"@type\":\"WebPage\",\"@id\":\"http:\/\/www.mmpwebtv.eu\/index.php\/2016\/10\/17\/nunca-mas-el-silencio\/#webpage\",\"url\":\"http:\/\/www.mmpwebtv.eu\/index.php\/2016\/10\/17\/nunca-mas-el-silencio\/\",\"name\":\"Nunca m\\u00e1s el silencio &bull; MMP Web TV\",\"isPartOf\":{\"@id\":\"https:\/\/www.mmpwebtv.eu\/#website\"},\"datePublished\":\"2016-10-17T08:10:42+00:00\",\"dateModified\":\"2017-04-02T15:22:47+00:00\",\"breadcrumb\":{\"@id\":\"http:\/\/www.mmpwebtv.eu\/index.php\/2016\/10\/17\/nunca-mas-el-silencio\/#breadcrumb\"},\"inLanguage\":\"it-IT\",\"potentialAction\":[{\"@type\":\"ReadAction\",\"target\":[\"http:\/\/www.mmpwebtv.eu\/index.php\/2016\/10\/17\/nunca-mas-el-silencio\/\"]}]},{\"@type\":\"BreadcrumbList\",\"@id\":\"http:\/\/www.mmpwebtv.eu\/index.php\/2016\/10\/17\/nunca-mas-el-silencio\/#breadcrumb\",\"itemListElement\":[{\"@type\":\"ListItem\",\"position\":1,\"name\":\"Home\",\"item\":\"https:\/\/www.mmpwebtv.eu\/\"},{\"@type\":\"ListItem\",\"position\":2,\"name\":\"Nunca m\\u00e1s el silencio\"}]},{\"@type\":\"Article\",\"@id\":\"http:\/\/www.mmpwebtv.eu\/index.php\/2016\/10\/17\/nunca-mas-el-silencio\/#article\",\"isPartOf\":{\"@id\":\"http:\/\/www.mmpwebtv.eu\/index.php\/2016\/10\/17\/nunca-mas-el-silencio\/#webpage\"},\"author\":{\"@id\":\"https:\/\/www.mmpwebtv.eu\/#\/schema\/person\/4848c65626d1588551e847f88cda447a\"},\"headline\":\"Nunca m\\u00e1s el silencio\",\"datePublished\":\"2016-10-17T08:10:42+00:00\",\"dateModified\":\"2017-04-02T15:22:47+00:00\",\"mainEntityOfPage\":{\"@id\":\"http:\/\/www.mmpwebtv.eu\/index.php\/2016\/10\/17\/nunca-mas-el-silencio\/#webpage\"},\"wordCount\":89,\"commentCount\":0,\"publisher\":{\"@id\":\"https:\/\/www.mmpwebtv.eu\/#organization\"},\"keywords\":[\"argentina\",\"campusforl\\u00ec\",\"diritti\",\"dittatura\",\"human rights nights\",\"madre\",\"mmp\",\"mmpwebtv\",\"plaza de mayo\",\"silencio\",\"unibo\"],\"articleSection\":[\"Attualit\\u00e0\",\"Palinsesto 2016\"],\"inLanguage\":\"it-IT\"},{\"@type\":\"Person\",\"@id\":\"https:\/\/www.mmpwebtv.eu\/#\/schema\/person\/4848c65626d1588551e847f88cda447a\",\"name\":\"admin\",\"image\":{\"@type\":\"ImageObject\",\"@id\":\"https:\/\/www.mmpwebtv.eu\/#personlogo\",\"inLanguage\":\"it-IT\",\"url\":\"http:\/\/0.gravatar.com\/avatar\/364ff6b737993d84049599bd8bd08384?s=96&d=mm&r=g\",\"contentUrl\":\"http:\/\/0.gravatar.com\/avatar\/364ff6b737993d84049599bd8bd08384?s=96&d=mm&r=g\",\"caption\":\"admin\"}}]}<\/script>\n<!-- \/ Yoast SEO plugin. -->","yoast_head_json":{"title":"Nunca m\u00e1s el silencio &bull; MMP Web TV","robots":{"index":"noindex","follow":"follow"},"og_locale":"it_IT","og_type":"article","og_title":"Nunca m\u00e1s el silencio &bull; MMP Web TV","og_description":"Dal 10 al 12 ottobre 2016 il Campus e la citt\u00e0 di Forl\u00ec sono stati animati dagli eventi del festival Human Rights Nights. L\u2019iniziativa ha avuto come focus i diritti umani, approfonditi tramite film e documentari, incontri con esperti, artisti ed attivisti, mostre e performance dal vivo. La redazione di MMP webTV ha seguito l\u2019incontro [&hellip;]","og_url":"http:\/\/www.mmpwebtv.eu\/index.php\/2016\/10\/17\/nunca-mas-el-silencio\/","og_site_name":"MMP Web TV","article_publisher":"https:\/\/www.facebook.com\/mmpwebtv\/","article_published_time":"2016-10-17T08:10:42+00:00","article_modified_time":"2017-04-02T15:22:47+00:00","twitter_card":"summary_large_image","twitter_misc":{"Scritto da":"admin"},"schema":{"@context":"https:\/\/schema.org","@graph":[{"@type":"Organization","@id":"https:\/\/www.mmpwebtv.eu\/#organization","name":"MMP WebTV","url":"https:\/\/www.mmpwebtv.eu\/","sameAs":["https:\/\/www.facebook.com\/mmpwebtv\/","https:\/\/www.instagram.com\/mmpwebtv\/"],"logo":{"@type":"ImageObject","@id":"https:\/\/www.mmpwebtv.eu\/#logo","inLanguage":"it-IT","url":"https:\/\/www.mmpwebtv.eu\/wp-content\/uploads\/2017\/04\/Logo-MMP-WebTv-02.png","contentUrl":"https:\/\/www.mmpwebtv.eu\/wp-content\/uploads\/2017\/04\/Logo-MMP-WebTv-02.png","width":8000,"height":4500,"caption":"MMP WebTV"},"image":{"@id":"https:\/\/www.mmpwebtv.eu\/#logo"}},{"@type":"WebSite","@id":"https:\/\/www.mmpwebtv.eu\/#website","url":"https:\/\/www.mmpwebtv.eu\/","name":"MMP Web TV","description":"La Web TV del Campus di Forl\u00ec","publisher":{"@id":"https:\/\/www.mmpwebtv.eu\/#organization"},"potentialAction":[{"@type":"SearchAction","target":{"@type":"EntryPoint","urlTemplate":"https:\/\/www.mmpwebtv.eu\/?s={search_term_string}"},"query-input":"required name=search_term_string"}],"inLanguage":"it-IT"},{"@type":"WebPage","@id":"http:\/\/www.mmpwebtv.eu\/index.php\/2016\/10\/17\/nunca-mas-el-silencio\/#webpage","url":"http:\/\/www.mmpwebtv.eu\/index.php\/2016\/10\/17\/nunca-mas-el-silencio\/","name":"Nunca m\u00e1s el silencio &bull; MMP Web TV","isPartOf":{"@id":"https:\/\/www.mmpwebtv.eu\/#website"},"datePublished":"2016-10-17T08:10:42+00:00","dateModified":"2017-04-02T15:22:47+00:00","breadcrumb":{"@id":"http:\/\/www.mmpwebtv.eu\/index.php\/2016\/10\/17\/nunca-mas-el-silencio\/#breadcrumb"},"inLanguage":"it-IT","potentialAction":[{"@type":"ReadAction","target":["http:\/\/www.mmpwebtv.eu\/index.php\/2016\/10\/17\/nunca-mas-el-silencio\/"]}]},{"@type":"BreadcrumbList","@id":"http:\/\/www.mmpwebtv.eu\/index.php\/2016\/10\/17\/nunca-mas-el-silencio\/#breadcrumb","itemListElement":[{"@type":"ListItem","position":1,"name":"Home","item":"https:\/\/www.mmpwebtv.eu\/"},{"@type":"ListItem","position":2,"name":"Nunca m\u00e1s el silencio"}]},{"@type":"Article","@id":"http:\/\/www.mmpwebtv.eu\/index.php\/2016\/10\/17\/nunca-mas-el-silencio\/#article","isPartOf":{"@id":"http:\/\/www.mmpwebtv.eu\/index.php\/2016\/10\/17\/nunca-mas-el-silencio\/#webpage"},"author":{"@id":"https:\/\/www.mmpwebtv.eu\/#\/schema\/person\/4848c65626d1588551e847f88cda447a"},"headline":"Nunca m\u00e1s el silencio","datePublished":"2016-10-17T08:10:42+00:00","dateModified":"2017-04-02T15:22:47+00:00","mainEntityOfPage":{"@id":"http:\/\/www.mmpwebtv.eu\/index.php\/2016\/10\/17\/nunca-mas-el-silencio\/#webpage"},"wordCount":89,"commentCount":0,"publisher":{"@id":"https:\/\/www.mmpwebtv.eu\/#organization"},"keywords":["argentina","campusforl\u00ec","diritti","dittatura","human rights nights","madre","mmp","mmpwebtv","plaza de mayo","silencio","unibo"],"articleSection":["Attualit\u00e0","Palinsesto 2016"],"inLanguage":"it-IT"},{"@type":"Person","@id":"https:\/\/www.mmpwebtv.eu\/#\/schema\/person\/4848c65626d1588551e847f88cda447a","name":"admin","image":{"@type":"ImageObject","@id":"https:\/\/www.mmpwebtv.eu\/#personlogo","inLanguage":"it-IT","url":"http:\/\/0.gravatar.com\/avatar\/364ff6b737993d84049599bd8bd08384?s=96&d=mm&r=g","contentUrl":"http:\/\/0.gravatar.com\/avatar\/364ff6b737993d84049599bd8bd08384?s=96&d=mm&r=g","caption":"admin"}}]}},"_links":{"self":[{"href":"http:\/\/www.mmpwebtv.eu\/index.php\/wp-json\/wp\/v2\/posts\/122"}],"collection":[{"href":"http:\/\/www.mmpwebtv.eu\/index.php\/wp-json\/wp\/v2\/posts"}],"about":[{"href":"http:\/\/www.mmpwebtv.eu\/index.php\/wp-json\/wp\/v2\/types\/post"}],"author":[{"embeddable":true,"href":"http:\/\/www.mmpwebtv.eu\/index.php\/wp-json\/wp\/v2\/users\/1"}],"replies":[{"embeddable":true,"href":"http:\/\/www.mmpwebtv.eu\/index.php\/wp-json\/wp\/v2\/comments?post=122"}],"version-history":[{"count":1,"href":"http:\/\/www.mmpwebtv.eu\/index.php\/wp-json\/wp\/v2\/posts\/122\/revisions"}],"predecessor-version":[{"id":123,"href":"http:\/\/www.mmpwebtv.eu\/index.php\/wp-json\/wp\/v2\/posts\/122\/revisions\/123"}],"wp:attachment":[{"href":"http:\/\/www.mmpwebtv.eu\/index.php\/wp-json\/wp\/v2\/media?parent=122"}],"wp:term":[{"taxonomy":"category","embeddable":true,"href":"http:\/\/www.mmpwebtv.eu\/index.php\/wp-json\/wp\/v2\/categories?post=122"},{"taxonomy":"post_tag","embeddable":true,"href":"http:\/\/www.mmpwebtv.eu\/index.php\/wp-json\/wp\/v2\/tags?post=122"}],"curies":[{"name":"wp","href":"https:\/\/api.w.org\/{rel}","templated":true}]}}