{"id":1265,"date":"2019-12-19T18:00:45","date_gmt":"2019-12-19T17:00:45","guid":{"rendered":"http:\/\/www.mmpwebtv.eu\/?p=1265"},"modified":"2020-01-28T17:07:54","modified_gmt":"2020-01-28T16:07:54","slug":"edizione-19-dicembre","status":"publish","type":"post","link":"http:\/\/www.mmpwebtv.eu\/index.php\/2019\/12\/19\/edizione-19-dicembre\/","title":{"rendered":"Edizione 19 dicembre"},"content":{"rendered":"<p>Una puntata speciale del TG Campus prima delle vacanze natalizie.<\/p>\n<p>Andiamo a conoscere l&#8217;Unione Europea e le opportunit\u00e0 che pu\u00f2 offrire con l&#8217;evento&nbsp;<a href=\"https:\/\/site.unibo.it\/eulab\/it\/agenda\/conoscere-la-tua-unione-europea-workshop-sulle-opportunita-offerte-dall-ue-forli-edition\">(Conoscere) La tua Unione Europea: workshop sulle opportunit\u00e0 offerte dall&#8217;UE &#8211; Forl\u00ec edition<\/a>.<\/p>\n<p>E per voi, aspiranti giornalisti o semplici curiosi, abbiamo intervistato <strong>Alessandra Sardoni<\/strong> e <strong>Riccardo Iacona<\/strong>. Consigli e aneddoti&nbsp;&nbsp;da due grandi volti del giornalismo italiano.<\/p>\n","protected":false},"excerpt":{"rendered":"<p>Una puntata speciale del TG Campus prima delle vacanze natalizie. Andiamo a conoscere l&#8217;Unione Europea e le opportunit\u00e0 che pu\u00f2 offrire con l&#8217;evento&nbsp;(Conoscere) La tua Unione Europea: workshop sulle opportunit\u00e0 offerte dall&#8217;UE &#8211; Forl\u00ec edition. E per voi, aspiranti giornalisti o semplici curiosi, abbiamo intervistato Alessandra Sardoni e Riccardo Iacona. Consigli e aneddoti&nbsp;&nbsp;da due grandi [&hellip;]<\/p>\n","protected":false},"author":1,"featured_media":1267,"comment_status":"closed","ping_status":"closed","sticky":false,"template":"","format":"video","meta":[],"categories":[165],"tags":[1003,1032,1034,1033,511],"yoast_head":"<!-- This site is optimized with the Yoast SEO plugin v17.9 - https:\/\/yoast.com\/wordpress\/plugins\/seo\/ -->\n<title>Edizione 19 novembre &bull; TG Campus &bull; MMP Web TV<\/title>\n<meta name=\"description\" content=\"Andiamo a conoscere le opportunit\u00e0 di lavoro e mobilit\u00e0 nell&#039;UE e Alessandra Sardoni e Riccardo Iacona ci danno consigli sul lavoro del giornalista.\" \/>\n<meta name=\"robots\" content=\"noindex, follow\" \/>\n<meta property=\"og:locale\" content=\"it_IT\" \/>\n<meta property=\"og:type\" content=\"article\" \/>\n<meta property=\"og:title\" content=\"Edizione 19 novembre &bull; TG Campus &bull; MMP Web TV\" \/>\n<meta property=\"og:description\" content=\"Andiamo a conoscere le opportunit\u00e0 di lavoro e mobilit\u00e0 nell&#039;UE e Alessandra Sardoni e Riccardo Iacona ci danno consigli sul lavoro del giornalista.\" \/>\n<meta property=\"og:url\" content=\"http:\/\/www.mmpwebtv.eu\/index.php\/2019\/12\/19\/edizione-19-dicembre\/\" \/>\n<meta property=\"og:site_name\" content=\"MMP Web TV\" \/>\n<meta property=\"article:publisher\" content=\"https:\/\/www.facebook.com\/mmpwebtv\/\" \/>\n<meta property=\"article:published_time\" content=\"2019-12-19T17:00:45+00:00\" \/>\n<meta property=\"article:modified_time\" content=\"2020-01-28T16:07:54+00:00\" \/>\n<meta property=\"og:image\" content=\"http:\/\/www.mmpwebtv.eu\/wp-content\/uploads\/2019\/12\/19-dicembre.png\" \/>\n\t<meta property=\"og:image:width\" content=\"1840\" \/>\n\t<meta property=\"og:image:height\" content=\"1080\" \/>\n\t<meta property=\"og:image:type\" content=\"image\/png\" \/>\n<meta name=\"twitter:card\" content=\"summary_large_image\" \/>\n<meta name=\"twitter:label1\" content=\"Scritto da\" \/>\n\t<meta name=\"twitter:data1\" content=\"admin\" \/>\n<script type=\"application\/ld+json\" class=\"yoast-schema-graph\">{\"@context\":\"https:\/\/schema.org\",\"@graph\":[{\"@type\":\"Organization\",\"@id\":\"https:\/\/www.mmpwebtv.eu\/#organization\",\"name\":\"MMP WebTV\",\"url\":\"https:\/\/www.mmpwebtv.eu\/\",\"sameAs\":[\"https:\/\/www.facebook.com\/mmpwebtv\/\",\"https:\/\/www.instagram.com\/mmpwebtv\/\"],\"logo\":{\"@type\":\"ImageObject\",\"@id\":\"https:\/\/www.mmpwebtv.eu\/#logo\",\"inLanguage\":\"it-IT\",\"url\":\"https:\/\/www.mmpwebtv.eu\/wp-content\/uploads\/2017\/04\/Logo-MMP-WebTv-02.png\",\"contentUrl\":\"https:\/\/www.mmpwebtv.eu\/wp-content\/uploads\/2017\/04\/Logo-MMP-WebTv-02.png\",\"width\":8000,\"height\":4500,\"caption\":\"MMP WebTV\"},\"image\":{\"@id\":\"https:\/\/www.mmpwebtv.eu\/#logo\"}},{\"@type\":\"WebSite\",\"@id\":\"https:\/\/www.mmpwebtv.eu\/#website\",\"url\":\"https:\/\/www.mmpwebtv.eu\/\",\"name\":\"MMP Web TV\",\"description\":\"La Web TV del Campus di Forl\\u00ec\",\"publisher\":{\"@id\":\"https:\/\/www.mmpwebtv.eu\/#organization\"},\"potentialAction\":[{\"@type\":\"SearchAction\",\"target\":{\"@type\":\"EntryPoint\",\"urlTemplate\":\"https:\/\/www.mmpwebtv.eu\/?s={search_term_string}\"},\"query-input\":\"required name=search_term_string\"}],\"inLanguage\":\"it-IT\"},{\"@type\":\"ImageObject\",\"@id\":\"http:\/\/www.mmpwebtv.eu\/index.php\/2019\/12\/19\/edizione-19-dicembre\/#primaryimage\",\"inLanguage\":\"it-IT\",\"url\":\"http:\/\/www.mmpwebtv.eu\/wp-content\/uploads\/2019\/12\/19-dicembre.png\",\"contentUrl\":\"http:\/\/www.mmpwebtv.eu\/wp-content\/uploads\/2019\/12\/19-dicembre.png\",\"width\":1840,\"height\":1080},{\"@type\":\"WebPage\",\"@id\":\"http:\/\/www.mmpwebtv.eu\/index.php\/2019\/12\/19\/edizione-19-dicembre\/#webpage\",\"url\":\"http:\/\/www.mmpwebtv.eu\/index.php\/2019\/12\/19\/edizione-19-dicembre\/\",\"name\":\"Edizione 19 novembre &bull; TG Campus &bull; MMP Web TV\",\"isPartOf\":{\"@id\":\"https:\/\/www.mmpwebtv.eu\/#website\"},\"primaryImageOfPage\":{\"@id\":\"http:\/\/www.mmpwebtv.eu\/index.php\/2019\/12\/19\/edizione-19-dicembre\/#primaryimage\"},\"datePublished\":\"2019-12-19T17:00:45+00:00\",\"dateModified\":\"2020-01-28T16:07:54+00:00\",\"description\":\"Andiamo a conoscere le opportunit\\u00e0 di lavoro e mobilit\\u00e0 nell'UE e Alessandra Sardoni e Riccardo Iacona ci danno consigli sul lavoro del giornalista.\",\"breadcrumb\":{\"@id\":\"http:\/\/www.mmpwebtv.eu\/index.php\/2019\/12\/19\/edizione-19-dicembre\/#breadcrumb\"},\"inLanguage\":\"it-IT\",\"potentialAction\":[{\"@type\":\"ReadAction\",\"target\":[\"http:\/\/www.mmpwebtv.eu\/index.php\/2019\/12\/19\/edizione-19-dicembre\/\"]}]},{\"@type\":\"BreadcrumbList\",\"@id\":\"http:\/\/www.mmpwebtv.eu\/index.php\/2019\/12\/19\/edizione-19-dicembre\/#breadcrumb\",\"itemListElement\":[{\"@type\":\"ListItem\",\"position\":1,\"name\":\"Home\",\"item\":\"https:\/\/www.mmpwebtv.eu\/\"},{\"@type\":\"ListItem\",\"position\":2,\"name\":\"Edizione 19 dicembre\"}]},{\"@type\":\"Article\",\"@id\":\"http:\/\/www.mmpwebtv.eu\/index.php\/2019\/12\/19\/edizione-19-dicembre\/#article\",\"isPartOf\":{\"@id\":\"http:\/\/www.mmpwebtv.eu\/index.php\/2019\/12\/19\/edizione-19-dicembre\/#webpage\"},\"author\":{\"@id\":\"https:\/\/www.mmpwebtv.eu\/#\/schema\/person\/4848c65626d1588551e847f88cda447a\"},\"headline\":\"Edizione 19 dicembre\",\"datePublished\":\"2019-12-19T17:00:45+00:00\",\"dateModified\":\"2020-01-28T16:07:54+00:00\",\"mainEntityOfPage\":{\"@id\":\"http:\/\/www.mmpwebtv.eu\/index.php\/2019\/12\/19\/edizione-19-dicembre\/#webpage\"},\"wordCount\":66,\"publisher\":{\"@id\":\"https:\/\/www.mmpwebtv.eu\/#organization\"},\"image\":{\"@id\":\"http:\/\/www.mmpwebtv.eu\/index.php\/2019\/12\/19\/edizione-19-dicembre\/#primaryimage\"},\"thumbnailUrl\":\"http:\/\/www.mmpwebtv.eu\/wp-content\/uploads\/2019\/12\/19-dicembre.png\",\"keywords\":[\"Alessandra Sardoni\",\"EULab\",\"Giornalismo d'inchiesta\",\"Riccardo Iacona\",\"Teaching Hub\"],\"articleSection\":[\"TG Campus\"],\"inLanguage\":\"it-IT\"},{\"@type\":\"Person\",\"@id\":\"https:\/\/www.mmpwebtv.eu\/#\/schema\/person\/4848c65626d1588551e847f88cda447a\",\"name\":\"admin\",\"image\":{\"@type\":\"ImageObject\",\"@id\":\"https:\/\/www.mmpwebtv.eu\/#personlogo\",\"inLanguage\":\"it-IT\",\"url\":\"http:\/\/0.gravatar.com\/avatar\/364ff6b737993d84049599bd8bd08384?s=96&d=mm&r=g\",\"contentUrl\":\"http:\/\/0.gravatar.com\/avatar\/364ff6b737993d84049599bd8bd08384?s=96&d=mm&r=g\",\"caption\":\"admin\"}}]}<\/script>\n<!-- \/ Yoast SEO plugin. -->","yoast_head_json":{"title":"Edizione 19 novembre &bull; TG Campus &bull; MMP Web TV","description":"Andiamo a conoscere le opportunit\u00e0 di lavoro e mobilit\u00e0 nell'UE e Alessandra Sardoni e Riccardo Iacona ci danno consigli sul lavoro del giornalista.","robots":{"index":"noindex","follow":"follow"},"og_locale":"it_IT","og_type":"article","og_title":"Edizione 19 novembre &bull; TG Campus &bull; MMP Web TV","og_description":"Andiamo a conoscere le opportunit\u00e0 di lavoro e mobilit\u00e0 nell'UE e Alessandra Sardoni e Riccardo Iacona ci danno consigli sul lavoro del giornalista.","og_url":"http:\/\/www.mmpwebtv.eu\/index.php\/2019\/12\/19\/edizione-19-dicembre\/","og_site_name":"MMP Web TV","article_publisher":"https:\/\/www.facebook.com\/mmpwebtv\/","article_published_time":"2019-12-19T17:00:45+00:00","article_modified_time":"2020-01-28T16:07:54+00:00","og_image":[{"width":1840,"height":1080,"url":"http:\/\/www.mmpwebtv.eu\/wp-content\/uploads\/2019\/12\/19-dicembre.png","type":"image\/png"}],"twitter_card":"summary_large_image","twitter_misc":{"Scritto da":"admin"},"schema":{"@context":"https:\/\/schema.org","@graph":[{"@type":"Organization","@id":"https:\/\/www.mmpwebtv.eu\/#organization","name":"MMP WebTV","url":"https:\/\/www.mmpwebtv.eu\/","sameAs":["https:\/\/www.facebook.com\/mmpwebtv\/","https:\/\/www.instagram.com\/mmpwebtv\/"],"logo":{"@type":"ImageObject","@id":"https:\/\/www.mmpwebtv.eu\/#logo","inLanguage":"it-IT","url":"https:\/\/www.mmpwebtv.eu\/wp-content\/uploads\/2017\/04\/Logo-MMP-WebTv-02.png","contentUrl":"https:\/\/www.mmpwebtv.eu\/wp-content\/uploads\/2017\/04\/Logo-MMP-WebTv-02.png","width":8000,"height":4500,"caption":"MMP WebTV"},"image":{"@id":"https:\/\/www.mmpwebtv.eu\/#logo"}},{"@type":"WebSite","@id":"https:\/\/www.mmpwebtv.eu\/#website","url":"https:\/\/www.mmpwebtv.eu\/","name":"MMP Web TV","description":"La Web TV del Campus di Forl\u00ec","publisher":{"@id":"https:\/\/www.mmpwebtv.eu\/#organization"},"potentialAction":[{"@type":"SearchAction","target":{"@type":"EntryPoint","urlTemplate":"https:\/\/www.mmpwebtv.eu\/?s={search_term_string}"},"query-input":"required name=search_term_string"}],"inLanguage":"it-IT"},{"@type":"ImageObject","@id":"http:\/\/www.mmpwebtv.eu\/index.php\/2019\/12\/19\/edizione-19-dicembre\/#primaryimage","inLanguage":"it-IT","url":"http:\/\/www.mmpwebtv.eu\/wp-content\/uploads\/2019\/12\/19-dicembre.png","contentUrl":"http:\/\/www.mmpwebtv.eu\/wp-content\/uploads\/2019\/12\/19-dicembre.png","width":1840,"height":1080},{"@type":"WebPage","@id":"http:\/\/www.mmpwebtv.eu\/index.php\/2019\/12\/19\/edizione-19-dicembre\/#webpage","url":"http:\/\/www.mmpwebtv.eu\/index.php\/2019\/12\/19\/edizione-19-dicembre\/","name":"Edizione 19 novembre &bull; TG Campus &bull; MMP Web TV","isPartOf":{"@id":"https:\/\/www.mmpwebtv.eu\/#website"},"primaryImageOfPage":{"@id":"http:\/\/www.mmpwebtv.eu\/index.php\/2019\/12\/19\/edizione-19-dicembre\/#primaryimage"},"datePublished":"2019-12-19T17:00:45+00:00","dateModified":"2020-01-28T16:07:54+00:00","description":"Andiamo a conoscere le opportunit\u00e0 di lavoro e mobilit\u00e0 nell'UE e Alessandra Sardoni e Riccardo Iacona ci danno consigli sul lavoro del giornalista.","breadcrumb":{"@id":"http:\/\/www.mmpwebtv.eu\/index.php\/2019\/12\/19\/edizione-19-dicembre\/#breadcrumb"},"inLanguage":"it-IT","potentialAction":[{"@type":"ReadAction","target":["http:\/\/www.mmpwebtv.eu\/index.php\/2019\/12\/19\/edizione-19-dicembre\/"]}]},{"@type":"BreadcrumbList","@id":"http:\/\/www.mmpwebtv.eu\/index.php\/2019\/12\/19\/edizione-19-dicembre\/#breadcrumb","itemListElement":[{"@type":"ListItem","position":1,"name":"Home","item":"https:\/\/www.mmpwebtv.eu\/"},{"@type":"ListItem","position":2,"name":"Edizione 19 dicembre"}]},{"@type":"Article","@id":"http:\/\/www.mmpwebtv.eu\/index.php\/2019\/12\/19\/edizione-19-dicembre\/#article","isPartOf":{"@id":"http:\/\/www.mmpwebtv.eu\/index.php\/2019\/12\/19\/edizione-19-dicembre\/#webpage"},"author":{"@id":"https:\/\/www.mmpwebtv.eu\/#\/schema\/person\/4848c65626d1588551e847f88cda447a"},"headline":"Edizione 19 dicembre","datePublished":"2019-12-19T17:00:45+00:00","dateModified":"2020-01-28T16:07:54+00:00","mainEntityOfPage":{"@id":"http:\/\/www.mmpwebtv.eu\/index.php\/2019\/12\/19\/edizione-19-dicembre\/#webpage"},"wordCount":66,"publisher":{"@id":"https:\/\/www.mmpwebtv.eu\/#organization"},"image":{"@id":"http:\/\/www.mmpwebtv.eu\/index.php\/2019\/12\/19\/edizione-19-dicembre\/#primaryimage"},"thumbnailUrl":"http:\/\/www.mmpwebtv.eu\/wp-content\/uploads\/2019\/12\/19-dicembre.png","keywords":["Alessandra Sardoni","EULab","Giornalismo d'inchiesta","Riccardo Iacona","Teaching Hub"],"articleSection":["TG Campus"],"inLanguage":"it-IT"},{"@type":"Person","@id":"https:\/\/www.mmpwebtv.eu\/#\/schema\/person\/4848c65626d1588551e847f88cda447a","name":"admin","image":{"@type":"ImageObject","@id":"https:\/\/www.mmpwebtv.eu\/#personlogo","inLanguage":"it-IT","url":"http:\/\/0.gravatar.com\/avatar\/364ff6b737993d84049599bd8bd08384?s=96&d=mm&r=g","contentUrl":"http:\/\/0.gravatar.com\/avatar\/364ff6b737993d84049599bd8bd08384?s=96&d=mm&r=g","caption":"admin"}}]}},"_links":{"self":[{"href":"http:\/\/www.mmpwebtv.eu\/index.php\/wp-json\/wp\/v2\/posts\/1265"}],"collection":[{"href":"http:\/\/www.mmpwebtv.eu\/index.php\/wp-json\/wp\/v2\/posts"}],"about":[{"href":"http:\/\/www.mmpwebtv.eu\/index.php\/wp-json\/wp\/v2\/types\/post"}],"author":[{"embeddable":true,"href":"http:\/\/www.mmpwebtv.eu\/index.php\/wp-json\/wp\/v2\/users\/1"}],"replies":[{"embeddable":true,"href":"http:\/\/www.mmpwebtv.eu\/index.php\/wp-json\/wp\/v2\/comments?post=1265"}],"version-history":[{"count":6,"href":"http:\/\/www.mmpwebtv.eu\/index.php\/wp-json\/wp\/v2\/posts\/1265\/revisions"}],"predecessor-version":[{"id":1467,"href":"http:\/\/www.mmpwebtv.eu\/index.php\/wp-json\/wp\/v2\/posts\/1265\/revisions\/1467"}],"wp:featuredmedia":[{"embeddable":true,"href":"http:\/\/www.mmpwebtv.eu\/index.php\/wp-json\/wp\/v2\/media\/1267"}],"wp:attachment":[{"href":"http:\/\/www.mmpwebtv.eu\/index.php\/wp-json\/wp\/v2\/media?parent=1265"}],"wp:term":[{"taxonomy":"category","embeddable":true,"href":"http:\/\/www.mmpwebtv.eu\/index.php\/wp-json\/wp\/v2\/categories?post=1265"},{"taxonomy":"post_tag","embeddable":true,"href":"http:\/\/www.mmpwebtv.eu\/index.php\/wp-json\/wp\/v2\/tags?post=1265"}],"curies":[{"name":"wp","href":"https:\/\/api.w.org\/{rel}","templated":true}]}}