{"id":46,"date":"2016-04-24T08:34:43","date_gmt":"2016-04-24T06:34:43","guid":{"rendered":"http:\/\/www.mmpwebtv.eu\/?p=46"},"modified":"2017-04-02T17:24:19","modified_gmt":"2017-04-02T15:24:19","slug":"sergio-90-anni-partigiano","status":"publish","type":"post","link":"http:\/\/www.mmpwebtv.eu\/index.php\/2016\/04\/24\/sergio-90-anni-partigiano\/","title":{"rendered":"Sergio, 90 anni. Partigiano."},"content":{"rendered":"<p>In occasione del 25 aprile, abbiamo raccolto la toccante testimonianza di Sergio Giammarchi, partigiano, oggi novantenne, che combatt\u00e9 nel Battaglione Corbari.<br \/>\nMembro dell&#8217;A.N.P.I., il signor Giammarchi ha condiviso con noi il racconto del suo attivo contributo per la Liberazione della Nazione dal fascismo, senza tralasciare nessun dettaglio. Proprio per questo, le parole che vi proponiamo, cos\u00ec come le immagini gentilmente concesse dall&#8217;archivio dell&#8217;Ufficio Stampa del Comune di Forl\u00ec, potrebbero urtare la vostra sensibilit\u00e0.<\/p>\n","protected":false},"excerpt":{"rendered":"<p>In occasione del 25 aprile, abbiamo raccolto la toccante testimonianza di Sergio Giammarchi, partigiano, oggi novantenne, che combatt\u00e9 nel Battaglione Corbari. Membro dell&#8217;A.N.P.I., il signor Giammarchi ha condiviso con noi il racconto del suo attivo contributo per la Liberazione della Nazione dal fascismo, senza tralasciare nessun dettaglio. Proprio per questo, le parole che vi proponiamo, [&hellip;]<\/p>\n","protected":false},"author":1,"featured_media":0,"comment_status":"open","ping_status":"open","sticky":false,"template":"","format":"video","meta":[],"categories":[3,166],"tags":[29,31,12,33,13,30,17,16,27,28,32,11,15],"yoast_head":"<!-- This site is optimized with the Yoast SEO plugin v17.9 - https:\/\/yoast.com\/wordpress\/plugins\/seo\/ -->\n<title>Sergio, 90 anni. Partigiano. &bull; MMP Web TV<\/title>\n<meta name=\"robots\" content=\"noindex, follow\" \/>\n<meta property=\"og:locale\" content=\"it_IT\" \/>\n<meta property=\"og:type\" content=\"article\" \/>\n<meta property=\"og:title\" content=\"Sergio, 90 anni. Partigiano. &bull; MMP Web TV\" \/>\n<meta property=\"og:description\" content=\"In occasione del 25 aprile, abbiamo raccolto la toccante testimonianza di Sergio Giammarchi, partigiano, oggi novantenne, che combatt\u00e9 nel Battaglione Corbari. Membro dell&#8217;A.N.P.I., il signor Giammarchi ha condiviso con noi il racconto del suo attivo contributo per la Liberazione della Nazione dal fascismo, senza tralasciare nessun dettaglio. Proprio per questo, le parole che vi proponiamo, [&hellip;]\" \/>\n<meta property=\"og:url\" content=\"http:\/\/www.mmpwebtv.eu\/index.php\/2016\/04\/24\/sergio-90-anni-partigiano\/\" \/>\n<meta property=\"og:site_name\" content=\"MMP Web TV\" \/>\n<meta property=\"article:publisher\" content=\"https:\/\/www.facebook.com\/mmpwebtv\/\" \/>\n<meta property=\"article:published_time\" content=\"2016-04-24T06:34:43+00:00\" \/>\n<meta property=\"article:modified_time\" content=\"2017-04-02T15:24:19+00:00\" \/>\n<meta name=\"twitter:card\" content=\"summary_large_image\" \/>\n<meta name=\"twitter:label1\" content=\"Scritto da\" \/>\n\t<meta name=\"twitter:data1\" content=\"admin\" \/>\n<script type=\"application\/ld+json\" class=\"yoast-schema-graph\">{\"@context\":\"https:\/\/schema.org\",\"@graph\":[{\"@type\":\"Organization\",\"@id\":\"https:\/\/www.mmpwebtv.eu\/#organization\",\"name\":\"MMP WebTV\",\"url\":\"https:\/\/www.mmpwebtv.eu\/\",\"sameAs\":[\"https:\/\/www.facebook.com\/mmpwebtv\/\",\"https:\/\/www.instagram.com\/mmpwebtv\/\"],\"logo\":{\"@type\":\"ImageObject\",\"@id\":\"https:\/\/www.mmpwebtv.eu\/#logo\",\"inLanguage\":\"it-IT\",\"url\":\"https:\/\/www.mmpwebtv.eu\/wp-content\/uploads\/2017\/04\/Logo-MMP-WebTv-02.png\",\"contentUrl\":\"https:\/\/www.mmpwebtv.eu\/wp-content\/uploads\/2017\/04\/Logo-MMP-WebTv-02.png\",\"width\":8000,\"height\":4500,\"caption\":\"MMP WebTV\"},\"image\":{\"@id\":\"https:\/\/www.mmpwebtv.eu\/#logo\"}},{\"@type\":\"WebSite\",\"@id\":\"https:\/\/www.mmpwebtv.eu\/#website\",\"url\":\"https:\/\/www.mmpwebtv.eu\/\",\"name\":\"MMP Web TV\",\"description\":\"La Web TV del Campus di Forl\\u00ec\",\"publisher\":{\"@id\":\"https:\/\/www.mmpwebtv.eu\/#organization\"},\"potentialAction\":[{\"@type\":\"SearchAction\",\"target\":{\"@type\":\"EntryPoint\",\"urlTemplate\":\"https:\/\/www.mmpwebtv.eu\/?s={search_term_string}\"},\"query-input\":\"required name=search_term_string\"}],\"inLanguage\":\"it-IT\"},{\"@type\":\"WebPage\",\"@id\":\"http:\/\/www.mmpwebtv.eu\/index.php\/2016\/04\/24\/sergio-90-anni-partigiano\/#webpage\",\"url\":\"http:\/\/www.mmpwebtv.eu\/index.php\/2016\/04\/24\/sergio-90-anni-partigiano\/\",\"name\":\"Sergio, 90 anni. Partigiano. &bull; MMP Web TV\",\"isPartOf\":{\"@id\":\"https:\/\/www.mmpwebtv.eu\/#website\"},\"datePublished\":\"2016-04-24T06:34:43+00:00\",\"dateModified\":\"2017-04-02T15:24:19+00:00\",\"breadcrumb\":{\"@id\":\"http:\/\/www.mmpwebtv.eu\/index.php\/2016\/04\/24\/sergio-90-anni-partigiano\/#breadcrumb\"},\"inLanguage\":\"it-IT\",\"potentialAction\":[{\"@type\":\"ReadAction\",\"target\":[\"http:\/\/www.mmpwebtv.eu\/index.php\/2016\/04\/24\/sergio-90-anni-partigiano\/\"]}]},{\"@type\":\"BreadcrumbList\",\"@id\":\"http:\/\/www.mmpwebtv.eu\/index.php\/2016\/04\/24\/sergio-90-anni-partigiano\/#breadcrumb\",\"itemListElement\":[{\"@type\":\"ListItem\",\"position\":1,\"name\":\"Home\",\"item\":\"https:\/\/www.mmpwebtv.eu\/\"},{\"@type\":\"ListItem\",\"position\":2,\"name\":\"Sergio, 90 anni. Partigiano.\"}]},{\"@type\":\"Article\",\"@id\":\"http:\/\/www.mmpwebtv.eu\/index.php\/2016\/04\/24\/sergio-90-anni-partigiano\/#article\",\"isPartOf\":{\"@id\":\"http:\/\/www.mmpwebtv.eu\/index.php\/2016\/04\/24\/sergio-90-anni-partigiano\/#webpage\"},\"author\":{\"@id\":\"https:\/\/www.mmpwebtv.eu\/#\/schema\/person\/4848c65626d1588551e847f88cda447a\"},\"headline\":\"Sergio, 90 anni. Partigiano.\",\"datePublished\":\"2016-04-24T06:34:43+00:00\",\"dateModified\":\"2017-04-02T15:24:19+00:00\",\"mainEntityOfPage\":{\"@id\":\"http:\/\/www.mmpwebtv.eu\/index.php\/2016\/04\/24\/sergio-90-anni-partigiano\/#webpage\"},\"wordCount\":78,\"commentCount\":0,\"publisher\":{\"@id\":\"https:\/\/www.mmpwebtv.eu\/#organization\"},\"keywords\":[\"25 aprile\",\"ANPI\",\"bologna\",\"fascismo\",\"forl\\u00ec\",\"liberazione\",\"mmp\",\"mmpwebtv\",\"partigiano\",\"resistenza\",\"testimonianza\",\"universit\\u00e0\",\"webtv\"],\"articleSection\":[\"Attualit\\u00e0\",\"Palinsesto 2016\"],\"inLanguage\":\"it-IT\"},{\"@type\":\"Person\",\"@id\":\"https:\/\/www.mmpwebtv.eu\/#\/schema\/person\/4848c65626d1588551e847f88cda447a\",\"name\":\"admin\",\"image\":{\"@type\":\"ImageObject\",\"@id\":\"https:\/\/www.mmpwebtv.eu\/#personlogo\",\"inLanguage\":\"it-IT\",\"url\":\"http:\/\/0.gravatar.com\/avatar\/364ff6b737993d84049599bd8bd08384?s=96&d=mm&r=g\",\"contentUrl\":\"http:\/\/0.gravatar.com\/avatar\/364ff6b737993d84049599bd8bd08384?s=96&d=mm&r=g\",\"caption\":\"admin\"}}]}<\/script>\n<!-- \/ Yoast SEO plugin. -->","yoast_head_json":{"title":"Sergio, 90 anni. Partigiano. &bull; MMP Web TV","robots":{"index":"noindex","follow":"follow"},"og_locale":"it_IT","og_type":"article","og_title":"Sergio, 90 anni. Partigiano. &bull; MMP Web TV","og_description":"In occasione del 25 aprile, abbiamo raccolto la toccante testimonianza di Sergio Giammarchi, partigiano, oggi novantenne, che combatt\u00e9 nel Battaglione Corbari. Membro dell&#8217;A.N.P.I., il signor Giammarchi ha condiviso con noi il racconto del suo attivo contributo per la Liberazione della Nazione dal fascismo, senza tralasciare nessun dettaglio. Proprio per questo, le parole che vi proponiamo, [&hellip;]","og_url":"http:\/\/www.mmpwebtv.eu\/index.php\/2016\/04\/24\/sergio-90-anni-partigiano\/","og_site_name":"MMP Web TV","article_publisher":"https:\/\/www.facebook.com\/mmpwebtv\/","article_published_time":"2016-04-24T06:34:43+00:00","article_modified_time":"2017-04-02T15:24:19+00:00","twitter_card":"summary_large_image","twitter_misc":{"Scritto da":"admin"},"schema":{"@context":"https:\/\/schema.org","@graph":[{"@type":"Organization","@id":"https:\/\/www.mmpwebtv.eu\/#organization","name":"MMP WebTV","url":"https:\/\/www.mmpwebtv.eu\/","sameAs":["https:\/\/www.facebook.com\/mmpwebtv\/","https:\/\/www.instagram.com\/mmpwebtv\/"],"logo":{"@type":"ImageObject","@id":"https:\/\/www.mmpwebtv.eu\/#logo","inLanguage":"it-IT","url":"https:\/\/www.mmpwebtv.eu\/wp-content\/uploads\/2017\/04\/Logo-MMP-WebTv-02.png","contentUrl":"https:\/\/www.mmpwebtv.eu\/wp-content\/uploads\/2017\/04\/Logo-MMP-WebTv-02.png","width":8000,"height":4500,"caption":"MMP WebTV"},"image":{"@id":"https:\/\/www.mmpwebtv.eu\/#logo"}},{"@type":"WebSite","@id":"https:\/\/www.mmpwebtv.eu\/#website","url":"https:\/\/www.mmpwebtv.eu\/","name":"MMP Web TV","description":"La Web TV del Campus di Forl\u00ec","publisher":{"@id":"https:\/\/www.mmpwebtv.eu\/#organization"},"potentialAction":[{"@type":"SearchAction","target":{"@type":"EntryPoint","urlTemplate":"https:\/\/www.mmpwebtv.eu\/?s={search_term_string}"},"query-input":"required name=search_term_string"}],"inLanguage":"it-IT"},{"@type":"WebPage","@id":"http:\/\/www.mmpwebtv.eu\/index.php\/2016\/04\/24\/sergio-90-anni-partigiano\/#webpage","url":"http:\/\/www.mmpwebtv.eu\/index.php\/2016\/04\/24\/sergio-90-anni-partigiano\/","name":"Sergio, 90 anni. Partigiano. &bull; MMP Web TV","isPartOf":{"@id":"https:\/\/www.mmpwebtv.eu\/#website"},"datePublished":"2016-04-24T06:34:43+00:00","dateModified":"2017-04-02T15:24:19+00:00","breadcrumb":{"@id":"http:\/\/www.mmpwebtv.eu\/index.php\/2016\/04\/24\/sergio-90-anni-partigiano\/#breadcrumb"},"inLanguage":"it-IT","potentialAction":[{"@type":"ReadAction","target":["http:\/\/www.mmpwebtv.eu\/index.php\/2016\/04\/24\/sergio-90-anni-partigiano\/"]}]},{"@type":"BreadcrumbList","@id":"http:\/\/www.mmpwebtv.eu\/index.php\/2016\/04\/24\/sergio-90-anni-partigiano\/#breadcrumb","itemListElement":[{"@type":"ListItem","position":1,"name":"Home","item":"https:\/\/www.mmpwebtv.eu\/"},{"@type":"ListItem","position":2,"name":"Sergio, 90 anni. Partigiano."}]},{"@type":"Article","@id":"http:\/\/www.mmpwebtv.eu\/index.php\/2016\/04\/24\/sergio-90-anni-partigiano\/#article","isPartOf":{"@id":"http:\/\/www.mmpwebtv.eu\/index.php\/2016\/04\/24\/sergio-90-anni-partigiano\/#webpage"},"author":{"@id":"https:\/\/www.mmpwebtv.eu\/#\/schema\/person\/4848c65626d1588551e847f88cda447a"},"headline":"Sergio, 90 anni. Partigiano.","datePublished":"2016-04-24T06:34:43+00:00","dateModified":"2017-04-02T15:24:19+00:00","mainEntityOfPage":{"@id":"http:\/\/www.mmpwebtv.eu\/index.php\/2016\/04\/24\/sergio-90-anni-partigiano\/#webpage"},"wordCount":78,"commentCount":0,"publisher":{"@id":"https:\/\/www.mmpwebtv.eu\/#organization"},"keywords":["25 aprile","ANPI","bologna","fascismo","forl\u00ec","liberazione","mmp","mmpwebtv","partigiano","resistenza","testimonianza","universit\u00e0","webtv"],"articleSection":["Attualit\u00e0","Palinsesto 2016"],"inLanguage":"it-IT"},{"@type":"Person","@id":"https:\/\/www.mmpwebtv.eu\/#\/schema\/person\/4848c65626d1588551e847f88cda447a","name":"admin","image":{"@type":"ImageObject","@id":"https:\/\/www.mmpwebtv.eu\/#personlogo","inLanguage":"it-IT","url":"http:\/\/0.gravatar.com\/avatar\/364ff6b737993d84049599bd8bd08384?s=96&d=mm&r=g","contentUrl":"http:\/\/0.gravatar.com\/avatar\/364ff6b737993d84049599bd8bd08384?s=96&d=mm&r=g","caption":"admin"}}]}},"_links":{"self":[{"href":"http:\/\/www.mmpwebtv.eu\/index.php\/wp-json\/wp\/v2\/posts\/46"}],"collection":[{"href":"http:\/\/www.mmpwebtv.eu\/index.php\/wp-json\/wp\/v2\/posts"}],"about":[{"href":"http:\/\/www.mmpwebtv.eu\/index.php\/wp-json\/wp\/v2\/types\/post"}],"author":[{"embeddable":true,"href":"http:\/\/www.mmpwebtv.eu\/index.php\/wp-json\/wp\/v2\/users\/1"}],"replies":[{"embeddable":true,"href":"http:\/\/www.mmpwebtv.eu\/index.php\/wp-json\/wp\/v2\/comments?post=46"}],"version-history":[{"count":1,"href":"http:\/\/www.mmpwebtv.eu\/index.php\/wp-json\/wp\/v2\/posts\/46\/revisions"}],"predecessor-version":[{"id":47,"href":"http:\/\/www.mmpwebtv.eu\/index.php\/wp-json\/wp\/v2\/posts\/46\/revisions\/47"}],"wp:attachment":[{"href":"http:\/\/www.mmpwebtv.eu\/index.php\/wp-json\/wp\/v2\/media?parent=46"}],"wp:term":[{"taxonomy":"category","embeddable":true,"href":"http:\/\/www.mmpwebtv.eu\/index.php\/wp-json\/wp\/v2\/categories?post=46"},{"taxonomy":"post_tag","embeddable":true,"href":"http:\/\/www.mmpwebtv.eu\/index.php\/wp-json\/wp\/v2\/tags?post=46"}],"curies":[{"name":"wp","href":"https:\/\/api.w.org\/{rel}","templated":true}]}}