{"id":58,"date":"2016-04-11T11:25:11","date_gmt":"2016-04-11T09:25:11","guid":{"rendered":"http:\/\/www.mmpwebtv.eu\/?p=58"},"modified":"2017-04-02T17:24:51","modified_gmt":"2017-04-02T15:24:51","slug":"referendum-trivelle-quanto-sono-informati-gli-studenti-di-forli","status":"publish","type":"post","link":"http:\/\/www.mmpwebtv.eu\/index.php\/2016\/04\/11\/referendum-trivelle-quanto-sono-informati-gli-studenti-di-forli\/","title":{"rendered":"Referendum Trivelle: quanto sono informati gli studenti di Forl\u00ec?"},"content":{"rendered":"<p>E&#8217; luned\u00ec, \u00e8 tempo di attualit\u00e0!<br \/>\nSar\u00e0 il video dedicato al prossimo Referendum del 17 aprile ad aprire questa nuova settimana di programmazione.<br \/>\nLa redazione della webTV ha chiesto agli studenti del Campus di Forl\u00ec quanto siano ferrati sul tema scottante delle trivelle.<br \/>\nE loro? Vediamo come hanno risposto!<\/p>\n","protected":false},"excerpt":{"rendered":"<p>E&#8217; luned\u00ec, \u00e8 tempo di attualit\u00e0! Sar\u00e0 il video dedicato al prossimo Referendum del 17 aprile ad aprire questa nuova settimana di programmazione. La redazione della webTV ha chiesto agli studenti del Campus di Forl\u00ec quanto siano ferrati sul tema scottante delle trivelle. E loro? Vediamo come hanno risposto!<\/p>\n","protected":false},"author":1,"featured_media":0,"comment_status":"open","ping_status":"open","sticky":false,"template":"","format":"video","meta":[],"categories":[3,166],"tags":[54,53,12,13,43,17,16,52,55,51,14,15],"yoast_head":"<!-- This site is optimized with the Yoast SEO plugin v17.9 - https:\/\/yoast.com\/wordpress\/plugins\/seo\/ -->\n<title>Referendum Trivelle: quanto sono informati gli studenti di Forl\u00ec? &bull; MMP Web TV<\/title>\n<meta name=\"robots\" content=\"noindex, follow\" \/>\n<meta property=\"og:locale\" content=\"it_IT\" \/>\n<meta property=\"og:type\" content=\"article\" \/>\n<meta property=\"og:title\" content=\"Referendum Trivelle: quanto sono informati gli studenti di Forl\u00ec? &bull; MMP Web TV\" \/>\n<meta property=\"og:description\" content=\"E&#8217; luned\u00ec, \u00e8 tempo di attualit\u00e0! Sar\u00e0 il video dedicato al prossimo Referendum del 17 aprile ad aprire questa nuova settimana di programmazione. La redazione della webTV ha chiesto agli studenti del Campus di Forl\u00ec quanto siano ferrati sul tema scottante delle trivelle. E loro? Vediamo come hanno risposto!\" \/>\n<meta property=\"og:url\" content=\"http:\/\/www.mmpwebtv.eu\/index.php\/2016\/04\/11\/referendum-trivelle-quanto-sono-informati-gli-studenti-di-forli\/\" \/>\n<meta property=\"og:site_name\" content=\"MMP Web TV\" \/>\n<meta property=\"article:publisher\" content=\"https:\/\/www.facebook.com\/mmpwebtv\/\" \/>\n<meta property=\"article:published_time\" content=\"2016-04-11T09:25:11+00:00\" \/>\n<meta property=\"article:modified_time\" content=\"2017-04-02T15:24:51+00:00\" \/>\n<meta name=\"twitter:card\" content=\"summary_large_image\" \/>\n<meta name=\"twitter:label1\" content=\"Scritto da\" \/>\n\t<meta name=\"twitter:data1\" content=\"admin\" \/>\n<script type=\"application\/ld+json\" class=\"yoast-schema-graph\">{\"@context\":\"https:\/\/schema.org\",\"@graph\":[{\"@type\":\"Organization\",\"@id\":\"https:\/\/www.mmpwebtv.eu\/#organization\",\"name\":\"MMP WebTV\",\"url\":\"https:\/\/www.mmpwebtv.eu\/\",\"sameAs\":[\"https:\/\/www.facebook.com\/mmpwebtv\/\",\"https:\/\/www.instagram.com\/mmpwebtv\/\"],\"logo\":{\"@type\":\"ImageObject\",\"@id\":\"https:\/\/www.mmpwebtv.eu\/#logo\",\"inLanguage\":\"it-IT\",\"url\":\"https:\/\/www.mmpwebtv.eu\/wp-content\/uploads\/2017\/04\/Logo-MMP-WebTv-02.png\",\"contentUrl\":\"https:\/\/www.mmpwebtv.eu\/wp-content\/uploads\/2017\/04\/Logo-MMP-WebTv-02.png\",\"width\":8000,\"height\":4500,\"caption\":\"MMP WebTV\"},\"image\":{\"@id\":\"https:\/\/www.mmpwebtv.eu\/#logo\"}},{\"@type\":\"WebSite\",\"@id\":\"https:\/\/www.mmpwebtv.eu\/#website\",\"url\":\"https:\/\/www.mmpwebtv.eu\/\",\"name\":\"MMP Web TV\",\"description\":\"La Web TV del Campus di Forl\\u00ec\",\"publisher\":{\"@id\":\"https:\/\/www.mmpwebtv.eu\/#organization\"},\"potentialAction\":[{\"@type\":\"SearchAction\",\"target\":{\"@type\":\"EntryPoint\",\"urlTemplate\":\"https:\/\/www.mmpwebtv.eu\/?s={search_term_string}\"},\"query-input\":\"required name=search_term_string\"}],\"inLanguage\":\"it-IT\"},{\"@type\":\"WebPage\",\"@id\":\"http:\/\/www.mmpwebtv.eu\/index.php\/2016\/04\/11\/referendum-trivelle-quanto-sono-informati-gli-studenti-di-forli\/#webpage\",\"url\":\"http:\/\/www.mmpwebtv.eu\/index.php\/2016\/04\/11\/referendum-trivelle-quanto-sono-informati-gli-studenti-di-forli\/\",\"name\":\"Referendum Trivelle: quanto sono informati gli studenti di Forl\\u00ec? &bull; MMP Web TV\",\"isPartOf\":{\"@id\":\"https:\/\/www.mmpwebtv.eu\/#website\"},\"datePublished\":\"2016-04-11T09:25:11+00:00\",\"dateModified\":\"2017-04-02T15:24:51+00:00\",\"breadcrumb\":{\"@id\":\"http:\/\/www.mmpwebtv.eu\/index.php\/2016\/04\/11\/referendum-trivelle-quanto-sono-informati-gli-studenti-di-forli\/#breadcrumb\"},\"inLanguage\":\"it-IT\",\"potentialAction\":[{\"@type\":\"ReadAction\",\"target\":[\"http:\/\/www.mmpwebtv.eu\/index.php\/2016\/04\/11\/referendum-trivelle-quanto-sono-informati-gli-studenti-di-forli\/\"]}]},{\"@type\":\"BreadcrumbList\",\"@id\":\"http:\/\/www.mmpwebtv.eu\/index.php\/2016\/04\/11\/referendum-trivelle-quanto-sono-informati-gli-studenti-di-forli\/#breadcrumb\",\"itemListElement\":[{\"@type\":\"ListItem\",\"position\":1,\"name\":\"Home\",\"item\":\"https:\/\/www.mmpwebtv.eu\/\"},{\"@type\":\"ListItem\",\"position\":2,\"name\":\"Referendum Trivelle: quanto sono informati gli studenti di Forl\\u00ec?\"}]},{\"@type\":\"Article\",\"@id\":\"http:\/\/www.mmpwebtv.eu\/index.php\/2016\/04\/11\/referendum-trivelle-quanto-sono-informati-gli-studenti-di-forli\/#article\",\"isPartOf\":{\"@id\":\"http:\/\/www.mmpwebtv.eu\/index.php\/2016\/04\/11\/referendum-trivelle-quanto-sono-informati-gli-studenti-di-forli\/#webpage\"},\"author\":{\"@id\":\"https:\/\/www.mmpwebtv.eu\/#\/schema\/person\/4848c65626d1588551e847f88cda447a\"},\"headline\":\"Referendum Trivelle: quanto sono informati gli studenti di Forl\\u00ec?\",\"datePublished\":\"2016-04-11T09:25:11+00:00\",\"dateModified\":\"2017-04-02T15:24:51+00:00\",\"mainEntityOfPage\":{\"@id\":\"http:\/\/www.mmpwebtv.eu\/index.php\/2016\/04\/11\/referendum-trivelle-quanto-sono-informati-gli-studenti-di-forli\/#webpage\"},\"wordCount\":56,\"commentCount\":0,\"publisher\":{\"@id\":\"https:\/\/www.mmpwebtv.eu\/#organization\"},\"keywords\":[\"17 aprile\",\"attualit\\u00e0\",\"bologna\",\"forl\\u00ec\",\"intervista\",\"mmp\",\"mmpwebtv\",\"referendum\",\"sondaggio\",\"trivelle\",\"unibo\",\"webtv\"],\"articleSection\":[\"Attualit\\u00e0\",\"Palinsesto 2016\"],\"inLanguage\":\"it-IT\"},{\"@type\":\"Person\",\"@id\":\"https:\/\/www.mmpwebtv.eu\/#\/schema\/person\/4848c65626d1588551e847f88cda447a\",\"name\":\"admin\",\"image\":{\"@type\":\"ImageObject\",\"@id\":\"https:\/\/www.mmpwebtv.eu\/#personlogo\",\"inLanguage\":\"it-IT\",\"url\":\"http:\/\/0.gravatar.com\/avatar\/364ff6b737993d84049599bd8bd08384?s=96&d=mm&r=g\",\"contentUrl\":\"http:\/\/0.gravatar.com\/avatar\/364ff6b737993d84049599bd8bd08384?s=96&d=mm&r=g\",\"caption\":\"admin\"}}]}<\/script>\n<!-- \/ Yoast SEO plugin. -->","yoast_head_json":{"title":"Referendum Trivelle: quanto sono informati gli studenti di Forl\u00ec? &bull; MMP Web TV","robots":{"index":"noindex","follow":"follow"},"og_locale":"it_IT","og_type":"article","og_title":"Referendum Trivelle: quanto sono informati gli studenti di Forl\u00ec? &bull; MMP Web TV","og_description":"E&#8217; luned\u00ec, \u00e8 tempo di attualit\u00e0! Sar\u00e0 il video dedicato al prossimo Referendum del 17 aprile ad aprire questa nuova settimana di programmazione. La redazione della webTV ha chiesto agli studenti del Campus di Forl\u00ec quanto siano ferrati sul tema scottante delle trivelle. E loro? Vediamo come hanno risposto!","og_url":"http:\/\/www.mmpwebtv.eu\/index.php\/2016\/04\/11\/referendum-trivelle-quanto-sono-informati-gli-studenti-di-forli\/","og_site_name":"MMP Web TV","article_publisher":"https:\/\/www.facebook.com\/mmpwebtv\/","article_published_time":"2016-04-11T09:25:11+00:00","article_modified_time":"2017-04-02T15:24:51+00:00","twitter_card":"summary_large_image","twitter_misc":{"Scritto da":"admin"},"schema":{"@context":"https:\/\/schema.org","@graph":[{"@type":"Organization","@id":"https:\/\/www.mmpwebtv.eu\/#organization","name":"MMP WebTV","url":"https:\/\/www.mmpwebtv.eu\/","sameAs":["https:\/\/www.facebook.com\/mmpwebtv\/","https:\/\/www.instagram.com\/mmpwebtv\/"],"logo":{"@type":"ImageObject","@id":"https:\/\/www.mmpwebtv.eu\/#logo","inLanguage":"it-IT","url":"https:\/\/www.mmpwebtv.eu\/wp-content\/uploads\/2017\/04\/Logo-MMP-WebTv-02.png","contentUrl":"https:\/\/www.mmpwebtv.eu\/wp-content\/uploads\/2017\/04\/Logo-MMP-WebTv-02.png","width":8000,"height":4500,"caption":"MMP WebTV"},"image":{"@id":"https:\/\/www.mmpwebtv.eu\/#logo"}},{"@type":"WebSite","@id":"https:\/\/www.mmpwebtv.eu\/#website","url":"https:\/\/www.mmpwebtv.eu\/","name":"MMP Web TV","description":"La Web TV del Campus di Forl\u00ec","publisher":{"@id":"https:\/\/www.mmpwebtv.eu\/#organization"},"potentialAction":[{"@type":"SearchAction","target":{"@type":"EntryPoint","urlTemplate":"https:\/\/www.mmpwebtv.eu\/?s={search_term_string}"},"query-input":"required name=search_term_string"}],"inLanguage":"it-IT"},{"@type":"WebPage","@id":"http:\/\/www.mmpwebtv.eu\/index.php\/2016\/04\/11\/referendum-trivelle-quanto-sono-informati-gli-studenti-di-forli\/#webpage","url":"http:\/\/www.mmpwebtv.eu\/index.php\/2016\/04\/11\/referendum-trivelle-quanto-sono-informati-gli-studenti-di-forli\/","name":"Referendum Trivelle: quanto sono informati gli studenti di Forl\u00ec? &bull; MMP Web TV","isPartOf":{"@id":"https:\/\/www.mmpwebtv.eu\/#website"},"datePublished":"2016-04-11T09:25:11+00:00","dateModified":"2017-04-02T15:24:51+00:00","breadcrumb":{"@id":"http:\/\/www.mmpwebtv.eu\/index.php\/2016\/04\/11\/referendum-trivelle-quanto-sono-informati-gli-studenti-di-forli\/#breadcrumb"},"inLanguage":"it-IT","potentialAction":[{"@type":"ReadAction","target":["http:\/\/www.mmpwebtv.eu\/index.php\/2016\/04\/11\/referendum-trivelle-quanto-sono-informati-gli-studenti-di-forli\/"]}]},{"@type":"BreadcrumbList","@id":"http:\/\/www.mmpwebtv.eu\/index.php\/2016\/04\/11\/referendum-trivelle-quanto-sono-informati-gli-studenti-di-forli\/#breadcrumb","itemListElement":[{"@type":"ListItem","position":1,"name":"Home","item":"https:\/\/www.mmpwebtv.eu\/"},{"@type":"ListItem","position":2,"name":"Referendum Trivelle: quanto sono informati gli studenti di Forl\u00ec?"}]},{"@type":"Article","@id":"http:\/\/www.mmpwebtv.eu\/index.php\/2016\/04\/11\/referendum-trivelle-quanto-sono-informati-gli-studenti-di-forli\/#article","isPartOf":{"@id":"http:\/\/www.mmpwebtv.eu\/index.php\/2016\/04\/11\/referendum-trivelle-quanto-sono-informati-gli-studenti-di-forli\/#webpage"},"author":{"@id":"https:\/\/www.mmpwebtv.eu\/#\/schema\/person\/4848c65626d1588551e847f88cda447a"},"headline":"Referendum Trivelle: quanto sono informati gli studenti di Forl\u00ec?","datePublished":"2016-04-11T09:25:11+00:00","dateModified":"2017-04-02T15:24:51+00:00","mainEntityOfPage":{"@id":"http:\/\/www.mmpwebtv.eu\/index.php\/2016\/04\/11\/referendum-trivelle-quanto-sono-informati-gli-studenti-di-forli\/#webpage"},"wordCount":56,"commentCount":0,"publisher":{"@id":"https:\/\/www.mmpwebtv.eu\/#organization"},"keywords":["17 aprile","attualit\u00e0","bologna","forl\u00ec","intervista","mmp","mmpwebtv","referendum","sondaggio","trivelle","unibo","webtv"],"articleSection":["Attualit\u00e0","Palinsesto 2016"],"inLanguage":"it-IT"},{"@type":"Person","@id":"https:\/\/www.mmpwebtv.eu\/#\/schema\/person\/4848c65626d1588551e847f88cda447a","name":"admin","image":{"@type":"ImageObject","@id":"https:\/\/www.mmpwebtv.eu\/#personlogo","inLanguage":"it-IT","url":"http:\/\/0.gravatar.com\/avatar\/364ff6b737993d84049599bd8bd08384?s=96&d=mm&r=g","contentUrl":"http:\/\/0.gravatar.com\/avatar\/364ff6b737993d84049599bd8bd08384?s=96&d=mm&r=g","caption":"admin"}}]}},"_links":{"self":[{"href":"http:\/\/www.mmpwebtv.eu\/index.php\/wp-json\/wp\/v2\/posts\/58"}],"collection":[{"href":"http:\/\/www.mmpwebtv.eu\/index.php\/wp-json\/wp\/v2\/posts"}],"about":[{"href":"http:\/\/www.mmpwebtv.eu\/index.php\/wp-json\/wp\/v2\/types\/post"}],"author":[{"embeddable":true,"href":"http:\/\/www.mmpwebtv.eu\/index.php\/wp-json\/wp\/v2\/users\/1"}],"replies":[{"embeddable":true,"href":"http:\/\/www.mmpwebtv.eu\/index.php\/wp-json\/wp\/v2\/comments?post=58"}],"version-history":[{"count":1,"href":"http:\/\/www.mmpwebtv.eu\/index.php\/wp-json\/wp\/v2\/posts\/58\/revisions"}],"predecessor-version":[{"id":59,"href":"http:\/\/www.mmpwebtv.eu\/index.php\/wp-json\/wp\/v2\/posts\/58\/revisions\/59"}],"wp:attachment":[{"href":"http:\/\/www.mmpwebtv.eu\/index.php\/wp-json\/wp\/v2\/media?parent=58"}],"wp:term":[{"taxonomy":"category","embeddable":true,"href":"http:\/\/www.mmpwebtv.eu\/index.php\/wp-json\/wp\/v2\/categories?post=58"},{"taxonomy":"post_tag","embeddable":true,"href":"http:\/\/www.mmpwebtv.eu\/index.php\/wp-json\/wp\/v2\/tags?post=58"}],"curies":[{"name":"wp","href":"https:\/\/api.w.org\/{rel}","templated":true}]}}