{"id":695,"date":"2018-07-12T13:33:35","date_gmt":"2018-07-12T11:33:35","guid":{"rendered":"http:\/\/www.mmpwebtv.eu\/?p=695"},"modified":"2020-11-13T11:34:32","modified_gmt":"2020-11-13T10:34:32","slug":"edizione-12-luglio","status":"publish","type":"post","link":"http:\/\/www.mmpwebtv.eu\/index.php\/2018\/07\/12\/edizione-12-luglio\/","title":{"rendered":"Edizione 12 luglio"},"content":{"rendered":"<p>Che gioved\u00ec sarebbe senza il TG Campus! Ecco per voi due nuovi servizi!<\/p>\n<p>Partiamo presentandovi Romagna Tech, o meglio Enrico Sangiorgi, Prorettore Unibo, e Stefano Bonaccini, Presidente Emilia Romagna, ci dicono cos&#8217;\u00e8 e qual \u00e8 l&#8217;obiettivo della nuova societ\u00e0 consortile nata dall&#8217;esperienza di Centuria e Rinnova Romagna Innovazione, due strutture da tempo promotrici di innovazione e ricerca industriale.<\/p>\n<p>A seguire un video speciale per raccontarvi cosa \u00e8 accaduto durante la decima edizione dei Mercoled\u00ec del Cuore a Forl\u00ec!<br \/>\nTutti i mercoled\u00ec di giugno e luglio il cuore di Forl\u00ec si accende di luci e suoni!<br \/>\nMusica, spettacoli, performance sportive e artistiche ed esercizi commerciali aperti fino a mezzanotte, sono tante le opportunit\u00e0 per vivere il centro storico forlivese e divertirsi.<\/p>\n<p>Il nostro video vi racconta le tante serate trascorse ma non temete altri due mercoled\u00ec vi aspettano!<\/p>\n<p>BUONA VISIONE!<\/p>\n","protected":false},"excerpt":{"rendered":"<p>Che gioved\u00ec sarebbe senza il TG Campus! Ecco per voi due nuovi servizi! Partiamo presentandovi Romagna Tech, o meglio Enrico Sangiorgi, Prorettore Unibo, e Stefano Bonaccini, Presidente Emilia Romagna, ci dicono cos&#8217;\u00e8 e qual \u00e8 l&#8217;obiettivo della nuova societ\u00e0 consortile nata dall&#8217;esperienza di Centuria e Rinnova Romagna Innovazione, due strutture da tempo promotrici di innovazione [&hellip;]<\/p>\n","protected":false},"author":1,"featured_media":696,"comment_status":"closed","ping_status":"closed","sticky":false,"template":"","format":"video","meta":[],"categories":[165],"tags":[130,12,72,75,354,69,359,13,9,356,360,358,17,119,16,198,355,94,353,357,352,14,361,15],"yoast_head":"<!-- This site is optimized with the Yoast SEO plugin v17.9 - https:\/\/yoast.com\/wordpress\/plugins\/seo\/ -->\n<title>Edizione 12 luglio &bull; MMP Web TV<\/title>\n<meta name=\"robots\" content=\"noindex, follow\" \/>\n<meta property=\"og:locale\" content=\"it_IT\" \/>\n<meta property=\"og:type\" content=\"article\" \/>\n<meta property=\"og:title\" content=\"Edizione 12 luglio &bull; MMP Web TV\" \/>\n<meta property=\"og:description\" content=\"Che gioved\u00ec sarebbe senza il TG Campus! Ecco per voi due nuovi servizi! Partiamo presentandovi Romagna Tech, o meglio Enrico Sangiorgi, Prorettore Unibo, e Stefano Bonaccini, Presidente Emilia Romagna, ci dicono cos&#8217;\u00e8 e qual \u00e8 l&#8217;obiettivo della nuova societ\u00e0 consortile nata dall&#8217;esperienza di Centuria e Rinnova Romagna Innovazione, due strutture da tempo promotrici di innovazione [&hellip;]\" \/>\n<meta property=\"og:url\" content=\"http:\/\/www.mmpwebtv.eu\/index.php\/2018\/07\/12\/edizione-12-luglio\/\" \/>\n<meta property=\"og:site_name\" content=\"MMP Web TV\" \/>\n<meta property=\"article:publisher\" content=\"https:\/\/www.facebook.com\/mmpwebtv\/\" \/>\n<meta property=\"article:published_time\" content=\"2018-07-12T11:33:35+00:00\" \/>\n<meta property=\"article:modified_time\" content=\"2020-11-13T10:34:32+00:00\" \/>\n<meta property=\"og:image\" content=\"http:\/\/www.mmpwebtv.eu\/wp-content\/uploads\/2018\/07\/05-1.png\" \/>\n\t<meta property=\"og:image:width\" content=\"1223\" \/>\n\t<meta property=\"og:image:height\" content=\"742\" \/>\n\t<meta property=\"og:image:type\" content=\"image\/png\" \/>\n<meta name=\"twitter:card\" content=\"summary_large_image\" \/>\n<meta name=\"twitter:label1\" content=\"Scritto da\" \/>\n\t<meta name=\"twitter:data1\" content=\"admin\" \/>\n\t<meta name=\"twitter:label2\" content=\"Tempo di lettura stimato\" \/>\n\t<meta name=\"twitter:data2\" content=\"1 minuto\" \/>\n<script type=\"application\/ld+json\" class=\"yoast-schema-graph\">{\"@context\":\"https:\/\/schema.org\",\"@graph\":[{\"@type\":\"Organization\",\"@id\":\"https:\/\/www.mmpwebtv.eu\/#organization\",\"name\":\"MMP WebTV\",\"url\":\"https:\/\/www.mmpwebtv.eu\/\",\"sameAs\":[\"https:\/\/www.facebook.com\/mmpwebtv\/\",\"https:\/\/www.instagram.com\/mmpwebtv\/\"],\"logo\":{\"@type\":\"ImageObject\",\"@id\":\"https:\/\/www.mmpwebtv.eu\/#logo\",\"inLanguage\":\"it-IT\",\"url\":\"https:\/\/www.mmpwebtv.eu\/wp-content\/uploads\/2017\/04\/Logo-MMP-WebTv-02.png\",\"contentUrl\":\"https:\/\/www.mmpwebtv.eu\/wp-content\/uploads\/2017\/04\/Logo-MMP-WebTv-02.png\",\"width\":8000,\"height\":4500,\"caption\":\"MMP WebTV\"},\"image\":{\"@id\":\"https:\/\/www.mmpwebtv.eu\/#logo\"}},{\"@type\":\"WebSite\",\"@id\":\"https:\/\/www.mmpwebtv.eu\/#website\",\"url\":\"https:\/\/www.mmpwebtv.eu\/\",\"name\":\"MMP Web TV\",\"description\":\"La Web TV del Campus di Forl\\u00ec\",\"publisher\":{\"@id\":\"https:\/\/www.mmpwebtv.eu\/#organization\"},\"potentialAction\":[{\"@type\":\"SearchAction\",\"target\":{\"@type\":\"EntryPoint\",\"urlTemplate\":\"https:\/\/www.mmpwebtv.eu\/?s={search_term_string}\"},\"query-input\":\"required name=search_term_string\"}],\"inLanguage\":\"it-IT\"},{\"@type\":\"ImageObject\",\"@id\":\"http:\/\/www.mmpwebtv.eu\/index.php\/2018\/07\/12\/edizione-12-luglio\/#primaryimage\",\"inLanguage\":\"it-IT\",\"url\":\"http:\/\/www.mmpwebtv.eu\/wp-content\/uploads\/2018\/07\/05-1.png\",\"contentUrl\":\"http:\/\/www.mmpwebtv.eu\/wp-content\/uploads\/2018\/07\/05-1.png\",\"width\":1223,\"height\":742},{\"@type\":\"WebPage\",\"@id\":\"http:\/\/www.mmpwebtv.eu\/index.php\/2018\/07\/12\/edizione-12-luglio\/#webpage\",\"url\":\"http:\/\/www.mmpwebtv.eu\/index.php\/2018\/07\/12\/edizione-12-luglio\/\",\"name\":\"Edizione 12 luglio &bull; MMP Web TV\",\"isPartOf\":{\"@id\":\"https:\/\/www.mmpwebtv.eu\/#website\"},\"primaryImageOfPage\":{\"@id\":\"http:\/\/www.mmpwebtv.eu\/index.php\/2018\/07\/12\/edizione-12-luglio\/#primaryimage\"},\"datePublished\":\"2018-07-12T11:33:35+00:00\",\"dateModified\":\"2020-11-13T10:34:32+00:00\",\"breadcrumb\":{\"@id\":\"http:\/\/www.mmpwebtv.eu\/index.php\/2018\/07\/12\/edizione-12-luglio\/#breadcrumb\"},\"inLanguage\":\"it-IT\",\"potentialAction\":[{\"@type\":\"ReadAction\",\"target\":[\"http:\/\/www.mmpwebtv.eu\/index.php\/2018\/07\/12\/edizione-12-luglio\/\"]}]},{\"@type\":\"BreadcrumbList\",\"@id\":\"http:\/\/www.mmpwebtv.eu\/index.php\/2018\/07\/12\/edizione-12-luglio\/#breadcrumb\",\"itemListElement\":[{\"@type\":\"ListItem\",\"position\":1,\"name\":\"Home\",\"item\":\"https:\/\/www.mmpwebtv.eu\/\"},{\"@type\":\"ListItem\",\"position\":2,\"name\":\"Edizione 12 luglio\"}]},{\"@type\":\"Article\",\"@id\":\"http:\/\/www.mmpwebtv.eu\/index.php\/2018\/07\/12\/edizione-12-luglio\/#article\",\"isPartOf\":{\"@id\":\"http:\/\/www.mmpwebtv.eu\/index.php\/2018\/07\/12\/edizione-12-luglio\/#webpage\"},\"author\":{\"@id\":\"https:\/\/www.mmpwebtv.eu\/#\/schema\/person\/4848c65626d1588551e847f88cda447a\"},\"headline\":\"Edizione 12 luglio\",\"datePublished\":\"2018-07-12T11:33:35+00:00\",\"dateModified\":\"2020-11-13T10:34:32+00:00\",\"mainEntityOfPage\":{\"@id\":\"http:\/\/www.mmpwebtv.eu\/index.php\/2018\/07\/12\/edizione-12-luglio\/#webpage\"},\"wordCount\":139,\"publisher\":{\"@id\":\"https:\/\/www.mmpwebtv.eu\/#organization\"},\"image\":{\"@id\":\"http:\/\/www.mmpwebtv.eu\/index.php\/2018\/07\/12\/edizione-12-luglio\/#primaryimage\"},\"thumbnailUrl\":\"http:\/\/www.mmpwebtv.eu\/wp-content\/uploads\/2018\/07\/05-1.png\",\"keywords\":[\"alma mater studiorum\",\"bologna\",\"campus\",\"campus di forl\\u00ec\",\"Centuria\",\"comunicazione\",\"Cuore\",\"forl\\u00ec\",\"format\",\"Innovazione\",\"Mercoled\\u00ec\",\"Mercoled\\u00ec del Cuore\",\"mmp\",\"MMP webTV\",\"mmpwebtv\",\"ricerca\",\"Rinnova\",\"romagna\",\"Romagna Tech\",\"Start up\",\"Tech\",\"unibo\",\"video\",\"webtv\"],\"articleSection\":[\"TG Campus\"],\"inLanguage\":\"it-IT\"},{\"@type\":\"Person\",\"@id\":\"https:\/\/www.mmpwebtv.eu\/#\/schema\/person\/4848c65626d1588551e847f88cda447a\",\"name\":\"admin\",\"image\":{\"@type\":\"ImageObject\",\"@id\":\"https:\/\/www.mmpwebtv.eu\/#personlogo\",\"inLanguage\":\"it-IT\",\"url\":\"http:\/\/0.gravatar.com\/avatar\/364ff6b737993d84049599bd8bd08384?s=96&d=mm&r=g\",\"contentUrl\":\"http:\/\/0.gravatar.com\/avatar\/364ff6b737993d84049599bd8bd08384?s=96&d=mm&r=g\",\"caption\":\"admin\"}}]}<\/script>\n<!-- \/ Yoast SEO plugin. -->","yoast_head_json":{"title":"Edizione 12 luglio &bull; MMP Web TV","robots":{"index":"noindex","follow":"follow"},"og_locale":"it_IT","og_type":"article","og_title":"Edizione 12 luglio &bull; MMP Web TV","og_description":"Che gioved\u00ec sarebbe senza il TG Campus! Ecco per voi due nuovi servizi! Partiamo presentandovi Romagna Tech, o meglio Enrico Sangiorgi, Prorettore Unibo, e Stefano Bonaccini, Presidente Emilia Romagna, ci dicono cos&#8217;\u00e8 e qual \u00e8 l&#8217;obiettivo della nuova societ\u00e0 consortile nata dall&#8217;esperienza di Centuria e Rinnova Romagna Innovazione, due strutture da tempo promotrici di innovazione [&hellip;]","og_url":"http:\/\/www.mmpwebtv.eu\/index.php\/2018\/07\/12\/edizione-12-luglio\/","og_site_name":"MMP Web TV","article_publisher":"https:\/\/www.facebook.com\/mmpwebtv\/","article_published_time":"2018-07-12T11:33:35+00:00","article_modified_time":"2020-11-13T10:34:32+00:00","og_image":[{"width":1223,"height":742,"url":"http:\/\/www.mmpwebtv.eu\/wp-content\/uploads\/2018\/07\/05-1.png","type":"image\/png"}],"twitter_card":"summary_large_image","twitter_misc":{"Scritto da":"admin","Tempo di lettura stimato":"1 minuto"},"schema":{"@context":"https:\/\/schema.org","@graph":[{"@type":"Organization","@id":"https:\/\/www.mmpwebtv.eu\/#organization","name":"MMP WebTV","url":"https:\/\/www.mmpwebtv.eu\/","sameAs":["https:\/\/www.facebook.com\/mmpwebtv\/","https:\/\/www.instagram.com\/mmpwebtv\/"],"logo":{"@type":"ImageObject","@id":"https:\/\/www.mmpwebtv.eu\/#logo","inLanguage":"it-IT","url":"https:\/\/www.mmpwebtv.eu\/wp-content\/uploads\/2017\/04\/Logo-MMP-WebTv-02.png","contentUrl":"https:\/\/www.mmpwebtv.eu\/wp-content\/uploads\/2017\/04\/Logo-MMP-WebTv-02.png","width":8000,"height":4500,"caption":"MMP WebTV"},"image":{"@id":"https:\/\/www.mmpwebtv.eu\/#logo"}},{"@type":"WebSite","@id":"https:\/\/www.mmpwebtv.eu\/#website","url":"https:\/\/www.mmpwebtv.eu\/","name":"MMP Web TV","description":"La Web TV del Campus di Forl\u00ec","publisher":{"@id":"https:\/\/www.mmpwebtv.eu\/#organization"},"potentialAction":[{"@type":"SearchAction","target":{"@type":"EntryPoint","urlTemplate":"https:\/\/www.mmpwebtv.eu\/?s={search_term_string}"},"query-input":"required name=search_term_string"}],"inLanguage":"it-IT"},{"@type":"ImageObject","@id":"http:\/\/www.mmpwebtv.eu\/index.php\/2018\/07\/12\/edizione-12-luglio\/#primaryimage","inLanguage":"it-IT","url":"http:\/\/www.mmpwebtv.eu\/wp-content\/uploads\/2018\/07\/05-1.png","contentUrl":"http:\/\/www.mmpwebtv.eu\/wp-content\/uploads\/2018\/07\/05-1.png","width":1223,"height":742},{"@type":"WebPage","@id":"http:\/\/www.mmpwebtv.eu\/index.php\/2018\/07\/12\/edizione-12-luglio\/#webpage","url":"http:\/\/www.mmpwebtv.eu\/index.php\/2018\/07\/12\/edizione-12-luglio\/","name":"Edizione 12 luglio &bull; MMP Web TV","isPartOf":{"@id":"https:\/\/www.mmpwebtv.eu\/#website"},"primaryImageOfPage":{"@id":"http:\/\/www.mmpwebtv.eu\/index.php\/2018\/07\/12\/edizione-12-luglio\/#primaryimage"},"datePublished":"2018-07-12T11:33:35+00:00","dateModified":"2020-11-13T10:34:32+00:00","breadcrumb":{"@id":"http:\/\/www.mmpwebtv.eu\/index.php\/2018\/07\/12\/edizione-12-luglio\/#breadcrumb"},"inLanguage":"it-IT","potentialAction":[{"@type":"ReadAction","target":["http:\/\/www.mmpwebtv.eu\/index.php\/2018\/07\/12\/edizione-12-luglio\/"]}]},{"@type":"BreadcrumbList","@id":"http:\/\/www.mmpwebtv.eu\/index.php\/2018\/07\/12\/edizione-12-luglio\/#breadcrumb","itemListElement":[{"@type":"ListItem","position":1,"name":"Home","item":"https:\/\/www.mmpwebtv.eu\/"},{"@type":"ListItem","position":2,"name":"Edizione 12 luglio"}]},{"@type":"Article","@id":"http:\/\/www.mmpwebtv.eu\/index.php\/2018\/07\/12\/edizione-12-luglio\/#article","isPartOf":{"@id":"http:\/\/www.mmpwebtv.eu\/index.php\/2018\/07\/12\/edizione-12-luglio\/#webpage"},"author":{"@id":"https:\/\/www.mmpwebtv.eu\/#\/schema\/person\/4848c65626d1588551e847f88cda447a"},"headline":"Edizione 12 luglio","datePublished":"2018-07-12T11:33:35+00:00","dateModified":"2020-11-13T10:34:32+00:00","mainEntityOfPage":{"@id":"http:\/\/www.mmpwebtv.eu\/index.php\/2018\/07\/12\/edizione-12-luglio\/#webpage"},"wordCount":139,"publisher":{"@id":"https:\/\/www.mmpwebtv.eu\/#organization"},"image":{"@id":"http:\/\/www.mmpwebtv.eu\/index.php\/2018\/07\/12\/edizione-12-luglio\/#primaryimage"},"thumbnailUrl":"http:\/\/www.mmpwebtv.eu\/wp-content\/uploads\/2018\/07\/05-1.png","keywords":["alma mater studiorum","bologna","campus","campus di forl\u00ec","Centuria","comunicazione","Cuore","forl\u00ec","format","Innovazione","Mercoled\u00ec","Mercoled\u00ec del Cuore","mmp","MMP webTV","mmpwebtv","ricerca","Rinnova","romagna","Romagna Tech","Start up","Tech","unibo","video","webtv"],"articleSection":["TG Campus"],"inLanguage":"it-IT"},{"@type":"Person","@id":"https:\/\/www.mmpwebtv.eu\/#\/schema\/person\/4848c65626d1588551e847f88cda447a","name":"admin","image":{"@type":"ImageObject","@id":"https:\/\/www.mmpwebtv.eu\/#personlogo","inLanguage":"it-IT","url":"http:\/\/0.gravatar.com\/avatar\/364ff6b737993d84049599bd8bd08384?s=96&d=mm&r=g","contentUrl":"http:\/\/0.gravatar.com\/avatar\/364ff6b737993d84049599bd8bd08384?s=96&d=mm&r=g","caption":"admin"}}]}},"_links":{"self":[{"href":"http:\/\/www.mmpwebtv.eu\/index.php\/wp-json\/wp\/v2\/posts\/695"}],"collection":[{"href":"http:\/\/www.mmpwebtv.eu\/index.php\/wp-json\/wp\/v2\/posts"}],"about":[{"href":"http:\/\/www.mmpwebtv.eu\/index.php\/wp-json\/wp\/v2\/types\/post"}],"author":[{"embeddable":true,"href":"http:\/\/www.mmpwebtv.eu\/index.php\/wp-json\/wp\/v2\/users\/1"}],"replies":[{"embeddable":true,"href":"http:\/\/www.mmpwebtv.eu\/index.php\/wp-json\/wp\/v2\/comments?post=695"}],"version-history":[{"count":2,"href":"http:\/\/www.mmpwebtv.eu\/index.php\/wp-json\/wp\/v2\/posts\/695\/revisions"}],"predecessor-version":[{"id":2793,"href":"http:\/\/www.mmpwebtv.eu\/index.php\/wp-json\/wp\/v2\/posts\/695\/revisions\/2793"}],"wp:featuredmedia":[{"embeddable":true,"href":"http:\/\/www.mmpwebtv.eu\/index.php\/wp-json\/wp\/v2\/media\/696"}],"wp:attachment":[{"href":"http:\/\/www.mmpwebtv.eu\/index.php\/wp-json\/wp\/v2\/media?parent=695"}],"wp:term":[{"taxonomy":"category","embeddable":true,"href":"http:\/\/www.mmpwebtv.eu\/index.php\/wp-json\/wp\/v2\/categories?post=695"},{"taxonomy":"post_tag","embeddable":true,"href":"http:\/\/www.mmpwebtv.eu\/index.php\/wp-json\/wp\/v2\/tags?post=695"}],"curies":[{"name":"wp","href":"https:\/\/api.w.org\/{rel}","templated":true}]}}