{"id":700,"date":"2018-07-19T16:00:35","date_gmt":"2018-07-19T14:00:35","guid":{"rendered":"http:\/\/www.mmpwebtv.eu\/?p=700"},"modified":"2018-07-18T17:20:30","modified_gmt":"2018-07-18T15:20:30","slug":"edizione-19-luglio","status":"publish","type":"post","link":"http:\/\/www.mmpwebtv.eu\/index.php\/2018\/07\/19\/edizione-19-luglio\/","title":{"rendered":"Edizione 19 luglio"},"content":{"rendered":"<p>L&#8217;estate \u00e8 arrivata ma MMP WEBTV non \u00e8 ancora in vacanza! E quindi ecco per voi due nuovi imperdibili servizi!<\/p>\n<p>Marted\u00ec 10 luglio siamo stati presenti all&#8217;evento \u201cSi aprono le porte della Rocca\u201d che si \u00e8 tenuto presso la storica Rocca delle Caminate a Forl\u00ec. La struttura, situata sulle colline forlivesi, ha ufficialmente riaperto le porte ai visitatori dopo un&#8217;imponente opera di restauro che l&#8217;ha interessata negli scorsi anni.<br \/>\nDurante l&#8217;evento, gli ospiti che sono intervenuti hanno presentato il percorso culturale-didattico, composto da 24 pannelli illustrati, che si estende lungo tutto il perimetro della Rocca. <\/p>\n<p>Da un luogo denso di storia e simbologia voliamo verso un&#8217;altra meta affascinante! Francesco, studenti magistrale di Scienze Politiche, ci porta infatti a Londra, dove sta svolgendo un tirocinio presso il Consolato Generale d&#8217;Italia. <\/p>\n<p>Buona visione e continuate a seguirci. <\/p>\n","protected":false},"excerpt":{"rendered":"<p>L&#8217;estate \u00e8 arrivata ma MMP WEBTV non \u00e8 ancora in vacanza! E quindi ecco per voi due nuovi imperdibili servizi! Marted\u00ec 10 luglio siamo stati presenti all&#8217;evento \u201cSi aprono le porte della Rocca\u201d che si \u00e8 tenuto presso la storica Rocca delle Caminate a Forl\u00ec. La struttura, situata sulle colline forlivesi, ha ufficialmente riaperto le [&hellip;]<\/p>\n","protected":false},"author":1,"featured_media":701,"comment_status":"closed","ping_status":"closed","sticky":false,"template":"","format":"video","meta":[],"categories":[165],"tags":[130,12,72,75,366,365,69,13,9,20,43,317,19,363,17,119,16,364,362,170,168,21,14,11,120,15],"yoast_head":"<!-- This site is optimized with the Yoast SEO plugin v17.9 - https:\/\/yoast.com\/wordpress\/plugins\/seo\/ -->\n<title>Edizione 19 luglio &bull; MMP Web TV<\/title>\n<meta name=\"robots\" content=\"noindex, follow\" \/>\n<meta property=\"og:locale\" content=\"it_IT\" \/>\n<meta property=\"og:type\" content=\"article\" \/>\n<meta property=\"og:title\" content=\"Edizione 19 luglio &bull; MMP Web TV\" \/>\n<meta property=\"og:description\" content=\"L&#8217;estate \u00e8 arrivata ma MMP WEBTV non \u00e8 ancora in vacanza! E quindi ecco per voi due nuovi imperdibili servizi! Marted\u00ec 10 luglio siamo stati presenti all&#8217;evento \u201cSi aprono le porte della Rocca\u201d che si \u00e8 tenuto presso la storica Rocca delle Caminate a Forl\u00ec. La struttura, situata sulle colline forlivesi, ha ufficialmente riaperto le [&hellip;]\" \/>\n<meta property=\"og:url\" content=\"http:\/\/www.mmpwebtv.eu\/index.php\/2018\/07\/19\/edizione-19-luglio\/\" \/>\n<meta property=\"og:site_name\" content=\"MMP Web TV\" \/>\n<meta property=\"article:publisher\" content=\"https:\/\/www.facebook.com\/mmpwebtv\/\" \/>\n<meta property=\"article:published_time\" content=\"2018-07-19T14:00:35+00:00\" \/>\n<meta property=\"article:modified_time\" content=\"2018-07-18T15:20:30+00:00\" \/>\n<meta property=\"og:image\" content=\"http:\/\/www.mmpwebtv.eu\/wp-content\/uploads\/2018\/07\/37307389_10216583233283922_1094763945157197824_n.jpg\" \/>\n\t<meta property=\"og:image:width\" content=\"4096\" \/>\n\t<meta property=\"og:image:height\" content=\"1802\" \/>\n\t<meta property=\"og:image:type\" content=\"image\/jpeg\" \/>\n<meta name=\"twitter:card\" content=\"summary_large_image\" \/>\n<meta name=\"twitter:label1\" content=\"Scritto da\" \/>\n\t<meta name=\"twitter:data1\" content=\"admin\" \/>\n\t<meta name=\"twitter:label2\" content=\"Tempo di lettura stimato\" \/>\n\t<meta name=\"twitter:data2\" content=\"1 minuto\" \/>\n<script type=\"application\/ld+json\" class=\"yoast-schema-graph\">{\"@context\":\"https:\/\/schema.org\",\"@graph\":[{\"@type\":\"Organization\",\"@id\":\"https:\/\/www.mmpwebtv.eu\/#organization\",\"name\":\"MMP WebTV\",\"url\":\"https:\/\/www.mmpwebtv.eu\/\",\"sameAs\":[\"https:\/\/www.facebook.com\/mmpwebtv\/\",\"https:\/\/www.instagram.com\/mmpwebtv\/\"],\"logo\":{\"@type\":\"ImageObject\",\"@id\":\"https:\/\/www.mmpwebtv.eu\/#logo\",\"inLanguage\":\"it-IT\",\"url\":\"https:\/\/www.mmpwebtv.eu\/wp-content\/uploads\/2017\/04\/Logo-MMP-WebTv-02.png\",\"contentUrl\":\"https:\/\/www.mmpwebtv.eu\/wp-content\/uploads\/2017\/04\/Logo-MMP-WebTv-02.png\",\"width\":8000,\"height\":4500,\"caption\":\"MMP WebTV\"},\"image\":{\"@id\":\"https:\/\/www.mmpwebtv.eu\/#logo\"}},{\"@type\":\"WebSite\",\"@id\":\"https:\/\/www.mmpwebtv.eu\/#website\",\"url\":\"https:\/\/www.mmpwebtv.eu\/\",\"name\":\"MMP Web TV\",\"description\":\"La Web TV del Campus di Forl\\u00ec\",\"publisher\":{\"@id\":\"https:\/\/www.mmpwebtv.eu\/#organization\"},\"potentialAction\":[{\"@type\":\"SearchAction\",\"target\":{\"@type\":\"EntryPoint\",\"urlTemplate\":\"https:\/\/www.mmpwebtv.eu\/?s={search_term_string}\"},\"query-input\":\"required name=search_term_string\"}],\"inLanguage\":\"it-IT\"},{\"@type\":\"ImageObject\",\"@id\":\"http:\/\/www.mmpwebtv.eu\/index.php\/2018\/07\/19\/edizione-19-luglio\/#primaryimage\",\"inLanguage\":\"it-IT\",\"url\":\"http:\/\/www.mmpwebtv.eu\/wp-content\/uploads\/2018\/07\/37307389_10216583233283922_1094763945157197824_n.jpg\",\"contentUrl\":\"http:\/\/www.mmpwebtv.eu\/wp-content\/uploads\/2018\/07\/37307389_10216583233283922_1094763945157197824_n.jpg\",\"width\":4096,\"height\":1802},{\"@type\":\"WebPage\",\"@id\":\"http:\/\/www.mmpwebtv.eu\/index.php\/2018\/07\/19\/edizione-19-luglio\/#webpage\",\"url\":\"http:\/\/www.mmpwebtv.eu\/index.php\/2018\/07\/19\/edizione-19-luglio\/\",\"name\":\"Edizione 19 luglio &bull; MMP Web TV\",\"isPartOf\":{\"@id\":\"https:\/\/www.mmpwebtv.eu\/#website\"},\"primaryImageOfPage\":{\"@id\":\"http:\/\/www.mmpwebtv.eu\/index.php\/2018\/07\/19\/edizione-19-luglio\/#primaryimage\"},\"datePublished\":\"2018-07-19T14:00:35+00:00\",\"dateModified\":\"2018-07-18T15:20:30+00:00\",\"breadcrumb\":{\"@id\":\"http:\/\/www.mmpwebtv.eu\/index.php\/2018\/07\/19\/edizione-19-luglio\/#breadcrumb\"},\"inLanguage\":\"it-IT\",\"potentialAction\":[{\"@type\":\"ReadAction\",\"target\":[\"http:\/\/www.mmpwebtv.eu\/index.php\/2018\/07\/19\/edizione-19-luglio\/\"]}]},{\"@type\":\"BreadcrumbList\",\"@id\":\"http:\/\/www.mmpwebtv.eu\/index.php\/2018\/07\/19\/edizione-19-luglio\/#breadcrumb\",\"itemListElement\":[{\"@type\":\"ListItem\",\"position\":1,\"name\":\"Home\",\"item\":\"https:\/\/www.mmpwebtv.eu\/\"},{\"@type\":\"ListItem\",\"position\":2,\"name\":\"Edizione 19 luglio\"}]},{\"@type\":\"Article\",\"@id\":\"http:\/\/www.mmpwebtv.eu\/index.php\/2018\/07\/19\/edizione-19-luglio\/#article\",\"isPartOf\":{\"@id\":\"http:\/\/www.mmpwebtv.eu\/index.php\/2018\/07\/19\/edizione-19-luglio\/#webpage\"},\"author\":{\"@id\":\"https:\/\/www.mmpwebtv.eu\/#\/schema\/person\/4848c65626d1588551e847f88cda447a\"},\"headline\":\"Edizione 19 luglio\",\"datePublished\":\"2018-07-19T14:00:35+00:00\",\"dateModified\":\"2018-07-18T15:20:30+00:00\",\"mainEntityOfPage\":{\"@id\":\"http:\/\/www.mmpwebtv.eu\/index.php\/2018\/07\/19\/edizione-19-luglio\/#webpage\"},\"wordCount\":132,\"publisher\":{\"@id\":\"https:\/\/www.mmpwebtv.eu\/#organization\"},\"image\":{\"@id\":\"http:\/\/www.mmpwebtv.eu\/index.php\/2018\/07\/19\/edizione-19-luglio\/#primaryimage\"},\"thumbnailUrl\":\"http:\/\/www.mmpwebtv.eu\/wp-content\/uploads\/2018\/07\/37307389_10216583233283922_1094763945157197824_n.jpg\",\"keywords\":[\"alma mater studiorum\",\"bologna\",\"campus\",\"campus di forl\\u00ec\",\"colli\",\"colli forlivesi\",\"comunicazione\",\"forl\\u00ec\",\"format\",\"globetrotters\",\"intervista\",\"lancio\",\"londra\",\"Meldola\",\"mmp\",\"MMP webTV\",\"mmpwebtv\",\"Predappio\",\"Rocca delle Caminate\",\"TgC\",\"TGCampus\",\"tirocinio\",\"unibo\",\"universit\\u00e0\",\"Universit\\u00e0 di Bologna\",\"webtv\"],\"articleSection\":[\"TG Campus\"],\"inLanguage\":\"it-IT\"},{\"@type\":\"Person\",\"@id\":\"https:\/\/www.mmpwebtv.eu\/#\/schema\/person\/4848c65626d1588551e847f88cda447a\",\"name\":\"admin\",\"image\":{\"@type\":\"ImageObject\",\"@id\":\"https:\/\/www.mmpwebtv.eu\/#personlogo\",\"inLanguage\":\"it-IT\",\"url\":\"http:\/\/0.gravatar.com\/avatar\/364ff6b737993d84049599bd8bd08384?s=96&d=mm&r=g\",\"contentUrl\":\"http:\/\/0.gravatar.com\/avatar\/364ff6b737993d84049599bd8bd08384?s=96&d=mm&r=g\",\"caption\":\"admin\"}}]}<\/script>\n<!-- \/ Yoast SEO plugin. -->","yoast_head_json":{"title":"Edizione 19 luglio &bull; MMP Web TV","robots":{"index":"noindex","follow":"follow"},"og_locale":"it_IT","og_type":"article","og_title":"Edizione 19 luglio &bull; MMP Web TV","og_description":"L&#8217;estate \u00e8 arrivata ma MMP WEBTV non \u00e8 ancora in vacanza! E quindi ecco per voi due nuovi imperdibili servizi! Marted\u00ec 10 luglio siamo stati presenti all&#8217;evento \u201cSi aprono le porte della Rocca\u201d che si \u00e8 tenuto presso la storica Rocca delle Caminate a Forl\u00ec. La struttura, situata sulle colline forlivesi, ha ufficialmente riaperto le [&hellip;]","og_url":"http:\/\/www.mmpwebtv.eu\/index.php\/2018\/07\/19\/edizione-19-luglio\/","og_site_name":"MMP Web TV","article_publisher":"https:\/\/www.facebook.com\/mmpwebtv\/","article_published_time":"2018-07-19T14:00:35+00:00","article_modified_time":"2018-07-18T15:20:30+00:00","og_image":[{"width":4096,"height":1802,"url":"http:\/\/www.mmpwebtv.eu\/wp-content\/uploads\/2018\/07\/37307389_10216583233283922_1094763945157197824_n.jpg","type":"image\/jpeg"}],"twitter_card":"summary_large_image","twitter_misc":{"Scritto da":"admin","Tempo di lettura stimato":"1 minuto"},"schema":{"@context":"https:\/\/schema.org","@graph":[{"@type":"Organization","@id":"https:\/\/www.mmpwebtv.eu\/#organization","name":"MMP WebTV","url":"https:\/\/www.mmpwebtv.eu\/","sameAs":["https:\/\/www.facebook.com\/mmpwebtv\/","https:\/\/www.instagram.com\/mmpwebtv\/"],"logo":{"@type":"ImageObject","@id":"https:\/\/www.mmpwebtv.eu\/#logo","inLanguage":"it-IT","url":"https:\/\/www.mmpwebtv.eu\/wp-content\/uploads\/2017\/04\/Logo-MMP-WebTv-02.png","contentUrl":"https:\/\/www.mmpwebtv.eu\/wp-content\/uploads\/2017\/04\/Logo-MMP-WebTv-02.png","width":8000,"height":4500,"caption":"MMP WebTV"},"image":{"@id":"https:\/\/www.mmpwebtv.eu\/#logo"}},{"@type":"WebSite","@id":"https:\/\/www.mmpwebtv.eu\/#website","url":"https:\/\/www.mmpwebtv.eu\/","name":"MMP Web TV","description":"La Web TV del Campus di Forl\u00ec","publisher":{"@id":"https:\/\/www.mmpwebtv.eu\/#organization"},"potentialAction":[{"@type":"SearchAction","target":{"@type":"EntryPoint","urlTemplate":"https:\/\/www.mmpwebtv.eu\/?s={search_term_string}"},"query-input":"required name=search_term_string"}],"inLanguage":"it-IT"},{"@type":"ImageObject","@id":"http:\/\/www.mmpwebtv.eu\/index.php\/2018\/07\/19\/edizione-19-luglio\/#primaryimage","inLanguage":"it-IT","url":"http:\/\/www.mmpwebtv.eu\/wp-content\/uploads\/2018\/07\/37307389_10216583233283922_1094763945157197824_n.jpg","contentUrl":"http:\/\/www.mmpwebtv.eu\/wp-content\/uploads\/2018\/07\/37307389_10216583233283922_1094763945157197824_n.jpg","width":4096,"height":1802},{"@type":"WebPage","@id":"http:\/\/www.mmpwebtv.eu\/index.php\/2018\/07\/19\/edizione-19-luglio\/#webpage","url":"http:\/\/www.mmpwebtv.eu\/index.php\/2018\/07\/19\/edizione-19-luglio\/","name":"Edizione 19 luglio &bull; MMP Web TV","isPartOf":{"@id":"https:\/\/www.mmpwebtv.eu\/#website"},"primaryImageOfPage":{"@id":"http:\/\/www.mmpwebtv.eu\/index.php\/2018\/07\/19\/edizione-19-luglio\/#primaryimage"},"datePublished":"2018-07-19T14:00:35+00:00","dateModified":"2018-07-18T15:20:30+00:00","breadcrumb":{"@id":"http:\/\/www.mmpwebtv.eu\/index.php\/2018\/07\/19\/edizione-19-luglio\/#breadcrumb"},"inLanguage":"it-IT","potentialAction":[{"@type":"ReadAction","target":["http:\/\/www.mmpwebtv.eu\/index.php\/2018\/07\/19\/edizione-19-luglio\/"]}]},{"@type":"BreadcrumbList","@id":"http:\/\/www.mmpwebtv.eu\/index.php\/2018\/07\/19\/edizione-19-luglio\/#breadcrumb","itemListElement":[{"@type":"ListItem","position":1,"name":"Home","item":"https:\/\/www.mmpwebtv.eu\/"},{"@type":"ListItem","position":2,"name":"Edizione 19 luglio"}]},{"@type":"Article","@id":"http:\/\/www.mmpwebtv.eu\/index.php\/2018\/07\/19\/edizione-19-luglio\/#article","isPartOf":{"@id":"http:\/\/www.mmpwebtv.eu\/index.php\/2018\/07\/19\/edizione-19-luglio\/#webpage"},"author":{"@id":"https:\/\/www.mmpwebtv.eu\/#\/schema\/person\/4848c65626d1588551e847f88cda447a"},"headline":"Edizione 19 luglio","datePublished":"2018-07-19T14:00:35+00:00","dateModified":"2018-07-18T15:20:30+00:00","mainEntityOfPage":{"@id":"http:\/\/www.mmpwebtv.eu\/index.php\/2018\/07\/19\/edizione-19-luglio\/#webpage"},"wordCount":132,"publisher":{"@id":"https:\/\/www.mmpwebtv.eu\/#organization"},"image":{"@id":"http:\/\/www.mmpwebtv.eu\/index.php\/2018\/07\/19\/edizione-19-luglio\/#primaryimage"},"thumbnailUrl":"http:\/\/www.mmpwebtv.eu\/wp-content\/uploads\/2018\/07\/37307389_10216583233283922_1094763945157197824_n.jpg","keywords":["alma mater studiorum","bologna","campus","campus di forl\u00ec","colli","colli forlivesi","comunicazione","forl\u00ec","format","globetrotters","intervista","lancio","londra","Meldola","mmp","MMP webTV","mmpwebtv","Predappio","Rocca delle Caminate","TgC","TGCampus","tirocinio","unibo","universit\u00e0","Universit\u00e0 di Bologna","webtv"],"articleSection":["TG Campus"],"inLanguage":"it-IT"},{"@type":"Person","@id":"https:\/\/www.mmpwebtv.eu\/#\/schema\/person\/4848c65626d1588551e847f88cda447a","name":"admin","image":{"@type":"ImageObject","@id":"https:\/\/www.mmpwebtv.eu\/#personlogo","inLanguage":"it-IT","url":"http:\/\/0.gravatar.com\/avatar\/364ff6b737993d84049599bd8bd08384?s=96&d=mm&r=g","contentUrl":"http:\/\/0.gravatar.com\/avatar\/364ff6b737993d84049599bd8bd08384?s=96&d=mm&r=g","caption":"admin"}}]}},"_links":{"self":[{"href":"http:\/\/www.mmpwebtv.eu\/index.php\/wp-json\/wp\/v2\/posts\/700"}],"collection":[{"href":"http:\/\/www.mmpwebtv.eu\/index.php\/wp-json\/wp\/v2\/posts"}],"about":[{"href":"http:\/\/www.mmpwebtv.eu\/index.php\/wp-json\/wp\/v2\/types\/post"}],"author":[{"embeddable":true,"href":"http:\/\/www.mmpwebtv.eu\/index.php\/wp-json\/wp\/v2\/users\/1"}],"replies":[{"embeddable":true,"href":"http:\/\/www.mmpwebtv.eu\/index.php\/wp-json\/wp\/v2\/comments?post=700"}],"version-history":[{"count":1,"href":"http:\/\/www.mmpwebtv.eu\/index.php\/wp-json\/wp\/v2\/posts\/700\/revisions"}],"predecessor-version":[{"id":702,"href":"http:\/\/www.mmpwebtv.eu\/index.php\/wp-json\/wp\/v2\/posts\/700\/revisions\/702"}],"wp:featuredmedia":[{"embeddable":true,"href":"http:\/\/www.mmpwebtv.eu\/index.php\/wp-json\/wp\/v2\/media\/701"}],"wp:attachment":[{"href":"http:\/\/www.mmpwebtv.eu\/index.php\/wp-json\/wp\/v2\/media?parent=700"}],"wp:term":[{"taxonomy":"category","embeddable":true,"href":"http:\/\/www.mmpwebtv.eu\/index.php\/wp-json\/wp\/v2\/categories?post=700"},{"taxonomy":"post_tag","embeddable":true,"href":"http:\/\/www.mmpwebtv.eu\/index.php\/wp-json\/wp\/v2\/tags?post=700"}],"curies":[{"name":"wp","href":"https:\/\/api.w.org\/{rel}","templated":true}]}}