{"id":716,"date":"2018-09-20T16:48:47","date_gmt":"2018-09-20T14:48:47","guid":{"rendered":"http:\/\/www.mmpwebtv.eu\/?p=716"},"modified":"2018-09-20T16:54:24","modified_gmt":"2018-09-20T14:54:24","slug":"edizione-20-settembre","status":"publish","type":"post","link":"http:\/\/www.mmpwebtv.eu\/index.php\/2018\/09\/20\/edizione-20-settembre\/","title":{"rendered":"Edizione 20 settembre"},"content":{"rendered":"<p>Primissima edizione del TGCampus di questo nuovo anno accademico! <\/p>\n<p>Molti gli studenti che in questi giorni stanno rientrando a Forl\u00ec dopo le lunghe vacanze estive, altrettanti quelli che invece sono partiti verso paesi lontani per intraprendere un&#8217;esperienza di studio o tirocinio all&#8217;estero.<br \/>\nLa rubrica &#8220;Globetrotters&#8221; di MMPWEBTV vi racconta proprio le loro storie! Oggi \u00e8 Camilla, una studentessa di Scienze Politiche a raccontarci le sua esperienza a Minsk.<br \/>\nLe paure iniziali, consigli e tante curiosit\u00e0 sulla capitale della Bielorussia vi attendono! <\/p>\n<p>A seguire, in occasione dell&#8217;inizio della nona edizione della Settimana del Buon Vivere, vi proponiamo un video riassuntivo di ci\u00f2 che \u00e8 accaduto a Forl\u00ec l&#8217;anno scorso.<br \/>\nAnche per questa edizione la web tv del Campus sar\u00e0 media partner dell&#8217;evento e preparer\u00e0 per voi video daily per presentarvi gli oltre 100 eventi in programma. <\/p>\n<p>Buona visione!<\/p>\n","protected":false},"excerpt":{"rendered":"<p>Primissima edizione del TGCampus di questo nuovo anno accademico! Molti gli studenti che in questi giorni stanno rientrando a Forl\u00ec dopo le lunghe vacanze estive, altrettanti quelli che invece sono partiti verso paesi lontani per intraprendere un&#8217;esperienza di studio o tirocinio all&#8217;estero. La rubrica &#8220;Globetrotters&#8221; di MMPWEBTV vi racconta proprio le loro storie! Oggi \u00e8 [&hellip;]<\/p>\n","protected":false},"author":1,"featured_media":717,"comment_status":"closed","ping_status":"closed","sticky":false,"template":"","format":"video","meta":[],"categories":[165],"tags":[130,384,380,75,69,13,20,383,17,16,386,385,387,212,120,15],"yoast_head":"<!-- This site is optimized with the Yoast SEO plugin v17.9 - https:\/\/yoast.com\/wordpress\/plugins\/seo\/ -->\n<title>Edizione 20 settembre &bull; MMP Web TV<\/title>\n<meta name=\"robots\" content=\"noindex, follow\" \/>\n<meta property=\"og:locale\" content=\"it_IT\" \/>\n<meta property=\"og:type\" content=\"article\" \/>\n<meta property=\"og:title\" content=\"Edizione 20 settembre &bull; MMP Web TV\" \/>\n<meta property=\"og:description\" content=\"Primissima edizione del TGCampus di questo nuovo anno accademico! Molti gli studenti che in questi giorni stanno rientrando a Forl\u00ec dopo le lunghe vacanze estive, altrettanti quelli che invece sono partiti verso paesi lontani per intraprendere un&#8217;esperienza di studio o tirocinio all&#8217;estero. La rubrica &#8220;Globetrotters&#8221; di MMPWEBTV vi racconta proprio le loro storie! Oggi \u00e8 [&hellip;]\" \/>\n<meta property=\"og:url\" content=\"http:\/\/www.mmpwebtv.eu\/index.php\/2018\/09\/20\/edizione-20-settembre\/\" \/>\n<meta property=\"og:site_name\" content=\"MMP Web TV\" \/>\n<meta property=\"article:publisher\" content=\"https:\/\/www.facebook.com\/mmpwebtv\/\" \/>\n<meta property=\"article:published_time\" content=\"2018-09-20T14:48:47+00:00\" \/>\n<meta property=\"article:modified_time\" content=\"2018-09-20T14:54:24+00:00\" \/>\n<meta property=\"og:image\" content=\"http:\/\/www.mmpwebtv.eu\/wp-content\/uploads\/2018\/09\/2009.png\" \/>\n\t<meta property=\"og:image:width\" content=\"1223\" \/>\n\t<meta property=\"og:image:height\" content=\"742\" \/>\n\t<meta property=\"og:image:type\" content=\"image\/png\" \/>\n<meta name=\"twitter:card\" content=\"summary_large_image\" \/>\n<meta name=\"twitter:label1\" content=\"Scritto da\" \/>\n\t<meta name=\"twitter:data1\" content=\"admin\" \/>\n\t<meta name=\"twitter:label2\" content=\"Tempo di lettura stimato\" \/>\n\t<meta name=\"twitter:data2\" content=\"1 minuto\" \/>\n<script type=\"application\/ld+json\" class=\"yoast-schema-graph\">{\"@context\":\"https:\/\/schema.org\",\"@graph\":[{\"@type\":\"Organization\",\"@id\":\"https:\/\/www.mmpwebtv.eu\/#organization\",\"name\":\"MMP WebTV\",\"url\":\"https:\/\/www.mmpwebtv.eu\/\",\"sameAs\":[\"https:\/\/www.facebook.com\/mmpwebtv\/\",\"https:\/\/www.instagram.com\/mmpwebtv\/\"],\"logo\":{\"@type\":\"ImageObject\",\"@id\":\"https:\/\/www.mmpwebtv.eu\/#logo\",\"inLanguage\":\"it-IT\",\"url\":\"https:\/\/www.mmpwebtv.eu\/wp-content\/uploads\/2017\/04\/Logo-MMP-WebTv-02.png\",\"contentUrl\":\"https:\/\/www.mmpwebtv.eu\/wp-content\/uploads\/2017\/04\/Logo-MMP-WebTv-02.png\",\"width\":8000,\"height\":4500,\"caption\":\"MMP WebTV\"},\"image\":{\"@id\":\"https:\/\/www.mmpwebtv.eu\/#logo\"}},{\"@type\":\"WebSite\",\"@id\":\"https:\/\/www.mmpwebtv.eu\/#website\",\"url\":\"https:\/\/www.mmpwebtv.eu\/\",\"name\":\"MMP Web TV\",\"description\":\"La Web TV del Campus di Forl\\u00ec\",\"publisher\":{\"@id\":\"https:\/\/www.mmpwebtv.eu\/#organization\"},\"potentialAction\":[{\"@type\":\"SearchAction\",\"target\":{\"@type\":\"EntryPoint\",\"urlTemplate\":\"https:\/\/www.mmpwebtv.eu\/?s={search_term_string}\"},\"query-input\":\"required name=search_term_string\"}],\"inLanguage\":\"it-IT\"},{\"@type\":\"ImageObject\",\"@id\":\"http:\/\/www.mmpwebtv.eu\/index.php\/2018\/09\/20\/edizione-20-settembre\/#primaryimage\",\"inLanguage\":\"it-IT\",\"url\":\"http:\/\/www.mmpwebtv.eu\/wp-content\/uploads\/2018\/09\/2009.png\",\"contentUrl\":\"http:\/\/www.mmpwebtv.eu\/wp-content\/uploads\/2018\/09\/2009.png\",\"width\":1223,\"height\":742},{\"@type\":\"WebPage\",\"@id\":\"http:\/\/www.mmpwebtv.eu\/index.php\/2018\/09\/20\/edizione-20-settembre\/#webpage\",\"url\":\"http:\/\/www.mmpwebtv.eu\/index.php\/2018\/09\/20\/edizione-20-settembre\/\",\"name\":\"Edizione 20 settembre &bull; MMP Web TV\",\"isPartOf\":{\"@id\":\"https:\/\/www.mmpwebtv.eu\/#website\"},\"primaryImageOfPage\":{\"@id\":\"http:\/\/www.mmpwebtv.eu\/index.php\/2018\/09\/20\/edizione-20-settembre\/#primaryimage\"},\"datePublished\":\"2018-09-20T14:48:47+00:00\",\"dateModified\":\"2018-09-20T14:54:24+00:00\",\"breadcrumb\":{\"@id\":\"http:\/\/www.mmpwebtv.eu\/index.php\/2018\/09\/20\/edizione-20-settembre\/#breadcrumb\"},\"inLanguage\":\"it-IT\",\"potentialAction\":[{\"@type\":\"ReadAction\",\"target\":[\"http:\/\/www.mmpwebtv.eu\/index.php\/2018\/09\/20\/edizione-20-settembre\/\"]}]},{\"@type\":\"BreadcrumbList\",\"@id\":\"http:\/\/www.mmpwebtv.eu\/index.php\/2018\/09\/20\/edizione-20-settembre\/#breadcrumb\",\"itemListElement\":[{\"@type\":\"ListItem\",\"position\":1,\"name\":\"Home\",\"item\":\"https:\/\/www.mmpwebtv.eu\/\"},{\"@type\":\"ListItem\",\"position\":2,\"name\":\"Edizione 20 settembre\"}]},{\"@type\":\"Article\",\"@id\":\"http:\/\/www.mmpwebtv.eu\/index.php\/2018\/09\/20\/edizione-20-settembre\/#article\",\"isPartOf\":{\"@id\":\"http:\/\/www.mmpwebtv.eu\/index.php\/2018\/09\/20\/edizione-20-settembre\/#webpage\"},\"author\":{\"@id\":\"https:\/\/www.mmpwebtv.eu\/#\/schema\/person\/4848c65626d1588551e847f88cda447a\"},\"headline\":\"Edizione 20 settembre\",\"datePublished\":\"2018-09-20T14:48:47+00:00\",\"dateModified\":\"2018-09-20T14:54:24+00:00\",\"mainEntityOfPage\":{\"@id\":\"http:\/\/www.mmpwebtv.eu\/index.php\/2018\/09\/20\/edizione-20-settembre\/#webpage\"},\"wordCount\":136,\"publisher\":{\"@id\":\"https:\/\/www.mmpwebtv.eu\/#organization\"},\"image\":{\"@id\":\"http:\/\/www.mmpwebtv.eu\/index.php\/2018\/09\/20\/edizione-20-settembre\/#primaryimage\"},\"thumbnailUrl\":\"http:\/\/www.mmpwebtv.eu\/wp-content\/uploads\/2018\/09\/2009.png\",\"keywords\":[\"alma mater studiorum\",\"Bielorussia\",\"buon vivere\",\"campus di forl\\u00ec\",\"comunicazione\",\"forl\\u00ec\",\"globetrotters\",\"Minsk\",\"mmp\",\"mmpwebtv\",\"Musei\",\"nona dizione\",\"San Domenico\",\"settimana del buon vivere\",\"Universit\\u00e0 di Bologna\",\"webtv\"],\"articleSection\":[\"TG Campus\"],\"inLanguage\":\"it-IT\"},{\"@type\":\"Person\",\"@id\":\"https:\/\/www.mmpwebtv.eu\/#\/schema\/person\/4848c65626d1588551e847f88cda447a\",\"name\":\"admin\",\"image\":{\"@type\":\"ImageObject\",\"@id\":\"https:\/\/www.mmpwebtv.eu\/#personlogo\",\"inLanguage\":\"it-IT\",\"url\":\"http:\/\/0.gravatar.com\/avatar\/364ff6b737993d84049599bd8bd08384?s=96&d=mm&r=g\",\"contentUrl\":\"http:\/\/0.gravatar.com\/avatar\/364ff6b737993d84049599bd8bd08384?s=96&d=mm&r=g\",\"caption\":\"admin\"}}]}<\/script>\n<!-- \/ Yoast SEO plugin. -->","yoast_head_json":{"title":"Edizione 20 settembre &bull; MMP Web TV","robots":{"index":"noindex","follow":"follow"},"og_locale":"it_IT","og_type":"article","og_title":"Edizione 20 settembre &bull; MMP Web TV","og_description":"Primissima edizione del TGCampus di questo nuovo anno accademico! Molti gli studenti che in questi giorni stanno rientrando a Forl\u00ec dopo le lunghe vacanze estive, altrettanti quelli che invece sono partiti verso paesi lontani per intraprendere un&#8217;esperienza di studio o tirocinio all&#8217;estero. La rubrica &#8220;Globetrotters&#8221; di MMPWEBTV vi racconta proprio le loro storie! Oggi \u00e8 [&hellip;]","og_url":"http:\/\/www.mmpwebtv.eu\/index.php\/2018\/09\/20\/edizione-20-settembre\/","og_site_name":"MMP Web TV","article_publisher":"https:\/\/www.facebook.com\/mmpwebtv\/","article_published_time":"2018-09-20T14:48:47+00:00","article_modified_time":"2018-09-20T14:54:24+00:00","og_image":[{"width":1223,"height":742,"url":"http:\/\/www.mmpwebtv.eu\/wp-content\/uploads\/2018\/09\/2009.png","type":"image\/png"}],"twitter_card":"summary_large_image","twitter_misc":{"Scritto da":"admin","Tempo di lettura stimato":"1 minuto"},"schema":{"@context":"https:\/\/schema.org","@graph":[{"@type":"Organization","@id":"https:\/\/www.mmpwebtv.eu\/#organization","name":"MMP WebTV","url":"https:\/\/www.mmpwebtv.eu\/","sameAs":["https:\/\/www.facebook.com\/mmpwebtv\/","https:\/\/www.instagram.com\/mmpwebtv\/"],"logo":{"@type":"ImageObject","@id":"https:\/\/www.mmpwebtv.eu\/#logo","inLanguage":"it-IT","url":"https:\/\/www.mmpwebtv.eu\/wp-content\/uploads\/2017\/04\/Logo-MMP-WebTv-02.png","contentUrl":"https:\/\/www.mmpwebtv.eu\/wp-content\/uploads\/2017\/04\/Logo-MMP-WebTv-02.png","width":8000,"height":4500,"caption":"MMP WebTV"},"image":{"@id":"https:\/\/www.mmpwebtv.eu\/#logo"}},{"@type":"WebSite","@id":"https:\/\/www.mmpwebtv.eu\/#website","url":"https:\/\/www.mmpwebtv.eu\/","name":"MMP Web TV","description":"La Web TV del Campus di Forl\u00ec","publisher":{"@id":"https:\/\/www.mmpwebtv.eu\/#organization"},"potentialAction":[{"@type":"SearchAction","target":{"@type":"EntryPoint","urlTemplate":"https:\/\/www.mmpwebtv.eu\/?s={search_term_string}"},"query-input":"required name=search_term_string"}],"inLanguage":"it-IT"},{"@type":"ImageObject","@id":"http:\/\/www.mmpwebtv.eu\/index.php\/2018\/09\/20\/edizione-20-settembre\/#primaryimage","inLanguage":"it-IT","url":"http:\/\/www.mmpwebtv.eu\/wp-content\/uploads\/2018\/09\/2009.png","contentUrl":"http:\/\/www.mmpwebtv.eu\/wp-content\/uploads\/2018\/09\/2009.png","width":1223,"height":742},{"@type":"WebPage","@id":"http:\/\/www.mmpwebtv.eu\/index.php\/2018\/09\/20\/edizione-20-settembre\/#webpage","url":"http:\/\/www.mmpwebtv.eu\/index.php\/2018\/09\/20\/edizione-20-settembre\/","name":"Edizione 20 settembre &bull; MMP Web TV","isPartOf":{"@id":"https:\/\/www.mmpwebtv.eu\/#website"},"primaryImageOfPage":{"@id":"http:\/\/www.mmpwebtv.eu\/index.php\/2018\/09\/20\/edizione-20-settembre\/#primaryimage"},"datePublished":"2018-09-20T14:48:47+00:00","dateModified":"2018-09-20T14:54:24+00:00","breadcrumb":{"@id":"http:\/\/www.mmpwebtv.eu\/index.php\/2018\/09\/20\/edizione-20-settembre\/#breadcrumb"},"inLanguage":"it-IT","potentialAction":[{"@type":"ReadAction","target":["http:\/\/www.mmpwebtv.eu\/index.php\/2018\/09\/20\/edizione-20-settembre\/"]}]},{"@type":"BreadcrumbList","@id":"http:\/\/www.mmpwebtv.eu\/index.php\/2018\/09\/20\/edizione-20-settembre\/#breadcrumb","itemListElement":[{"@type":"ListItem","position":1,"name":"Home","item":"https:\/\/www.mmpwebtv.eu\/"},{"@type":"ListItem","position":2,"name":"Edizione 20 settembre"}]},{"@type":"Article","@id":"http:\/\/www.mmpwebtv.eu\/index.php\/2018\/09\/20\/edizione-20-settembre\/#article","isPartOf":{"@id":"http:\/\/www.mmpwebtv.eu\/index.php\/2018\/09\/20\/edizione-20-settembre\/#webpage"},"author":{"@id":"https:\/\/www.mmpwebtv.eu\/#\/schema\/person\/4848c65626d1588551e847f88cda447a"},"headline":"Edizione 20 settembre","datePublished":"2018-09-20T14:48:47+00:00","dateModified":"2018-09-20T14:54:24+00:00","mainEntityOfPage":{"@id":"http:\/\/www.mmpwebtv.eu\/index.php\/2018\/09\/20\/edizione-20-settembre\/#webpage"},"wordCount":136,"publisher":{"@id":"https:\/\/www.mmpwebtv.eu\/#organization"},"image":{"@id":"http:\/\/www.mmpwebtv.eu\/index.php\/2018\/09\/20\/edizione-20-settembre\/#primaryimage"},"thumbnailUrl":"http:\/\/www.mmpwebtv.eu\/wp-content\/uploads\/2018\/09\/2009.png","keywords":["alma mater studiorum","Bielorussia","buon vivere","campus di forl\u00ec","comunicazione","forl\u00ec","globetrotters","Minsk","mmp","mmpwebtv","Musei","nona dizione","San Domenico","settimana del buon vivere","Universit\u00e0 di Bologna","webtv"],"articleSection":["TG Campus"],"inLanguage":"it-IT"},{"@type":"Person","@id":"https:\/\/www.mmpwebtv.eu\/#\/schema\/person\/4848c65626d1588551e847f88cda447a","name":"admin","image":{"@type":"ImageObject","@id":"https:\/\/www.mmpwebtv.eu\/#personlogo","inLanguage":"it-IT","url":"http:\/\/0.gravatar.com\/avatar\/364ff6b737993d84049599bd8bd08384?s=96&d=mm&r=g","contentUrl":"http:\/\/0.gravatar.com\/avatar\/364ff6b737993d84049599bd8bd08384?s=96&d=mm&r=g","caption":"admin"}}]}},"_links":{"self":[{"href":"http:\/\/www.mmpwebtv.eu\/index.php\/wp-json\/wp\/v2\/posts\/716"}],"collection":[{"href":"http:\/\/www.mmpwebtv.eu\/index.php\/wp-json\/wp\/v2\/posts"}],"about":[{"href":"http:\/\/www.mmpwebtv.eu\/index.php\/wp-json\/wp\/v2\/types\/post"}],"author":[{"embeddable":true,"href":"http:\/\/www.mmpwebtv.eu\/index.php\/wp-json\/wp\/v2\/users\/1"}],"replies":[{"embeddable":true,"href":"http:\/\/www.mmpwebtv.eu\/index.php\/wp-json\/wp\/v2\/comments?post=716"}],"version-history":[{"count":2,"href":"http:\/\/www.mmpwebtv.eu\/index.php\/wp-json\/wp\/v2\/posts\/716\/revisions"}],"predecessor-version":[{"id":2072,"href":"http:\/\/www.mmpwebtv.eu\/index.php\/wp-json\/wp\/v2\/posts\/716\/revisions\/2072"}],"wp:featuredmedia":[{"embeddable":true,"href":"http:\/\/www.mmpwebtv.eu\/index.php\/wp-json\/wp\/v2\/media\/717"}],"wp:attachment":[{"href":"http:\/\/www.mmpwebtv.eu\/index.php\/wp-json\/wp\/v2\/media?parent=716"}],"wp:term":[{"taxonomy":"category","embeddable":true,"href":"http:\/\/www.mmpwebtv.eu\/index.php\/wp-json\/wp\/v2\/categories?post=716"},{"taxonomy":"post_tag","embeddable":true,"href":"http:\/\/www.mmpwebtv.eu\/index.php\/wp-json\/wp\/v2\/tags?post=716"}],"curies":[{"name":"wp","href":"https:\/\/api.w.org\/{rel}","templated":true}]}}