{"id":742,"date":"2018-09-25T12:18:13","date_gmt":"2018-09-25T10:18:13","guid":{"rendered":"http:\/\/www.mmpwebtv.eu\/?p=742"},"modified":"2018-09-25T12:20:55","modified_gmt":"2018-09-25T10:20:55","slug":"settimana-del-buon-vivere-lunedi-24-settembre","status":"publish","type":"post","link":"http:\/\/www.mmpwebtv.eu\/index.php\/2018\/09\/25\/settimana-del-buon-vivere-lunedi-24-settembre\/","title":{"rendered":"Settimana del Buon Vivere &#8211; Luned\u00ec 24 settembre"},"content":{"rendered":"<p>Seconda giornata di Festival.<br \/>\nSi parla di luoghi e di persone che vanno oltre ogni confine.<\/p>\n<p>Si parte con\u00a0 &#8220;Bella Prof!&#8221;: Lorenzo Baglioni e Iacopo Melio parlano e cantano con i ragazzi delle scuole per sensibilizzarli al tema del superamento\u00a0delle barriere architettoniche e mentali.<\/p>\n<p>Al pomeriggio\u00a0Aeham Ahmad e Gabriele del Grande\u00a0hanno raccontato i loro viaggi; il primo l&#8217;ha fatto attraverso le note della sua voce e del pianoforte, l&#8217;altro coinvolgendo il pubblico con aneddoti di esperienze vissute in paesi lontani.<\/p>\n<p>Non mancano le risate!<br \/>\nLeonardo Manera ci parla di come la felicit\u00e0 si possa trovare anche in luoghi insospettabili; perch\u00e9 il nostro Paese, certamente pieno di contraddizioni, \u00e8 anche carico di persone che ce la mettono tutta per strapparci una bella risata.<\/p>\n<p>A domani! Buona visione.<\/p>\n<p>&nbsp;<\/p>\n<p>&nbsp;<\/p>\n","protected":false},"excerpt":{"rendered":"<p>Seconda giornata di Festival. Si parla di luoghi e di persone che vanno oltre ogni confine. Si parte con\u00a0 &#8220;Bella Prof!&#8221;: Lorenzo Baglioni e Iacopo Melio parlano e cantano con i ragazzi delle scuole per sensibilizzarli al tema del superamento\u00a0delle barriere architettoniche e mentali. Al pomeriggio\u00a0Aeham Ahmad e Gabriele del Grande\u00a0hanno raccontato i loro viaggi; [&hellip;]<\/p>\n","protected":false},"author":1,"featured_media":746,"comment_status":"closed","ping_status":"closed","sticky":false,"template":"","format":"video","meta":[],"categories":[388],"tags":[392,130,391,75,69,13,9,118,119,16,94,212,120,15],"yoast_head":"<!-- This site is optimized with the Yoast SEO plugin v17.9 - https:\/\/yoast.com\/wordpress\/plugins\/seo\/ -->\n<title>Settimana del Buon Vivere - Luned\u00ec 24 settembre &bull; MMP Web TV<\/title>\n<meta name=\"robots\" content=\"noindex, follow\" \/>\n<meta property=\"og:locale\" content=\"it_IT\" \/>\n<meta property=\"og:type\" content=\"article\" \/>\n<meta property=\"og:title\" content=\"Settimana del Buon Vivere - Luned\u00ec 24 settembre &bull; MMP Web TV\" \/>\n<meta property=\"og:description\" content=\"Seconda giornata di Festival. Si parla di luoghi e di persone che vanno oltre ogni confine. Si parte con\u00a0 &#8220;Bella Prof!&#8221;: Lorenzo Baglioni e Iacopo Melio parlano e cantano con i ragazzi delle scuole per sensibilizzarli al tema del superamento\u00a0delle barriere architettoniche e mentali. Al pomeriggio\u00a0Aeham Ahmad e Gabriele del Grande\u00a0hanno raccontato i loro viaggi; [&hellip;]\" \/>\n<meta property=\"og:url\" content=\"https:\/\/www.mmpwebtv.eu\/index.php\/2018\/09\/25\/settimana-del-buon-vivere-lunedi-24-settembre\/\" \/>\n<meta property=\"og:site_name\" content=\"MMP Web TV\" \/>\n<meta property=\"article:publisher\" content=\"https:\/\/www.facebook.com\/mmpwebtv\/\" \/>\n<meta property=\"article:published_time\" content=\"2018-09-25T10:18:13+00:00\" \/>\n<meta property=\"article:modified_time\" content=\"2018-09-25T10:20:55+00:00\" \/>\n<meta property=\"og:image\" content=\"https:\/\/www.mmpwebtv.eu\/wp-content\/uploads\/2018\/09\/Schermata-2018-09-25-alle-12.19.34.png\" \/>\n\t<meta property=\"og:image:width\" content=\"2292\" \/>\n\t<meta property=\"og:image:height\" content=\"1248\" \/>\n\t<meta property=\"og:image:type\" content=\"image\/png\" \/>\n<meta name=\"twitter:card\" content=\"summary_large_image\" \/>\n<meta name=\"twitter:label1\" content=\"Scritto da\" \/>\n\t<meta name=\"twitter:data1\" content=\"admin\" \/>\n\t<meta name=\"twitter:label2\" content=\"Tempo di lettura stimato\" \/>\n\t<meta name=\"twitter:data2\" content=\"1 minuto\" \/>\n<script type=\"application\/ld+json\" class=\"yoast-schema-graph\">{\"@context\":\"https:\/\/schema.org\",\"@graph\":[{\"@type\":\"Organization\",\"@id\":\"https:\/\/www.mmpwebtv.eu\/#organization\",\"name\":\"MMP WebTV\",\"url\":\"https:\/\/www.mmpwebtv.eu\/\",\"sameAs\":[\"https:\/\/www.facebook.com\/mmpwebtv\/\",\"https:\/\/www.instagram.com\/mmpwebtv\/\"],\"logo\":{\"@type\":\"ImageObject\",\"@id\":\"https:\/\/www.mmpwebtv.eu\/#logo\",\"inLanguage\":\"it-IT\",\"url\":\"https:\/\/www.mmpwebtv.eu\/wp-content\/uploads\/2017\/04\/Logo-MMP-WebTv-02.png\",\"contentUrl\":\"https:\/\/www.mmpwebtv.eu\/wp-content\/uploads\/2017\/04\/Logo-MMP-WebTv-02.png\",\"width\":8000,\"height\":4500,\"caption\":\"MMP WebTV\"},\"image\":{\"@id\":\"https:\/\/www.mmpwebtv.eu\/#logo\"}},{\"@type\":\"WebSite\",\"@id\":\"https:\/\/www.mmpwebtv.eu\/#website\",\"url\":\"https:\/\/www.mmpwebtv.eu\/\",\"name\":\"MMP Web TV\",\"description\":\"La Web TV del Campus di Forl\\u00ec\",\"publisher\":{\"@id\":\"https:\/\/www.mmpwebtv.eu\/#organization\"},\"potentialAction\":[{\"@type\":\"SearchAction\",\"target\":{\"@type\":\"EntryPoint\",\"urlTemplate\":\"https:\/\/www.mmpwebtv.eu\/?s={search_term_string}\"},\"query-input\":\"required name=search_term_string\"}],\"inLanguage\":\"it-IT\"},{\"@type\":\"ImageObject\",\"@id\":\"https:\/\/www.mmpwebtv.eu\/index.php\/2018\/09\/25\/settimana-del-buon-vivere-lunedi-24-settembre\/#primaryimage\",\"inLanguage\":\"it-IT\",\"url\":\"http:\/\/www.mmpwebtv.eu\/wp-content\/uploads\/2018\/09\/Schermata-2018-09-25-alle-12.19.34.png\",\"contentUrl\":\"http:\/\/www.mmpwebtv.eu\/wp-content\/uploads\/2018\/09\/Schermata-2018-09-25-alle-12.19.34.png\",\"width\":2292,\"height\":1248},{\"@type\":\"WebPage\",\"@id\":\"https:\/\/www.mmpwebtv.eu\/index.php\/2018\/09\/25\/settimana-del-buon-vivere-lunedi-24-settembre\/#webpage\",\"url\":\"https:\/\/www.mmpwebtv.eu\/index.php\/2018\/09\/25\/settimana-del-buon-vivere-lunedi-24-settembre\/\",\"name\":\"Settimana del Buon Vivere - Luned\\u00ec 24 settembre &bull; MMP Web TV\",\"isPartOf\":{\"@id\":\"https:\/\/www.mmpwebtv.eu\/#website\"},\"primaryImageOfPage\":{\"@id\":\"https:\/\/www.mmpwebtv.eu\/index.php\/2018\/09\/25\/settimana-del-buon-vivere-lunedi-24-settembre\/#primaryimage\"},\"datePublished\":\"2018-09-25T10:18:13+00:00\",\"dateModified\":\"2018-09-25T10:20:55+00:00\",\"breadcrumb\":{\"@id\":\"https:\/\/www.mmpwebtv.eu\/index.php\/2018\/09\/25\/settimana-del-buon-vivere-lunedi-24-settembre\/#breadcrumb\"},\"inLanguage\":\"it-IT\",\"potentialAction\":[{\"@type\":\"ReadAction\",\"target\":[\"https:\/\/www.mmpwebtv.eu\/index.php\/2018\/09\/25\/settimana-del-buon-vivere-lunedi-24-settembre\/\"]}]},{\"@type\":\"BreadcrumbList\",\"@id\":\"https:\/\/www.mmpwebtv.eu\/index.php\/2018\/09\/25\/settimana-del-buon-vivere-lunedi-24-settembre\/#breadcrumb\",\"itemListElement\":[{\"@type\":\"ListItem\",\"position\":1,\"name\":\"Home\",\"item\":\"https:\/\/www.mmpwebtv.eu\/\"},{\"@type\":\"ListItem\",\"position\":2,\"name\":\"Settimana del Buon Vivere &#8211; Luned\\u00ec 24 settembre\"}]},{\"@type\":\"Article\",\"@id\":\"https:\/\/www.mmpwebtv.eu\/index.php\/2018\/09\/25\/settimana-del-buon-vivere-lunedi-24-settembre\/#article\",\"isPartOf\":{\"@id\":\"https:\/\/www.mmpwebtv.eu\/index.php\/2018\/09\/25\/settimana-del-buon-vivere-lunedi-24-settembre\/#webpage\"},\"author\":{\"@id\":\"https:\/\/www.mmpwebtv.eu\/#\/schema\/person\/4848c65626d1588551e847f88cda447a\"},\"headline\":\"Settimana del Buon Vivere &#8211; Luned\\u00ec 24 settembre\",\"datePublished\":\"2018-09-25T10:18:13+00:00\",\"dateModified\":\"2018-09-25T10:20:55+00:00\",\"mainEntityOfPage\":{\"@id\":\"https:\/\/www.mmpwebtv.eu\/index.php\/2018\/09\/25\/settimana-del-buon-vivere-lunedi-24-settembre\/#webpage\"},\"wordCount\":137,\"publisher\":{\"@id\":\"https:\/\/www.mmpwebtv.eu\/#organization\"},\"image\":{\"@id\":\"https:\/\/www.mmpwebtv.eu\/index.php\/2018\/09\/25\/settimana-del-buon-vivere-lunedi-24-settembre\/#primaryimage\"},\"thumbnailUrl\":\"http:\/\/www.mmpwebtv.eu\/wp-content\/uploads\/2018\/09\/Schermata-2018-09-25-alle-12.19.34.png\",\"keywords\":[\"2018\",\"alma mater studiorum\",\"BV\",\"campus di forl\\u00ec\",\"comunicazione\",\"forl\\u00ec\",\"format\",\"Mass Media e Politica\",\"MMP webTV\",\"mmpwebtv\",\"romagna\",\"settimana del buon vivere\",\"Universit\\u00e0 di Bologna\",\"webtv\"],\"articleSection\":[\"Settimana del Buon Vivere 2018\"],\"inLanguage\":\"it-IT\"},{\"@type\":\"Person\",\"@id\":\"https:\/\/www.mmpwebtv.eu\/#\/schema\/person\/4848c65626d1588551e847f88cda447a\",\"name\":\"admin\",\"image\":{\"@type\":\"ImageObject\",\"@id\":\"https:\/\/www.mmpwebtv.eu\/#personlogo\",\"inLanguage\":\"it-IT\",\"url\":\"http:\/\/0.gravatar.com\/avatar\/364ff6b737993d84049599bd8bd08384?s=96&d=mm&r=g\",\"contentUrl\":\"http:\/\/0.gravatar.com\/avatar\/364ff6b737993d84049599bd8bd08384?s=96&d=mm&r=g\",\"caption\":\"admin\"}}]}<\/script>\n<!-- \/ Yoast SEO plugin. -->","yoast_head_json":{"title":"Settimana del Buon Vivere - Luned\u00ec 24 settembre &bull; MMP Web TV","robots":{"index":"noindex","follow":"follow"},"og_locale":"it_IT","og_type":"article","og_title":"Settimana del Buon Vivere - Luned\u00ec 24 settembre &bull; MMP Web TV","og_description":"Seconda giornata di Festival. Si parla di luoghi e di persone che vanno oltre ogni confine. Si parte con\u00a0 &#8220;Bella Prof!&#8221;: Lorenzo Baglioni e Iacopo Melio parlano e cantano con i ragazzi delle scuole per sensibilizzarli al tema del superamento\u00a0delle barriere architettoniche e mentali. Al pomeriggio\u00a0Aeham Ahmad e Gabriele del Grande\u00a0hanno raccontato i loro viaggi; [&hellip;]","og_url":"https:\/\/www.mmpwebtv.eu\/index.php\/2018\/09\/25\/settimana-del-buon-vivere-lunedi-24-settembre\/","og_site_name":"MMP Web TV","article_publisher":"https:\/\/www.facebook.com\/mmpwebtv\/","article_published_time":"2018-09-25T10:18:13+00:00","article_modified_time":"2018-09-25T10:20:55+00:00","og_image":[{"width":2292,"height":1248,"url":"https:\/\/www.mmpwebtv.eu\/wp-content\/uploads\/2018\/09\/Schermata-2018-09-25-alle-12.19.34.png","type":"image\/png"}],"twitter_card":"summary_large_image","twitter_misc":{"Scritto da":"admin","Tempo di lettura stimato":"1 minuto"},"schema":{"@context":"https:\/\/schema.org","@graph":[{"@type":"Organization","@id":"https:\/\/www.mmpwebtv.eu\/#organization","name":"MMP WebTV","url":"https:\/\/www.mmpwebtv.eu\/","sameAs":["https:\/\/www.facebook.com\/mmpwebtv\/","https:\/\/www.instagram.com\/mmpwebtv\/"],"logo":{"@type":"ImageObject","@id":"https:\/\/www.mmpwebtv.eu\/#logo","inLanguage":"it-IT","url":"https:\/\/www.mmpwebtv.eu\/wp-content\/uploads\/2017\/04\/Logo-MMP-WebTv-02.png","contentUrl":"https:\/\/www.mmpwebtv.eu\/wp-content\/uploads\/2017\/04\/Logo-MMP-WebTv-02.png","width":8000,"height":4500,"caption":"MMP WebTV"},"image":{"@id":"https:\/\/www.mmpwebtv.eu\/#logo"}},{"@type":"WebSite","@id":"https:\/\/www.mmpwebtv.eu\/#website","url":"https:\/\/www.mmpwebtv.eu\/","name":"MMP Web TV","description":"La Web TV del Campus di Forl\u00ec","publisher":{"@id":"https:\/\/www.mmpwebtv.eu\/#organization"},"potentialAction":[{"@type":"SearchAction","target":{"@type":"EntryPoint","urlTemplate":"https:\/\/www.mmpwebtv.eu\/?s={search_term_string}"},"query-input":"required name=search_term_string"}],"inLanguage":"it-IT"},{"@type":"ImageObject","@id":"https:\/\/www.mmpwebtv.eu\/index.php\/2018\/09\/25\/settimana-del-buon-vivere-lunedi-24-settembre\/#primaryimage","inLanguage":"it-IT","url":"http:\/\/www.mmpwebtv.eu\/wp-content\/uploads\/2018\/09\/Schermata-2018-09-25-alle-12.19.34.png","contentUrl":"http:\/\/www.mmpwebtv.eu\/wp-content\/uploads\/2018\/09\/Schermata-2018-09-25-alle-12.19.34.png","width":2292,"height":1248},{"@type":"WebPage","@id":"https:\/\/www.mmpwebtv.eu\/index.php\/2018\/09\/25\/settimana-del-buon-vivere-lunedi-24-settembre\/#webpage","url":"https:\/\/www.mmpwebtv.eu\/index.php\/2018\/09\/25\/settimana-del-buon-vivere-lunedi-24-settembre\/","name":"Settimana del Buon Vivere - Luned\u00ec 24 settembre &bull; MMP Web TV","isPartOf":{"@id":"https:\/\/www.mmpwebtv.eu\/#website"},"primaryImageOfPage":{"@id":"https:\/\/www.mmpwebtv.eu\/index.php\/2018\/09\/25\/settimana-del-buon-vivere-lunedi-24-settembre\/#primaryimage"},"datePublished":"2018-09-25T10:18:13+00:00","dateModified":"2018-09-25T10:20:55+00:00","breadcrumb":{"@id":"https:\/\/www.mmpwebtv.eu\/index.php\/2018\/09\/25\/settimana-del-buon-vivere-lunedi-24-settembre\/#breadcrumb"},"inLanguage":"it-IT","potentialAction":[{"@type":"ReadAction","target":["https:\/\/www.mmpwebtv.eu\/index.php\/2018\/09\/25\/settimana-del-buon-vivere-lunedi-24-settembre\/"]}]},{"@type":"BreadcrumbList","@id":"https:\/\/www.mmpwebtv.eu\/index.php\/2018\/09\/25\/settimana-del-buon-vivere-lunedi-24-settembre\/#breadcrumb","itemListElement":[{"@type":"ListItem","position":1,"name":"Home","item":"https:\/\/www.mmpwebtv.eu\/"},{"@type":"ListItem","position":2,"name":"Settimana del Buon Vivere &#8211; Luned\u00ec 24 settembre"}]},{"@type":"Article","@id":"https:\/\/www.mmpwebtv.eu\/index.php\/2018\/09\/25\/settimana-del-buon-vivere-lunedi-24-settembre\/#article","isPartOf":{"@id":"https:\/\/www.mmpwebtv.eu\/index.php\/2018\/09\/25\/settimana-del-buon-vivere-lunedi-24-settembre\/#webpage"},"author":{"@id":"https:\/\/www.mmpwebtv.eu\/#\/schema\/person\/4848c65626d1588551e847f88cda447a"},"headline":"Settimana del Buon Vivere &#8211; Luned\u00ec 24 settembre","datePublished":"2018-09-25T10:18:13+00:00","dateModified":"2018-09-25T10:20:55+00:00","mainEntityOfPage":{"@id":"https:\/\/www.mmpwebtv.eu\/index.php\/2018\/09\/25\/settimana-del-buon-vivere-lunedi-24-settembre\/#webpage"},"wordCount":137,"publisher":{"@id":"https:\/\/www.mmpwebtv.eu\/#organization"},"image":{"@id":"https:\/\/www.mmpwebtv.eu\/index.php\/2018\/09\/25\/settimana-del-buon-vivere-lunedi-24-settembre\/#primaryimage"},"thumbnailUrl":"http:\/\/www.mmpwebtv.eu\/wp-content\/uploads\/2018\/09\/Schermata-2018-09-25-alle-12.19.34.png","keywords":["2018","alma mater studiorum","BV","campus di forl\u00ec","comunicazione","forl\u00ec","format","Mass Media e Politica","MMP webTV","mmpwebtv","romagna","settimana del buon vivere","Universit\u00e0 di Bologna","webtv"],"articleSection":["Settimana del Buon Vivere 2018"],"inLanguage":"it-IT"},{"@type":"Person","@id":"https:\/\/www.mmpwebtv.eu\/#\/schema\/person\/4848c65626d1588551e847f88cda447a","name":"admin","image":{"@type":"ImageObject","@id":"https:\/\/www.mmpwebtv.eu\/#personlogo","inLanguage":"it-IT","url":"http:\/\/0.gravatar.com\/avatar\/364ff6b737993d84049599bd8bd08384?s=96&d=mm&r=g","contentUrl":"http:\/\/0.gravatar.com\/avatar\/364ff6b737993d84049599bd8bd08384?s=96&d=mm&r=g","caption":"admin"}}]}},"_links":{"self":[{"href":"http:\/\/www.mmpwebtv.eu\/index.php\/wp-json\/wp\/v2\/posts\/742"}],"collection":[{"href":"http:\/\/www.mmpwebtv.eu\/index.php\/wp-json\/wp\/v2\/posts"}],"about":[{"href":"http:\/\/www.mmpwebtv.eu\/index.php\/wp-json\/wp\/v2\/types\/post"}],"author":[{"embeddable":true,"href":"http:\/\/www.mmpwebtv.eu\/index.php\/wp-json\/wp\/v2\/users\/1"}],"replies":[{"embeddable":true,"href":"http:\/\/www.mmpwebtv.eu\/index.php\/wp-json\/wp\/v2\/comments?post=742"}],"version-history":[{"count":2,"href":"http:\/\/www.mmpwebtv.eu\/index.php\/wp-json\/wp\/v2\/posts\/742\/revisions"}],"predecessor-version":[{"id":1943,"href":"http:\/\/www.mmpwebtv.eu\/index.php\/wp-json\/wp\/v2\/posts\/742\/revisions\/1943"}],"wp:featuredmedia":[{"embeddable":true,"href":"http:\/\/www.mmpwebtv.eu\/index.php\/wp-json\/wp\/v2\/media\/746"}],"wp:attachment":[{"href":"http:\/\/www.mmpwebtv.eu\/index.php\/wp-json\/wp\/v2\/media?parent=742"}],"wp:term":[{"taxonomy":"category","embeddable":true,"href":"http:\/\/www.mmpwebtv.eu\/index.php\/wp-json\/wp\/v2\/categories?post=742"},{"taxonomy":"post_tag","embeddable":true,"href":"http:\/\/www.mmpwebtv.eu\/index.php\/wp-json\/wp\/v2\/tags?post=742"}],"curies":[{"name":"wp","href":"https:\/\/api.w.org\/{rel}","templated":true}]}}