{"id":797,"date":"2018-11-08T19:45:32","date_gmt":"2018-11-08T18:45:32","guid":{"rendered":"http:\/\/www.mmpwebtv.eu\/?p=797"},"modified":"2018-11-08T19:59:35","modified_gmt":"2018-11-08T18:59:35","slug":"edizione-8-novembre","status":"publish","type":"post","link":"http:\/\/www.mmpwebtv.eu\/index.php\/2018\/11\/08\/edizione-8-novembre\/","title":{"rendered":"Edizione 8 novembre"},"content":{"rendered":"<p>Un&#8217;edizione speciale questa di gioved\u00ec 8 novembre!<\/p>\n<p>Speciale non solo perch\u00e9 i protagonisti sono personalit\u00e0 conosciutissime nei loro ambiti, in Italia e non solo, ma anche perch\u00e9 c&#8217;\u00e8 un filo conduttore che lega i due servizi, ovvero la televisione e le sue trasformazioni.<\/p>\n<p>Partiamo parlando della conferenza &#8220;Media e paura&#8221; che si \u00e8 tenuta marted\u00ec 6 novembre, nell&#8217;ambito dei seminari di Sociologia della devianza e criminologia applicata tenuti dal Professore Pierluigi Musar\u00f2, presso il Teaching Hub del Campus di Forl\u00ec.<br \/>\nOspite dell&#8217;evento il Professor Giovanni Boccia Artieri, docente dell&#8217;Universit\u00e0 degli Studi di Urbino &#8211; Carlo Bo.<\/p>\n<p>A seguire, un servizio particolare: abbiamo voluto raccogliere in un unico video le considerazioni sul tema televisione, emerse durante le interviste da noi realizzate durante la Settimana del Buon Vivere.<br \/>\nA rispondere alle nostre domande sono direttamente &#8220;gli esperti del mestieri&#8221;: il giornalista Piero Dorfles, il conduttore Massimo Bernardini e il Maestro &#8220;Peppe&#8221; Vessicchio.<\/p>\n<p>Buona visione!<\/p>\n","protected":false},"excerpt":{"rendered":"<p>Un&#8217;edizione speciale questa di gioved\u00ec 8 novembre! Speciale non solo perch\u00e9 i protagonisti sono personalit\u00e0 conosciutissime nei loro ambiti, in Italia e non solo, ma anche perch\u00e9 c&#8217;\u00e8 un filo conduttore che lega i due servizi, ovvero la televisione e le sue trasformazioni. Partiamo parlando della conferenza &#8220;Media e paura&#8221; che si \u00e8 tenuta marted\u00ec [&hellip;]<\/p>\n","protected":false},"author":1,"featured_media":798,"comment_status":"closed","ping_status":"closed","sticky":false,"template":"","format":"video","meta":[],"categories":[165],"tags":[130,468,471,12,72,229,75,69,62,289,466,246,13,9,118,469,17,119,16,470,397,350,400,170,168,11,120,467,15],"yoast_head":"<!-- This site is optimized with the Yoast SEO plugin v17.9 - https:\/\/yoast.com\/wordpress\/plugins\/seo\/ -->\n<title>Edizione 8 novembre &bull; MMP Web TV<\/title>\n<meta name=\"robots\" content=\"noindex, follow\" \/>\n<meta property=\"og:locale\" content=\"it_IT\" \/>\n<meta property=\"og:type\" content=\"article\" \/>\n<meta property=\"og:title\" content=\"Edizione 8 novembre &bull; MMP Web TV\" \/>\n<meta property=\"og:description\" content=\"Un&#8217;edizione speciale questa di gioved\u00ec 8 novembre! Speciale non solo perch\u00e9 i protagonisti sono personalit\u00e0 conosciutissime nei loro ambiti, in Italia e non solo, ma anche perch\u00e9 c&#8217;\u00e8 un filo conduttore che lega i due servizi, ovvero la televisione e le sue trasformazioni. Partiamo parlando della conferenza &#8220;Media e paura&#8221; che si \u00e8 tenuta marted\u00ec [&hellip;]\" \/>\n<meta property=\"og:url\" content=\"http:\/\/www.mmpwebtv.eu\/index.php\/2018\/11\/08\/edizione-8-novembre\/\" \/>\n<meta property=\"og:site_name\" content=\"MMP Web TV\" \/>\n<meta property=\"article:publisher\" content=\"https:\/\/www.facebook.com\/mmpwebtv\/\" \/>\n<meta property=\"article:published_time\" content=\"2018-11-08T18:45:32+00:00\" \/>\n<meta property=\"article:modified_time\" content=\"2018-11-08T18:59:35+00:00\" \/>\n<meta property=\"og:image\" content=\"http:\/\/www.mmpwebtv.eu\/wp-content\/uploads\/2018\/11\/0811.png\" \/>\n\t<meta property=\"og:image:width\" content=\"1223\" \/>\n\t<meta property=\"og:image:height\" content=\"742\" \/>\n\t<meta property=\"og:image:type\" content=\"image\/png\" \/>\n<meta name=\"twitter:card\" content=\"summary_large_image\" \/>\n<meta name=\"twitter:label1\" content=\"Scritto da\" \/>\n\t<meta name=\"twitter:data1\" content=\"admin\" \/>\n\t<meta name=\"twitter:label2\" content=\"Tempo di lettura stimato\" \/>\n\t<meta name=\"twitter:data2\" content=\"1 minuto\" \/>\n<script type=\"application\/ld+json\" class=\"yoast-schema-graph\">{\"@context\":\"https:\/\/schema.org\",\"@graph\":[{\"@type\":\"Organization\",\"@id\":\"https:\/\/www.mmpwebtv.eu\/#organization\",\"name\":\"MMP WebTV\",\"url\":\"https:\/\/www.mmpwebtv.eu\/\",\"sameAs\":[\"https:\/\/www.facebook.com\/mmpwebtv\/\",\"https:\/\/www.instagram.com\/mmpwebtv\/\"],\"logo\":{\"@type\":\"ImageObject\",\"@id\":\"https:\/\/www.mmpwebtv.eu\/#logo\",\"inLanguage\":\"it-IT\",\"url\":\"https:\/\/www.mmpwebtv.eu\/wp-content\/uploads\/2017\/04\/Logo-MMP-WebTv-02.png\",\"contentUrl\":\"https:\/\/www.mmpwebtv.eu\/wp-content\/uploads\/2017\/04\/Logo-MMP-WebTv-02.png\",\"width\":8000,\"height\":4500,\"caption\":\"MMP WebTV\"},\"image\":{\"@id\":\"https:\/\/www.mmpwebtv.eu\/#logo\"}},{\"@type\":\"WebSite\",\"@id\":\"https:\/\/www.mmpwebtv.eu\/#website\",\"url\":\"https:\/\/www.mmpwebtv.eu\/\",\"name\":\"MMP Web TV\",\"description\":\"La Web TV del Campus di Forl\\u00ec\",\"publisher\":{\"@id\":\"https:\/\/www.mmpwebtv.eu\/#organization\"},\"potentialAction\":[{\"@type\":\"SearchAction\",\"target\":{\"@type\":\"EntryPoint\",\"urlTemplate\":\"https:\/\/www.mmpwebtv.eu\/?s={search_term_string}\"},\"query-input\":\"required name=search_term_string\"}],\"inLanguage\":\"it-IT\"},{\"@type\":\"ImageObject\",\"@id\":\"http:\/\/www.mmpwebtv.eu\/index.php\/2018\/11\/08\/edizione-8-novembre\/#primaryimage\",\"inLanguage\":\"it-IT\",\"url\":\"http:\/\/www.mmpwebtv.eu\/wp-content\/uploads\/2018\/11\/0811.png\",\"contentUrl\":\"http:\/\/www.mmpwebtv.eu\/wp-content\/uploads\/2018\/11\/0811.png\",\"width\":1223,\"height\":742},{\"@type\":\"WebPage\",\"@id\":\"http:\/\/www.mmpwebtv.eu\/index.php\/2018\/11\/08\/edizione-8-novembre\/#webpage\",\"url\":\"http:\/\/www.mmpwebtv.eu\/index.php\/2018\/11\/08\/edizione-8-novembre\/\",\"name\":\"Edizione 8 novembre &bull; MMP Web TV\",\"isPartOf\":{\"@id\":\"https:\/\/www.mmpwebtv.eu\/#website\"},\"primaryImageOfPage\":{\"@id\":\"http:\/\/www.mmpwebtv.eu\/index.php\/2018\/11\/08\/edizione-8-novembre\/#primaryimage\"},\"datePublished\":\"2018-11-08T18:45:32+00:00\",\"dateModified\":\"2018-11-08T18:59:35+00:00\",\"breadcrumb\":{\"@id\":\"http:\/\/www.mmpwebtv.eu\/index.php\/2018\/11\/08\/edizione-8-novembre\/#breadcrumb\"},\"inLanguage\":\"it-IT\",\"potentialAction\":[{\"@type\":\"ReadAction\",\"target\":[\"http:\/\/www.mmpwebtv.eu\/index.php\/2018\/11\/08\/edizione-8-novembre\/\"]}]},{\"@type\":\"BreadcrumbList\",\"@id\":\"http:\/\/www.mmpwebtv.eu\/index.php\/2018\/11\/08\/edizione-8-novembre\/#breadcrumb\",\"itemListElement\":[{\"@type\":\"ListItem\",\"position\":1,\"name\":\"Home\",\"item\":\"https:\/\/www.mmpwebtv.eu\/\"},{\"@type\":\"ListItem\",\"position\":2,\"name\":\"Edizione 8 novembre\"}]},{\"@type\":\"Article\",\"@id\":\"http:\/\/www.mmpwebtv.eu\/index.php\/2018\/11\/08\/edizione-8-novembre\/#article\",\"isPartOf\":{\"@id\":\"http:\/\/www.mmpwebtv.eu\/index.php\/2018\/11\/08\/edizione-8-novembre\/#webpage\"},\"author\":{\"@id\":\"https:\/\/www.mmpwebtv.eu\/#\/schema\/person\/4848c65626d1588551e847f88cda447a\"},\"headline\":\"Edizione 8 novembre\",\"datePublished\":\"2018-11-08T18:45:32+00:00\",\"dateModified\":\"2018-11-08T18:59:35+00:00\",\"mainEntityOfPage\":{\"@id\":\"http:\/\/www.mmpwebtv.eu\/index.php\/2018\/11\/08\/edizione-8-novembre\/#webpage\"},\"wordCount\":151,\"publisher\":{\"@id\":\"https:\/\/www.mmpwebtv.eu\/#organization\"},\"image\":{\"@id\":\"http:\/\/www.mmpwebtv.eu\/index.php\/2018\/11\/08\/edizione-8-novembre\/#primaryimage\"},\"thumbnailUrl\":\"http:\/\/www.mmpwebtv.eu\/wp-content\/uploads\/2018\/11\/0811.png\",\"keywords\":[\"alma mater studiorum\",\"Bernardini\",\"Boccia Artieri\",\"bologna\",\"campus\",\"campus al servizio\",\"campus di forl\\u00ec\",\"comunicazione\",\"conferenza\",\"documentario\",\"Dorfles\",\"festival\",\"forl\\u00ec\",\"format\",\"Mass Media e Politica\",\"Media\",\"mmp\",\"MMP webTV\",\"mmpwebtv\",\"Paura\",\"Peppe Vessicchio\",\"speciale\",\"Televisione\",\"TgC\",\"TGCampus\",\"universit\\u00e0\",\"Universit\\u00e0 di Bologna\",\"Vessicchio\",\"webtv\"],\"articleSection\":[\"TG Campus\"],\"inLanguage\":\"it-IT\"},{\"@type\":\"Person\",\"@id\":\"https:\/\/www.mmpwebtv.eu\/#\/schema\/person\/4848c65626d1588551e847f88cda447a\",\"name\":\"admin\",\"image\":{\"@type\":\"ImageObject\",\"@id\":\"https:\/\/www.mmpwebtv.eu\/#personlogo\",\"inLanguage\":\"it-IT\",\"url\":\"http:\/\/0.gravatar.com\/avatar\/364ff6b737993d84049599bd8bd08384?s=96&d=mm&r=g\",\"contentUrl\":\"http:\/\/0.gravatar.com\/avatar\/364ff6b737993d84049599bd8bd08384?s=96&d=mm&r=g\",\"caption\":\"admin\"}}]}<\/script>\n<!-- \/ Yoast SEO plugin. -->","yoast_head_json":{"title":"Edizione 8 novembre &bull; MMP Web TV","robots":{"index":"noindex","follow":"follow"},"og_locale":"it_IT","og_type":"article","og_title":"Edizione 8 novembre &bull; MMP Web TV","og_description":"Un&#8217;edizione speciale questa di gioved\u00ec 8 novembre! Speciale non solo perch\u00e9 i protagonisti sono personalit\u00e0 conosciutissime nei loro ambiti, in Italia e non solo, ma anche perch\u00e9 c&#8217;\u00e8 un filo conduttore che lega i due servizi, ovvero la televisione e le sue trasformazioni. Partiamo parlando della conferenza &#8220;Media e paura&#8221; che si \u00e8 tenuta marted\u00ec [&hellip;]","og_url":"http:\/\/www.mmpwebtv.eu\/index.php\/2018\/11\/08\/edizione-8-novembre\/","og_site_name":"MMP Web TV","article_publisher":"https:\/\/www.facebook.com\/mmpwebtv\/","article_published_time":"2018-11-08T18:45:32+00:00","article_modified_time":"2018-11-08T18:59:35+00:00","og_image":[{"width":1223,"height":742,"url":"http:\/\/www.mmpwebtv.eu\/wp-content\/uploads\/2018\/11\/0811.png","type":"image\/png"}],"twitter_card":"summary_large_image","twitter_misc":{"Scritto da":"admin","Tempo di lettura stimato":"1 minuto"},"schema":{"@context":"https:\/\/schema.org","@graph":[{"@type":"Organization","@id":"https:\/\/www.mmpwebtv.eu\/#organization","name":"MMP WebTV","url":"https:\/\/www.mmpwebtv.eu\/","sameAs":["https:\/\/www.facebook.com\/mmpwebtv\/","https:\/\/www.instagram.com\/mmpwebtv\/"],"logo":{"@type":"ImageObject","@id":"https:\/\/www.mmpwebtv.eu\/#logo","inLanguage":"it-IT","url":"https:\/\/www.mmpwebtv.eu\/wp-content\/uploads\/2017\/04\/Logo-MMP-WebTv-02.png","contentUrl":"https:\/\/www.mmpwebtv.eu\/wp-content\/uploads\/2017\/04\/Logo-MMP-WebTv-02.png","width":8000,"height":4500,"caption":"MMP WebTV"},"image":{"@id":"https:\/\/www.mmpwebtv.eu\/#logo"}},{"@type":"WebSite","@id":"https:\/\/www.mmpwebtv.eu\/#website","url":"https:\/\/www.mmpwebtv.eu\/","name":"MMP Web TV","description":"La Web TV del Campus di Forl\u00ec","publisher":{"@id":"https:\/\/www.mmpwebtv.eu\/#organization"},"potentialAction":[{"@type":"SearchAction","target":{"@type":"EntryPoint","urlTemplate":"https:\/\/www.mmpwebtv.eu\/?s={search_term_string}"},"query-input":"required name=search_term_string"}],"inLanguage":"it-IT"},{"@type":"ImageObject","@id":"http:\/\/www.mmpwebtv.eu\/index.php\/2018\/11\/08\/edizione-8-novembre\/#primaryimage","inLanguage":"it-IT","url":"http:\/\/www.mmpwebtv.eu\/wp-content\/uploads\/2018\/11\/0811.png","contentUrl":"http:\/\/www.mmpwebtv.eu\/wp-content\/uploads\/2018\/11\/0811.png","width":1223,"height":742},{"@type":"WebPage","@id":"http:\/\/www.mmpwebtv.eu\/index.php\/2018\/11\/08\/edizione-8-novembre\/#webpage","url":"http:\/\/www.mmpwebtv.eu\/index.php\/2018\/11\/08\/edizione-8-novembre\/","name":"Edizione 8 novembre &bull; MMP Web TV","isPartOf":{"@id":"https:\/\/www.mmpwebtv.eu\/#website"},"primaryImageOfPage":{"@id":"http:\/\/www.mmpwebtv.eu\/index.php\/2018\/11\/08\/edizione-8-novembre\/#primaryimage"},"datePublished":"2018-11-08T18:45:32+00:00","dateModified":"2018-11-08T18:59:35+00:00","breadcrumb":{"@id":"http:\/\/www.mmpwebtv.eu\/index.php\/2018\/11\/08\/edizione-8-novembre\/#breadcrumb"},"inLanguage":"it-IT","potentialAction":[{"@type":"ReadAction","target":["http:\/\/www.mmpwebtv.eu\/index.php\/2018\/11\/08\/edizione-8-novembre\/"]}]},{"@type":"BreadcrumbList","@id":"http:\/\/www.mmpwebtv.eu\/index.php\/2018\/11\/08\/edizione-8-novembre\/#breadcrumb","itemListElement":[{"@type":"ListItem","position":1,"name":"Home","item":"https:\/\/www.mmpwebtv.eu\/"},{"@type":"ListItem","position":2,"name":"Edizione 8 novembre"}]},{"@type":"Article","@id":"http:\/\/www.mmpwebtv.eu\/index.php\/2018\/11\/08\/edizione-8-novembre\/#article","isPartOf":{"@id":"http:\/\/www.mmpwebtv.eu\/index.php\/2018\/11\/08\/edizione-8-novembre\/#webpage"},"author":{"@id":"https:\/\/www.mmpwebtv.eu\/#\/schema\/person\/4848c65626d1588551e847f88cda447a"},"headline":"Edizione 8 novembre","datePublished":"2018-11-08T18:45:32+00:00","dateModified":"2018-11-08T18:59:35+00:00","mainEntityOfPage":{"@id":"http:\/\/www.mmpwebtv.eu\/index.php\/2018\/11\/08\/edizione-8-novembre\/#webpage"},"wordCount":151,"publisher":{"@id":"https:\/\/www.mmpwebtv.eu\/#organization"},"image":{"@id":"http:\/\/www.mmpwebtv.eu\/index.php\/2018\/11\/08\/edizione-8-novembre\/#primaryimage"},"thumbnailUrl":"http:\/\/www.mmpwebtv.eu\/wp-content\/uploads\/2018\/11\/0811.png","keywords":["alma mater studiorum","Bernardini","Boccia Artieri","bologna","campus","campus al servizio","campus di forl\u00ec","comunicazione","conferenza","documentario","Dorfles","festival","forl\u00ec","format","Mass Media e Politica","Media","mmp","MMP webTV","mmpwebtv","Paura","Peppe Vessicchio","speciale","Televisione","TgC","TGCampus","universit\u00e0","Universit\u00e0 di Bologna","Vessicchio","webtv"],"articleSection":["TG Campus"],"inLanguage":"it-IT"},{"@type":"Person","@id":"https:\/\/www.mmpwebtv.eu\/#\/schema\/person\/4848c65626d1588551e847f88cda447a","name":"admin","image":{"@type":"ImageObject","@id":"https:\/\/www.mmpwebtv.eu\/#personlogo","inLanguage":"it-IT","url":"http:\/\/0.gravatar.com\/avatar\/364ff6b737993d84049599bd8bd08384?s=96&d=mm&r=g","contentUrl":"http:\/\/0.gravatar.com\/avatar\/364ff6b737993d84049599bd8bd08384?s=96&d=mm&r=g","caption":"admin"}}]}},"_links":{"self":[{"href":"http:\/\/www.mmpwebtv.eu\/index.php\/wp-json\/wp\/v2\/posts\/797"}],"collection":[{"href":"http:\/\/www.mmpwebtv.eu\/index.php\/wp-json\/wp\/v2\/posts"}],"about":[{"href":"http:\/\/www.mmpwebtv.eu\/index.php\/wp-json\/wp\/v2\/types\/post"}],"author":[{"embeddable":true,"href":"http:\/\/www.mmpwebtv.eu\/index.php\/wp-json\/wp\/v2\/users\/1"}],"replies":[{"embeddable":true,"href":"http:\/\/www.mmpwebtv.eu\/index.php\/wp-json\/wp\/v2\/comments?post=797"}],"version-history":[{"count":1,"href":"http:\/\/www.mmpwebtv.eu\/index.php\/wp-json\/wp\/v2\/posts\/797\/revisions"}],"predecessor-version":[{"id":799,"href":"http:\/\/www.mmpwebtv.eu\/index.php\/wp-json\/wp\/v2\/posts\/797\/revisions\/799"}],"wp:featuredmedia":[{"embeddable":true,"href":"http:\/\/www.mmpwebtv.eu\/index.php\/wp-json\/wp\/v2\/media\/798"}],"wp:attachment":[{"href":"http:\/\/www.mmpwebtv.eu\/index.php\/wp-json\/wp\/v2\/media?parent=797"}],"wp:term":[{"taxonomy":"category","embeddable":true,"href":"http:\/\/www.mmpwebtv.eu\/index.php\/wp-json\/wp\/v2\/categories?post=797"},{"taxonomy":"post_tag","embeddable":true,"href":"http:\/\/www.mmpwebtv.eu\/index.php\/wp-json\/wp\/v2\/tags?post=797"}],"curies":[{"name":"wp","href":"https:\/\/api.w.org\/{rel}","templated":true}]}}