{"id":843,"date":"2019-01-17T18:30:19","date_gmt":"2019-01-17T17:30:19","guid":{"rendered":"http:\/\/www.mmpwebtv.eu\/?p=843"},"modified":"2019-01-17T18:30:20","modified_gmt":"2019-01-17T17:30:20","slug":"edizione-17-gennaio","status":"publish","type":"post","link":"http:\/\/www.mmpwebtv.eu\/index.php\/2019\/01\/17\/edizione-17-gennaio\/","title":{"rendered":"Edizione 17 gennaio"},"content":{"rendered":"<p>Inizia un nuovo anno ricco di programmazioni per la MMPWEBTV!<\/p>\n<p>Partiamo, dunque, con la prima edizione del TGCampus del 2019!<\/p>\n<p>Si parte con la conferenza &#8220;L&#8217;arte della natura in citt\u00e0&#8221; che si \u00e8 tenuta lo scorso gioved\u00ec 10 gennaio, presso le sale del Palazzo Monte di Piet\u00e0 e dedicata al tema dei giardini e degli orti urbani. A fare da cornice al dibatito le opere di Luca Barberini, giovane mosaicista ravennate.<\/p>\n<p>A seguire, un servizio sulla cena solidale, organizzata venerd\u00ec 30 novembre da&#8221;Forl\u00ec Citt\u00e0 Aperta&#8221;, un&#8217;associazione impegnata da anni sul tema dell&#8217;accoglienza dei migranti all&#8217;interno del comune romagnolo.<br \/>\nObiettivo del gruppo \u00e8 quello di fare dell\u2019ospitalit\u00e0 un\u2019importante occasione di conoscenza reciproca; l&#8217;idea delle cene solidali nasce, dunque, per avvicinare e sensibilizzare la popolazione a queste tematiche.<\/p>\n<p>Buona visione!<\/p>\n","protected":false},"excerpt":{"rendered":"<p>Inizia un nuovo anno ricco di programmazioni per la MMPWEBTV! Partiamo, dunque, con la prima edizione del TGCampus del 2019! Si parte con la conferenza &#8220;L&#8217;arte della natura in citt\u00e0&#8221; che si \u00e8 tenuta lo scorso gioved\u00ec 10 gennaio, presso le sale del Palazzo Monte di Piet\u00e0 e dedicata al tema dei giardini e degli [&hellip;]<\/p>\n","protected":false},"author":1,"featured_media":844,"comment_status":"closed","ping_status":"closed","sticky":false,"template":"","format":"video","meta":[],"categories":[165],"tags":[130,537,12,72,229,75,535,69,62,13,534,9,207,43,118,472,17,536,233,170,168,14,11,120,311,15],"yoast_head":"<!-- This site is optimized with the Yoast SEO plugin v17.9 - https:\/\/yoast.com\/wordpress\/plugins\/seo\/ -->\n<title>Edizione 17 gennaio &bull; MMP Web TV<\/title>\n<meta name=\"robots\" content=\"noindex, follow\" \/>\n<meta property=\"og:locale\" content=\"it_IT\" \/>\n<meta property=\"og:type\" content=\"article\" \/>\n<meta property=\"og:title\" content=\"Edizione 17 gennaio &bull; MMP Web TV\" \/>\n<meta property=\"og:description\" content=\"Inizia un nuovo anno ricco di programmazioni per la MMPWEBTV! Partiamo, dunque, con la prima edizione del TGCampus del 2019! Si parte con la conferenza &#8220;L&#8217;arte della natura in citt\u00e0&#8221; che si \u00e8 tenuta lo scorso gioved\u00ec 10 gennaio, presso le sale del Palazzo Monte di Piet\u00e0 e dedicata al tema dei giardini e degli [&hellip;]\" \/>\n<meta property=\"og:url\" content=\"http:\/\/www.mmpwebtv.eu\/index.php\/2019\/01\/17\/edizione-17-gennaio\/\" \/>\n<meta property=\"og:site_name\" content=\"MMP Web TV\" \/>\n<meta property=\"article:publisher\" content=\"https:\/\/www.facebook.com\/mmpwebtv\/\" \/>\n<meta property=\"article:published_time\" content=\"2019-01-17T17:30:19+00:00\" \/>\n<meta property=\"article:modified_time\" content=\"2019-01-17T17:30:20+00:00\" \/>\n<meta property=\"og:image\" content=\"http:\/\/www.mmpwebtv.eu\/wp-content\/uploads\/2019\/01\/1701.png\" \/>\n\t<meta property=\"og:image:width\" content=\"1223\" \/>\n\t<meta property=\"og:image:height\" content=\"742\" \/>\n\t<meta property=\"og:image:type\" content=\"image\/png\" \/>\n<meta name=\"twitter:card\" content=\"summary_large_image\" \/>\n<meta name=\"twitter:label1\" content=\"Scritto da\" \/>\n\t<meta name=\"twitter:data1\" content=\"admin\" \/>\n\t<meta name=\"twitter:label2\" content=\"Tempo di lettura stimato\" \/>\n\t<meta name=\"twitter:data2\" content=\"1 minuto\" \/>\n<script type=\"application\/ld+json\" class=\"yoast-schema-graph\">{\"@context\":\"https:\/\/schema.org\",\"@graph\":[{\"@type\":\"Organization\",\"@id\":\"https:\/\/www.mmpwebtv.eu\/#organization\",\"name\":\"MMP WebTV\",\"url\":\"https:\/\/www.mmpwebtv.eu\/\",\"sameAs\":[\"https:\/\/www.facebook.com\/mmpwebtv\/\",\"https:\/\/www.instagram.com\/mmpwebtv\/\"],\"logo\":{\"@type\":\"ImageObject\",\"@id\":\"https:\/\/www.mmpwebtv.eu\/#logo\",\"inLanguage\":\"it-IT\",\"url\":\"https:\/\/www.mmpwebtv.eu\/wp-content\/uploads\/2017\/04\/Logo-MMP-WebTv-02.png\",\"contentUrl\":\"https:\/\/www.mmpwebtv.eu\/wp-content\/uploads\/2017\/04\/Logo-MMP-WebTv-02.png\",\"width\":8000,\"height\":4500,\"caption\":\"MMP WebTV\"},\"image\":{\"@id\":\"https:\/\/www.mmpwebtv.eu\/#logo\"}},{\"@type\":\"WebSite\",\"@id\":\"https:\/\/www.mmpwebtv.eu\/#website\",\"url\":\"https:\/\/www.mmpwebtv.eu\/\",\"name\":\"MMP Web TV\",\"description\":\"La Web TV del Campus di Forl\\u00ec\",\"publisher\":{\"@id\":\"https:\/\/www.mmpwebtv.eu\/#organization\"},\"potentialAction\":[{\"@type\":\"SearchAction\",\"target\":{\"@type\":\"EntryPoint\",\"urlTemplate\":\"https:\/\/www.mmpwebtv.eu\/?s={search_term_string}\"},\"query-input\":\"required name=search_term_string\"}],\"inLanguage\":\"it-IT\"},{\"@type\":\"ImageObject\",\"@id\":\"http:\/\/www.mmpwebtv.eu\/index.php\/2019\/01\/17\/edizione-17-gennaio\/#primaryimage\",\"inLanguage\":\"it-IT\",\"url\":\"http:\/\/www.mmpwebtv.eu\/wp-content\/uploads\/2019\/01\/1701.png\",\"contentUrl\":\"http:\/\/www.mmpwebtv.eu\/wp-content\/uploads\/2019\/01\/1701.png\",\"width\":1223,\"height\":742},{\"@type\":\"WebPage\",\"@id\":\"http:\/\/www.mmpwebtv.eu\/index.php\/2019\/01\/17\/edizione-17-gennaio\/#webpage\",\"url\":\"http:\/\/www.mmpwebtv.eu\/index.php\/2019\/01\/17\/edizione-17-gennaio\/\",\"name\":\"Edizione 17 gennaio &bull; MMP Web TV\",\"isPartOf\":{\"@id\":\"https:\/\/www.mmpwebtv.eu\/#website\"},\"primaryImageOfPage\":{\"@id\":\"http:\/\/www.mmpwebtv.eu\/index.php\/2019\/01\/17\/edizione-17-gennaio\/#primaryimage\"},\"datePublished\":\"2019-01-17T17:30:19+00:00\",\"dateModified\":\"2019-01-17T17:30:20+00:00\",\"breadcrumb\":{\"@id\":\"http:\/\/www.mmpwebtv.eu\/index.php\/2019\/01\/17\/edizione-17-gennaio\/#breadcrumb\"},\"inLanguage\":\"it-IT\",\"potentialAction\":[{\"@type\":\"ReadAction\",\"target\":[\"http:\/\/www.mmpwebtv.eu\/index.php\/2019\/01\/17\/edizione-17-gennaio\/\"]}]},{\"@type\":\"BreadcrumbList\",\"@id\":\"http:\/\/www.mmpwebtv.eu\/index.php\/2019\/01\/17\/edizione-17-gennaio\/#breadcrumb\",\"itemListElement\":[{\"@type\":\"ListItem\",\"position\":1,\"name\":\"Home\",\"item\":\"https:\/\/www.mmpwebtv.eu\/\"},{\"@type\":\"ListItem\",\"position\":2,\"name\":\"Edizione 17 gennaio\"}]},{\"@type\":\"Article\",\"@id\":\"http:\/\/www.mmpwebtv.eu\/index.php\/2019\/01\/17\/edizione-17-gennaio\/#article\",\"isPartOf\":{\"@id\":\"http:\/\/www.mmpwebtv.eu\/index.php\/2019\/01\/17\/edizione-17-gennaio\/#webpage\"},\"author\":{\"@id\":\"https:\/\/www.mmpwebtv.eu\/#\/schema\/person\/4848c65626d1588551e847f88cda447a\"},\"headline\":\"Edizione 17 gennaio\",\"datePublished\":\"2019-01-17T17:30:19+00:00\",\"dateModified\":\"2019-01-17T17:30:20+00:00\",\"mainEntityOfPage\":{\"@id\":\"http:\/\/www.mmpwebtv.eu\/index.php\/2019\/01\/17\/edizione-17-gennaio\/#webpage\"},\"wordCount\":128,\"publisher\":{\"@id\":\"https:\/\/www.mmpwebtv.eu\/#organization\"},\"image\":{\"@id\":\"http:\/\/www.mmpwebtv.eu\/index.php\/2019\/01\/17\/edizione-17-gennaio\/#primaryimage\"},\"thumbnailUrl\":\"http:\/\/www.mmpwebtv.eu\/wp-content\/uploads\/2019\/01\/1701.png\",\"keywords\":[\"alma mater studiorum\",\"Arte al Monte\",\"bologna\",\"campus\",\"campus al servizio\",\"campus di forl\\u00ec\",\"Clorofilla\",\"comunicazione\",\"conferenza\",\"forl\\u00ec\",\"Forl\\u00ec Citt\\u00e0 Aperta\",\"format\",\"immigrazione\",\"intervista\",\"Mass Media e Politica\",\"Mediterranea\",\"mmp\",\"Mosaico\",\"studenti\",\"TgC\",\"TGCampus\",\"unibo\",\"universit\\u00e0\",\"Universit\\u00e0 di Bologna\",\"web tv\",\"webtv\"],\"articleSection\":[\"TG Campus\"],\"inLanguage\":\"it-IT\"},{\"@type\":\"Person\",\"@id\":\"https:\/\/www.mmpwebtv.eu\/#\/schema\/person\/4848c65626d1588551e847f88cda447a\",\"name\":\"admin\",\"image\":{\"@type\":\"ImageObject\",\"@id\":\"https:\/\/www.mmpwebtv.eu\/#personlogo\",\"inLanguage\":\"it-IT\",\"url\":\"http:\/\/0.gravatar.com\/avatar\/364ff6b737993d84049599bd8bd08384?s=96&d=mm&r=g\",\"contentUrl\":\"http:\/\/0.gravatar.com\/avatar\/364ff6b737993d84049599bd8bd08384?s=96&d=mm&r=g\",\"caption\":\"admin\"}}]}<\/script>\n<!-- \/ Yoast SEO plugin. -->","yoast_head_json":{"title":"Edizione 17 gennaio &bull; MMP Web TV","robots":{"index":"noindex","follow":"follow"},"og_locale":"it_IT","og_type":"article","og_title":"Edizione 17 gennaio &bull; MMP Web TV","og_description":"Inizia un nuovo anno ricco di programmazioni per la MMPWEBTV! Partiamo, dunque, con la prima edizione del TGCampus del 2019! Si parte con la conferenza &#8220;L&#8217;arte della natura in citt\u00e0&#8221; che si \u00e8 tenuta lo scorso gioved\u00ec 10 gennaio, presso le sale del Palazzo Monte di Piet\u00e0 e dedicata al tema dei giardini e degli [&hellip;]","og_url":"http:\/\/www.mmpwebtv.eu\/index.php\/2019\/01\/17\/edizione-17-gennaio\/","og_site_name":"MMP Web TV","article_publisher":"https:\/\/www.facebook.com\/mmpwebtv\/","article_published_time":"2019-01-17T17:30:19+00:00","article_modified_time":"2019-01-17T17:30:20+00:00","og_image":[{"width":1223,"height":742,"url":"http:\/\/www.mmpwebtv.eu\/wp-content\/uploads\/2019\/01\/1701.png","type":"image\/png"}],"twitter_card":"summary_large_image","twitter_misc":{"Scritto da":"admin","Tempo di lettura stimato":"1 minuto"},"schema":{"@context":"https:\/\/schema.org","@graph":[{"@type":"Organization","@id":"https:\/\/www.mmpwebtv.eu\/#organization","name":"MMP WebTV","url":"https:\/\/www.mmpwebtv.eu\/","sameAs":["https:\/\/www.facebook.com\/mmpwebtv\/","https:\/\/www.instagram.com\/mmpwebtv\/"],"logo":{"@type":"ImageObject","@id":"https:\/\/www.mmpwebtv.eu\/#logo","inLanguage":"it-IT","url":"https:\/\/www.mmpwebtv.eu\/wp-content\/uploads\/2017\/04\/Logo-MMP-WebTv-02.png","contentUrl":"https:\/\/www.mmpwebtv.eu\/wp-content\/uploads\/2017\/04\/Logo-MMP-WebTv-02.png","width":8000,"height":4500,"caption":"MMP WebTV"},"image":{"@id":"https:\/\/www.mmpwebtv.eu\/#logo"}},{"@type":"WebSite","@id":"https:\/\/www.mmpwebtv.eu\/#website","url":"https:\/\/www.mmpwebtv.eu\/","name":"MMP Web TV","description":"La Web TV del Campus di Forl\u00ec","publisher":{"@id":"https:\/\/www.mmpwebtv.eu\/#organization"},"potentialAction":[{"@type":"SearchAction","target":{"@type":"EntryPoint","urlTemplate":"https:\/\/www.mmpwebtv.eu\/?s={search_term_string}"},"query-input":"required name=search_term_string"}],"inLanguage":"it-IT"},{"@type":"ImageObject","@id":"http:\/\/www.mmpwebtv.eu\/index.php\/2019\/01\/17\/edizione-17-gennaio\/#primaryimage","inLanguage":"it-IT","url":"http:\/\/www.mmpwebtv.eu\/wp-content\/uploads\/2019\/01\/1701.png","contentUrl":"http:\/\/www.mmpwebtv.eu\/wp-content\/uploads\/2019\/01\/1701.png","width":1223,"height":742},{"@type":"WebPage","@id":"http:\/\/www.mmpwebtv.eu\/index.php\/2019\/01\/17\/edizione-17-gennaio\/#webpage","url":"http:\/\/www.mmpwebtv.eu\/index.php\/2019\/01\/17\/edizione-17-gennaio\/","name":"Edizione 17 gennaio &bull; MMP Web TV","isPartOf":{"@id":"https:\/\/www.mmpwebtv.eu\/#website"},"primaryImageOfPage":{"@id":"http:\/\/www.mmpwebtv.eu\/index.php\/2019\/01\/17\/edizione-17-gennaio\/#primaryimage"},"datePublished":"2019-01-17T17:30:19+00:00","dateModified":"2019-01-17T17:30:20+00:00","breadcrumb":{"@id":"http:\/\/www.mmpwebtv.eu\/index.php\/2019\/01\/17\/edizione-17-gennaio\/#breadcrumb"},"inLanguage":"it-IT","potentialAction":[{"@type":"ReadAction","target":["http:\/\/www.mmpwebtv.eu\/index.php\/2019\/01\/17\/edizione-17-gennaio\/"]}]},{"@type":"BreadcrumbList","@id":"http:\/\/www.mmpwebtv.eu\/index.php\/2019\/01\/17\/edizione-17-gennaio\/#breadcrumb","itemListElement":[{"@type":"ListItem","position":1,"name":"Home","item":"https:\/\/www.mmpwebtv.eu\/"},{"@type":"ListItem","position":2,"name":"Edizione 17 gennaio"}]},{"@type":"Article","@id":"http:\/\/www.mmpwebtv.eu\/index.php\/2019\/01\/17\/edizione-17-gennaio\/#article","isPartOf":{"@id":"http:\/\/www.mmpwebtv.eu\/index.php\/2019\/01\/17\/edizione-17-gennaio\/#webpage"},"author":{"@id":"https:\/\/www.mmpwebtv.eu\/#\/schema\/person\/4848c65626d1588551e847f88cda447a"},"headline":"Edizione 17 gennaio","datePublished":"2019-01-17T17:30:19+00:00","dateModified":"2019-01-17T17:30:20+00:00","mainEntityOfPage":{"@id":"http:\/\/www.mmpwebtv.eu\/index.php\/2019\/01\/17\/edizione-17-gennaio\/#webpage"},"wordCount":128,"publisher":{"@id":"https:\/\/www.mmpwebtv.eu\/#organization"},"image":{"@id":"http:\/\/www.mmpwebtv.eu\/index.php\/2019\/01\/17\/edizione-17-gennaio\/#primaryimage"},"thumbnailUrl":"http:\/\/www.mmpwebtv.eu\/wp-content\/uploads\/2019\/01\/1701.png","keywords":["alma mater studiorum","Arte al Monte","bologna","campus","campus al servizio","campus di forl\u00ec","Clorofilla","comunicazione","conferenza","forl\u00ec","Forl\u00ec Citt\u00e0 Aperta","format","immigrazione","intervista","Mass Media e Politica","Mediterranea","mmp","Mosaico","studenti","TgC","TGCampus","unibo","universit\u00e0","Universit\u00e0 di Bologna","web tv","webtv"],"articleSection":["TG Campus"],"inLanguage":"it-IT"},{"@type":"Person","@id":"https:\/\/www.mmpwebtv.eu\/#\/schema\/person\/4848c65626d1588551e847f88cda447a","name":"admin","image":{"@type":"ImageObject","@id":"https:\/\/www.mmpwebtv.eu\/#personlogo","inLanguage":"it-IT","url":"http:\/\/0.gravatar.com\/avatar\/364ff6b737993d84049599bd8bd08384?s=96&d=mm&r=g","contentUrl":"http:\/\/0.gravatar.com\/avatar\/364ff6b737993d84049599bd8bd08384?s=96&d=mm&r=g","caption":"admin"}}]}},"_links":{"self":[{"href":"http:\/\/www.mmpwebtv.eu\/index.php\/wp-json\/wp\/v2\/posts\/843"}],"collection":[{"href":"http:\/\/www.mmpwebtv.eu\/index.php\/wp-json\/wp\/v2\/posts"}],"about":[{"href":"http:\/\/www.mmpwebtv.eu\/index.php\/wp-json\/wp\/v2\/types\/post"}],"author":[{"embeddable":true,"href":"http:\/\/www.mmpwebtv.eu\/index.php\/wp-json\/wp\/v2\/users\/1"}],"replies":[{"embeddable":true,"href":"http:\/\/www.mmpwebtv.eu\/index.php\/wp-json\/wp\/v2\/comments?post=843"}],"version-history":[{"count":1,"href":"http:\/\/www.mmpwebtv.eu\/index.php\/wp-json\/wp\/v2\/posts\/843\/revisions"}],"predecessor-version":[{"id":845,"href":"http:\/\/www.mmpwebtv.eu\/index.php\/wp-json\/wp\/v2\/posts\/843\/revisions\/845"}],"wp:featuredmedia":[{"embeddable":true,"href":"http:\/\/www.mmpwebtv.eu\/index.php\/wp-json\/wp\/v2\/media\/844"}],"wp:attachment":[{"href":"http:\/\/www.mmpwebtv.eu\/index.php\/wp-json\/wp\/v2\/media?parent=843"}],"wp:term":[{"taxonomy":"category","embeddable":true,"href":"http:\/\/www.mmpwebtv.eu\/index.php\/wp-json\/wp\/v2\/categories?post=843"},{"taxonomy":"post_tag","embeddable":true,"href":"http:\/\/www.mmpwebtv.eu\/index.php\/wp-json\/wp\/v2\/tags?post=843"}],"curies":[{"name":"wp","href":"https:\/\/api.w.org\/{rel}","templated":true}]}}