{"id":858,"date":"2019-01-31T18:47:07","date_gmt":"2019-01-31T17:47:07","guid":{"rendered":"http:\/\/www.mmpwebtv.eu\/?p=858"},"modified":"2020-11-06T11:34:43","modified_gmt":"2020-11-06T10:34:43","slug":"edizione-31-gennaio","status":"publish","type":"post","link":"http:\/\/www.mmpwebtv.eu\/index.php\/2019\/01\/31\/edizione-31-gennaio\/","title":{"rendered":"Edizione 31 gennaio"},"content":{"rendered":"<p>Bentornati al TG Campus!<\/p>\n<p>In questa edizione:<\/p>\n<p>Il palazzo Monte di Piet\u00e0 apre le sue porte alla mostra &#8220;Per grazia ricevuta. Ex voto contemporanei&#8221;, dedicata alla festivit\u00e0 della Madonna del Fuoco del prossimo 4 febbraio.<br \/>\nL&#8217;esposizione, inaugurata lo scorso sabato, verr\u00e0 ospitata fino al 17 febbraio.<\/p>\n<p>L&#8217;Universit\u00e0 di Bologna aderisce al programma tirocini MAECI-CRUI, offrendo ad alcuni dei proprio studenti magistrali di svolgere un&#8217;esperienza all&#8217;estero, presso le sedi italiane di ambasciate, consolati e istituti di cultura, in tutto il mondo. Vuoi scoprire come? Guarda il servizio!<\/p>\n<p>Buona visione!<\/p>\n","protected":false},"excerpt":{"rendered":"<p>Bentornati al TG Campus! In questa edizione: Il palazzo Monte di Piet\u00e0 apre le sue porte alla mostra &#8220;Per grazia ricevuta. Ex voto contemporanei&#8221;, dedicata alla festivit\u00e0 della Madonna del Fuoco del prossimo 4 febbraio. L&#8217;esposizione, inaugurata lo scorso sabato, verr\u00e0 ospitata fino al 17 febbraio. L&#8217;Universit\u00e0 di Bologna aderisce al programma tirocini MAECI-CRUI, offrendo [&hellip;]<\/p>\n","protected":false},"author":1,"featured_media":859,"comment_status":"closed","ping_status":"closed","sticky":false,"template":"","format":"video","meta":[],"categories":[165],"tags":[130,47,12,72,229,75,69,62,554,556,552,13,9,43,557,555,44,118,45,17,119,16,558,94,276,170,168,21,553,14,11,120,311,15],"yoast_head":"<!-- This site is optimized with the Yoast SEO plugin v17.9 - https:\/\/yoast.com\/wordpress\/plugins\/seo\/ -->\n<title>Edizione 31 gennaio &bull; MMP Web TV<\/title>\n<meta name=\"robots\" content=\"noindex, follow\" \/>\n<meta property=\"og:locale\" content=\"it_IT\" \/>\n<meta property=\"og:type\" content=\"article\" \/>\n<meta property=\"og:title\" content=\"Edizione 31 gennaio &bull; MMP Web TV\" \/>\n<meta property=\"og:description\" content=\"Bentornati al TG Campus! In questa edizione: Il palazzo Monte di Piet\u00e0 apre le sue porte alla mostra &#8220;Per grazia ricevuta. Ex voto contemporanei&#8221;, dedicata alla festivit\u00e0 della Madonna del Fuoco del prossimo 4 febbraio. L&#8217;esposizione, inaugurata lo scorso sabato, verr\u00e0 ospitata fino al 17 febbraio. L&#8217;Universit\u00e0 di Bologna aderisce al programma tirocini MAECI-CRUI, offrendo [&hellip;]\" \/>\n<meta property=\"og:url\" content=\"http:\/\/www.mmpwebtv.eu\/index.php\/2019\/01\/31\/edizione-31-gennaio\/\" \/>\n<meta property=\"og:site_name\" content=\"MMP Web TV\" \/>\n<meta property=\"article:publisher\" content=\"https:\/\/www.facebook.com\/mmpwebtv\/\" \/>\n<meta property=\"article:published_time\" content=\"2019-01-31T17:47:07+00:00\" \/>\n<meta property=\"article:modified_time\" content=\"2020-11-06T10:34:43+00:00\" \/>\n<meta property=\"og:image\" content=\"http:\/\/www.mmpwebtv.eu\/wp-content\/uploads\/2019\/01\/3101.png\" \/>\n\t<meta property=\"og:image:width\" content=\"1223\" \/>\n\t<meta property=\"og:image:height\" content=\"742\" \/>\n\t<meta property=\"og:image:type\" content=\"image\/png\" \/>\n<meta name=\"twitter:card\" content=\"summary_large_image\" \/>\n<meta name=\"twitter:label1\" content=\"Scritto da\" \/>\n\t<meta name=\"twitter:data1\" content=\"admin\" \/>\n<script type=\"application\/ld+json\" class=\"yoast-schema-graph\">{\"@context\":\"https:\/\/schema.org\",\"@graph\":[{\"@type\":\"Organization\",\"@id\":\"https:\/\/www.mmpwebtv.eu\/#organization\",\"name\":\"MMP WebTV\",\"url\":\"https:\/\/www.mmpwebtv.eu\/\",\"sameAs\":[\"https:\/\/www.facebook.com\/mmpwebtv\/\",\"https:\/\/www.instagram.com\/mmpwebtv\/\"],\"logo\":{\"@type\":\"ImageObject\",\"@id\":\"https:\/\/www.mmpwebtv.eu\/#logo\",\"inLanguage\":\"it-IT\",\"url\":\"https:\/\/www.mmpwebtv.eu\/wp-content\/uploads\/2017\/04\/Logo-MMP-WebTv-02.png\",\"contentUrl\":\"https:\/\/www.mmpwebtv.eu\/wp-content\/uploads\/2017\/04\/Logo-MMP-WebTv-02.png\",\"width\":8000,\"height\":4500,\"caption\":\"MMP WebTV\"},\"image\":{\"@id\":\"https:\/\/www.mmpwebtv.eu\/#logo\"}},{\"@type\":\"WebSite\",\"@id\":\"https:\/\/www.mmpwebtv.eu\/#website\",\"url\":\"https:\/\/www.mmpwebtv.eu\/\",\"name\":\"MMP Web TV\",\"description\":\"La Web TV del Campus di Forl\\u00ec\",\"publisher\":{\"@id\":\"https:\/\/www.mmpwebtv.eu\/#organization\"},\"potentialAction\":[{\"@type\":\"SearchAction\",\"target\":{\"@type\":\"EntryPoint\",\"urlTemplate\":\"https:\/\/www.mmpwebtv.eu\/?s={search_term_string}\"},\"query-input\":\"required name=search_term_string\"}],\"inLanguage\":\"it-IT\"},{\"@type\":\"ImageObject\",\"@id\":\"http:\/\/www.mmpwebtv.eu\/index.php\/2019\/01\/31\/edizione-31-gennaio\/#primaryimage\",\"inLanguage\":\"it-IT\",\"url\":\"http:\/\/www.mmpwebtv.eu\/wp-content\/uploads\/2019\/01\/3101.png\",\"contentUrl\":\"http:\/\/www.mmpwebtv.eu\/wp-content\/uploads\/2019\/01\/3101.png\",\"width\":1223,\"height\":742},{\"@type\":\"WebPage\",\"@id\":\"http:\/\/www.mmpwebtv.eu\/index.php\/2019\/01\/31\/edizione-31-gennaio\/#webpage\",\"url\":\"http:\/\/www.mmpwebtv.eu\/index.php\/2019\/01\/31\/edizione-31-gennaio\/\",\"name\":\"Edizione 31 gennaio &bull; MMP Web TV\",\"isPartOf\":{\"@id\":\"https:\/\/www.mmpwebtv.eu\/#website\"},\"primaryImageOfPage\":{\"@id\":\"http:\/\/www.mmpwebtv.eu\/index.php\/2019\/01\/31\/edizione-31-gennaio\/#primaryimage\"},\"datePublished\":\"2019-01-31T17:47:07+00:00\",\"dateModified\":\"2020-11-06T10:34:43+00:00\",\"breadcrumb\":{\"@id\":\"http:\/\/www.mmpwebtv.eu\/index.php\/2019\/01\/31\/edizione-31-gennaio\/#breadcrumb\"},\"inLanguage\":\"it-IT\",\"potentialAction\":[{\"@type\":\"ReadAction\",\"target\":[\"http:\/\/www.mmpwebtv.eu\/index.php\/2019\/01\/31\/edizione-31-gennaio\/\"]}]},{\"@type\":\"BreadcrumbList\",\"@id\":\"http:\/\/www.mmpwebtv.eu\/index.php\/2019\/01\/31\/edizione-31-gennaio\/#breadcrumb\",\"itemListElement\":[{\"@type\":\"ListItem\",\"position\":1,\"name\":\"Home\",\"item\":\"https:\/\/www.mmpwebtv.eu\/\"},{\"@type\":\"ListItem\",\"position\":2,\"name\":\"Edizione 31 gennaio\"}]},{\"@type\":\"Article\",\"@id\":\"http:\/\/www.mmpwebtv.eu\/index.php\/2019\/01\/31\/edizione-31-gennaio\/#article\",\"isPartOf\":{\"@id\":\"http:\/\/www.mmpwebtv.eu\/index.php\/2019\/01\/31\/edizione-31-gennaio\/#webpage\"},\"author\":{\"@id\":\"https:\/\/www.mmpwebtv.eu\/#\/schema\/person\/4848c65626d1588551e847f88cda447a\"},\"headline\":\"Edizione 31 gennaio\",\"datePublished\":\"2019-01-31T17:47:07+00:00\",\"dateModified\":\"2020-11-06T10:34:43+00:00\",\"mainEntityOfPage\":{\"@id\":\"http:\/\/www.mmpwebtv.eu\/index.php\/2019\/01\/31\/edizione-31-gennaio\/#webpage\"},\"wordCount\":88,\"publisher\":{\"@id\":\"https:\/\/www.mmpwebtv.eu\/#organization\"},\"image\":{\"@id\":\"http:\/\/www.mmpwebtv.eu\/index.php\/2019\/01\/31\/edizione-31-gennaio\/#primaryimage\"},\"thumbnailUrl\":\"http:\/\/www.mmpwebtv.eu\/wp-content\/uploads\/2019\/01\/3101.png\",\"keywords\":[\"alma mater studiorum\",\"ambasciata\",\"bologna\",\"campus\",\"campus al servizio\",\"campus di forl\\u00ec\",\"comunicazione\",\"conferenza\",\"Consolato\",\"CRUI\",\"ex voto\",\"forl\\u00ec\",\"format\",\"intervista\",\"Madonna del Fuoco\",\"MAE\",\"MAECI\",\"Mass Media e Politica\",\"MIUR\",\"mmp\",\"MMP webTV\",\"mmpwebtv\",\"Patrono\",\"romagna\",\"Scienze Politiche\",\"TgC\",\"TGCampus\",\"tirocinio\",\"Ufficio Stampa\",\"unibo\",\"universit\\u00e0\",\"Universit\\u00e0 di Bologna\",\"web tv\",\"webtv\"],\"articleSection\":[\"TG Campus\"],\"inLanguage\":\"it-IT\"},{\"@type\":\"Person\",\"@id\":\"https:\/\/www.mmpwebtv.eu\/#\/schema\/person\/4848c65626d1588551e847f88cda447a\",\"name\":\"admin\",\"image\":{\"@type\":\"ImageObject\",\"@id\":\"https:\/\/www.mmpwebtv.eu\/#personlogo\",\"inLanguage\":\"it-IT\",\"url\":\"http:\/\/0.gravatar.com\/avatar\/364ff6b737993d84049599bd8bd08384?s=96&d=mm&r=g\",\"contentUrl\":\"http:\/\/0.gravatar.com\/avatar\/364ff6b737993d84049599bd8bd08384?s=96&d=mm&r=g\",\"caption\":\"admin\"}}]}<\/script>\n<!-- \/ Yoast SEO plugin. -->","yoast_head_json":{"title":"Edizione 31 gennaio &bull; MMP Web TV","robots":{"index":"noindex","follow":"follow"},"og_locale":"it_IT","og_type":"article","og_title":"Edizione 31 gennaio &bull; MMP Web TV","og_description":"Bentornati al TG Campus! In questa edizione: Il palazzo Monte di Piet\u00e0 apre le sue porte alla mostra &#8220;Per grazia ricevuta. Ex voto contemporanei&#8221;, dedicata alla festivit\u00e0 della Madonna del Fuoco del prossimo 4 febbraio. L&#8217;esposizione, inaugurata lo scorso sabato, verr\u00e0 ospitata fino al 17 febbraio. L&#8217;Universit\u00e0 di Bologna aderisce al programma tirocini MAECI-CRUI, offrendo [&hellip;]","og_url":"http:\/\/www.mmpwebtv.eu\/index.php\/2019\/01\/31\/edizione-31-gennaio\/","og_site_name":"MMP Web TV","article_publisher":"https:\/\/www.facebook.com\/mmpwebtv\/","article_published_time":"2019-01-31T17:47:07+00:00","article_modified_time":"2020-11-06T10:34:43+00:00","og_image":[{"width":1223,"height":742,"url":"http:\/\/www.mmpwebtv.eu\/wp-content\/uploads\/2019\/01\/3101.png","type":"image\/png"}],"twitter_card":"summary_large_image","twitter_misc":{"Scritto da":"admin"},"schema":{"@context":"https:\/\/schema.org","@graph":[{"@type":"Organization","@id":"https:\/\/www.mmpwebtv.eu\/#organization","name":"MMP WebTV","url":"https:\/\/www.mmpwebtv.eu\/","sameAs":["https:\/\/www.facebook.com\/mmpwebtv\/","https:\/\/www.instagram.com\/mmpwebtv\/"],"logo":{"@type":"ImageObject","@id":"https:\/\/www.mmpwebtv.eu\/#logo","inLanguage":"it-IT","url":"https:\/\/www.mmpwebtv.eu\/wp-content\/uploads\/2017\/04\/Logo-MMP-WebTv-02.png","contentUrl":"https:\/\/www.mmpwebtv.eu\/wp-content\/uploads\/2017\/04\/Logo-MMP-WebTv-02.png","width":8000,"height":4500,"caption":"MMP WebTV"},"image":{"@id":"https:\/\/www.mmpwebtv.eu\/#logo"}},{"@type":"WebSite","@id":"https:\/\/www.mmpwebtv.eu\/#website","url":"https:\/\/www.mmpwebtv.eu\/","name":"MMP Web TV","description":"La Web TV del Campus di Forl\u00ec","publisher":{"@id":"https:\/\/www.mmpwebtv.eu\/#organization"},"potentialAction":[{"@type":"SearchAction","target":{"@type":"EntryPoint","urlTemplate":"https:\/\/www.mmpwebtv.eu\/?s={search_term_string}"},"query-input":"required name=search_term_string"}],"inLanguage":"it-IT"},{"@type":"ImageObject","@id":"http:\/\/www.mmpwebtv.eu\/index.php\/2019\/01\/31\/edizione-31-gennaio\/#primaryimage","inLanguage":"it-IT","url":"http:\/\/www.mmpwebtv.eu\/wp-content\/uploads\/2019\/01\/3101.png","contentUrl":"http:\/\/www.mmpwebtv.eu\/wp-content\/uploads\/2019\/01\/3101.png","width":1223,"height":742},{"@type":"WebPage","@id":"http:\/\/www.mmpwebtv.eu\/index.php\/2019\/01\/31\/edizione-31-gennaio\/#webpage","url":"http:\/\/www.mmpwebtv.eu\/index.php\/2019\/01\/31\/edizione-31-gennaio\/","name":"Edizione 31 gennaio &bull; MMP Web TV","isPartOf":{"@id":"https:\/\/www.mmpwebtv.eu\/#website"},"primaryImageOfPage":{"@id":"http:\/\/www.mmpwebtv.eu\/index.php\/2019\/01\/31\/edizione-31-gennaio\/#primaryimage"},"datePublished":"2019-01-31T17:47:07+00:00","dateModified":"2020-11-06T10:34:43+00:00","breadcrumb":{"@id":"http:\/\/www.mmpwebtv.eu\/index.php\/2019\/01\/31\/edizione-31-gennaio\/#breadcrumb"},"inLanguage":"it-IT","potentialAction":[{"@type":"ReadAction","target":["http:\/\/www.mmpwebtv.eu\/index.php\/2019\/01\/31\/edizione-31-gennaio\/"]}]},{"@type":"BreadcrumbList","@id":"http:\/\/www.mmpwebtv.eu\/index.php\/2019\/01\/31\/edizione-31-gennaio\/#breadcrumb","itemListElement":[{"@type":"ListItem","position":1,"name":"Home","item":"https:\/\/www.mmpwebtv.eu\/"},{"@type":"ListItem","position":2,"name":"Edizione 31 gennaio"}]},{"@type":"Article","@id":"http:\/\/www.mmpwebtv.eu\/index.php\/2019\/01\/31\/edizione-31-gennaio\/#article","isPartOf":{"@id":"http:\/\/www.mmpwebtv.eu\/index.php\/2019\/01\/31\/edizione-31-gennaio\/#webpage"},"author":{"@id":"https:\/\/www.mmpwebtv.eu\/#\/schema\/person\/4848c65626d1588551e847f88cda447a"},"headline":"Edizione 31 gennaio","datePublished":"2019-01-31T17:47:07+00:00","dateModified":"2020-11-06T10:34:43+00:00","mainEntityOfPage":{"@id":"http:\/\/www.mmpwebtv.eu\/index.php\/2019\/01\/31\/edizione-31-gennaio\/#webpage"},"wordCount":88,"publisher":{"@id":"https:\/\/www.mmpwebtv.eu\/#organization"},"image":{"@id":"http:\/\/www.mmpwebtv.eu\/index.php\/2019\/01\/31\/edizione-31-gennaio\/#primaryimage"},"thumbnailUrl":"http:\/\/www.mmpwebtv.eu\/wp-content\/uploads\/2019\/01\/3101.png","keywords":["alma mater studiorum","ambasciata","bologna","campus","campus al servizio","campus di forl\u00ec","comunicazione","conferenza","Consolato","CRUI","ex voto","forl\u00ec","format","intervista","Madonna del Fuoco","MAE","MAECI","Mass Media e Politica","MIUR","mmp","MMP webTV","mmpwebtv","Patrono","romagna","Scienze Politiche","TgC","TGCampus","tirocinio","Ufficio Stampa","unibo","universit\u00e0","Universit\u00e0 di Bologna","web tv","webtv"],"articleSection":["TG Campus"],"inLanguage":"it-IT"},{"@type":"Person","@id":"https:\/\/www.mmpwebtv.eu\/#\/schema\/person\/4848c65626d1588551e847f88cda447a","name":"admin","image":{"@type":"ImageObject","@id":"https:\/\/www.mmpwebtv.eu\/#personlogo","inLanguage":"it-IT","url":"http:\/\/0.gravatar.com\/avatar\/364ff6b737993d84049599bd8bd08384?s=96&d=mm&r=g","contentUrl":"http:\/\/0.gravatar.com\/avatar\/364ff6b737993d84049599bd8bd08384?s=96&d=mm&r=g","caption":"admin"}}]}},"_links":{"self":[{"href":"http:\/\/www.mmpwebtv.eu\/index.php\/wp-json\/wp\/v2\/posts\/858"}],"collection":[{"href":"http:\/\/www.mmpwebtv.eu\/index.php\/wp-json\/wp\/v2\/posts"}],"about":[{"href":"http:\/\/www.mmpwebtv.eu\/index.php\/wp-json\/wp\/v2\/types\/post"}],"author":[{"embeddable":true,"href":"http:\/\/www.mmpwebtv.eu\/index.php\/wp-json\/wp\/v2\/users\/1"}],"replies":[{"embeddable":true,"href":"http:\/\/www.mmpwebtv.eu\/index.php\/wp-json\/wp\/v2\/comments?post=858"}],"version-history":[{"count":2,"href":"http:\/\/www.mmpwebtv.eu\/index.php\/wp-json\/wp\/v2\/posts\/858\/revisions"}],"predecessor-version":[{"id":2620,"href":"http:\/\/www.mmpwebtv.eu\/index.php\/wp-json\/wp\/v2\/posts\/858\/revisions\/2620"}],"wp:featuredmedia":[{"embeddable":true,"href":"http:\/\/www.mmpwebtv.eu\/index.php\/wp-json\/wp\/v2\/media\/859"}],"wp:attachment":[{"href":"http:\/\/www.mmpwebtv.eu\/index.php\/wp-json\/wp\/v2\/media?parent=858"}],"wp:term":[{"taxonomy":"category","embeddable":true,"href":"http:\/\/www.mmpwebtv.eu\/index.php\/wp-json\/wp\/v2\/categories?post=858"},{"taxonomy":"post_tag","embeddable":true,"href":"http:\/\/www.mmpwebtv.eu\/index.php\/wp-json\/wp\/v2\/tags?post=858"}],"curies":[{"name":"wp","href":"https:\/\/api.w.org\/{rel}","templated":true}]}}