{"id":876,"date":"2019-02-21T14:53:09","date_gmt":"2019-02-21T13:53:09","guid":{"rendered":"http:\/\/www.mmpwebtv.eu\/?p=876"},"modified":"2019-02-21T14:53:09","modified_gmt":"2019-02-21T13:53:09","slug":"edizione-21-febbraio","status":"publish","type":"post","link":"http:\/\/www.mmpwebtv.eu\/index.php\/2019\/02\/21\/edizione-21-febbraio\/","title":{"rendered":"Edizione 21 febbraio"},"content":{"rendered":"<p>Bentornati!<\/p>\n<p>In questa nuova edizione del TG Campus vedremo:<\/p>\n<p>La Consulta degli Studenti: questa nasce con l&#8217;obiettivo di porsi da tramite tra la popolazione universitaria e i cittadini di Forl\u00ec.<br \/>\nGioved\u00ec 14 febbraio, i giovani membri della Consulta hanno incontrato le istituzioni universitarie e cittadine per presentare i punti del loro programma di lavoro.<\/p>\n<p>Il servizio Informagiovani:<br \/>\nCerchi aiuto per la compilazione del tuo Curriculm Vitae? Stai cercando lavoro ma non sai da dove iniziare? Oppure voresti tanto fare un&#8217;esperienza all&#8217;estero?<br \/>\nIl servizio &#8220;Informagiovani&#8221; del Comune di Forl\u00ec nasce proprio con l&#8217;obiettivo di garantire ai giovani supporto e accesso a tutte le informazioni fondamentali relative a studio, lavoro e tempo libero.<\/p>\n<p>Buona visione!<\/p>\n<p>Il TG Campus torna gioved\u00ec prossimo, quindi&#8230; STAY TUNED!<\/p>\n","protected":false},"excerpt":{"rendered":"<p>Bentornati! In questa nuova edizione del TG Campus vedremo: La Consulta degli Studenti: questa nasce con l&#8217;obiettivo di porsi da tramite tra la popolazione universitaria e i cittadini di Forl\u00ec. Gioved\u00ec 14 febbraio, i giovani membri della Consulta hanno incontrato le istituzioni universitarie e cittadine per presentare i punti del loro programma di lavoro. Il [&hellip;]<\/p>\n","protected":false},"author":1,"featured_media":877,"comment_status":"closed","ping_status":"closed","sticky":false,"template":"","format":"video","meta":[],"categories":[165],"tags":[130,12,72,229,75,590,591,69,62,587,589,599,600,13,9,593,43,596,118,17,119,16,579,592,90,94,276,594,595,601,233,588,597,598,170,168,14,11,120,311,602,15],"yoast_head":"<!-- This site is optimized with the Yoast SEO plugin v17.9 - https:\/\/yoast.com\/wordpress\/plugins\/seo\/ -->\n<title>Edizione 21 febbraio &bull; MMP Web TV<\/title>\n<meta name=\"robots\" content=\"noindex, follow\" \/>\n<meta property=\"og:locale\" content=\"it_IT\" \/>\n<meta property=\"og:type\" content=\"article\" \/>\n<meta property=\"og:title\" content=\"Edizione 21 febbraio &bull; MMP Web TV\" \/>\n<meta property=\"og:description\" content=\"Bentornati! In questa nuova edizione del TG Campus vedremo: La Consulta degli Studenti: questa nasce con l&#8217;obiettivo di porsi da tramite tra la popolazione universitaria e i cittadini di Forl\u00ec. Gioved\u00ec 14 febbraio, i giovani membri della Consulta hanno incontrato le istituzioni universitarie e cittadine per presentare i punti del loro programma di lavoro. Il [&hellip;]\" \/>\n<meta property=\"og:url\" content=\"http:\/\/www.mmpwebtv.eu\/index.php\/2019\/02\/21\/edizione-21-febbraio\/\" \/>\n<meta property=\"og:site_name\" content=\"MMP Web TV\" \/>\n<meta property=\"article:publisher\" content=\"https:\/\/www.facebook.com\/mmpwebtv\/\" \/>\n<meta property=\"article:published_time\" content=\"2019-02-21T13:53:09+00:00\" \/>\n<meta property=\"og:image\" content=\"http:\/\/www.mmpwebtv.eu\/wp-content\/uploads\/2019\/02\/2102.png\" \/>\n\t<meta property=\"og:image:width\" content=\"1223\" \/>\n\t<meta property=\"og:image:height\" content=\"742\" \/>\n\t<meta property=\"og:image:type\" content=\"image\/png\" \/>\n<meta name=\"twitter:card\" content=\"summary_large_image\" \/>\n<meta name=\"twitter:label1\" content=\"Scritto da\" \/>\n\t<meta name=\"twitter:data1\" content=\"admin\" \/>\n\t<meta name=\"twitter:label2\" content=\"Tempo di lettura stimato\" \/>\n\t<meta name=\"twitter:data2\" content=\"1 minuto\" \/>\n<script type=\"application\/ld+json\" class=\"yoast-schema-graph\">{\"@context\":\"https:\/\/schema.org\",\"@graph\":[{\"@type\":\"Organization\",\"@id\":\"https:\/\/www.mmpwebtv.eu\/#organization\",\"name\":\"MMP WebTV\",\"url\":\"https:\/\/www.mmpwebtv.eu\/\",\"sameAs\":[\"https:\/\/www.facebook.com\/mmpwebtv\/\",\"https:\/\/www.instagram.com\/mmpwebtv\/\"],\"logo\":{\"@type\":\"ImageObject\",\"@id\":\"https:\/\/www.mmpwebtv.eu\/#logo\",\"inLanguage\":\"it-IT\",\"url\":\"https:\/\/www.mmpwebtv.eu\/wp-content\/uploads\/2017\/04\/Logo-MMP-WebTv-02.png\",\"contentUrl\":\"https:\/\/www.mmpwebtv.eu\/wp-content\/uploads\/2017\/04\/Logo-MMP-WebTv-02.png\",\"width\":8000,\"height\":4500,\"caption\":\"MMP WebTV\"},\"image\":{\"@id\":\"https:\/\/www.mmpwebtv.eu\/#logo\"}},{\"@type\":\"WebSite\",\"@id\":\"https:\/\/www.mmpwebtv.eu\/#website\",\"url\":\"https:\/\/www.mmpwebtv.eu\/\",\"name\":\"MMP Web TV\",\"description\":\"La Web TV del Campus di Forl\\u00ec\",\"publisher\":{\"@id\":\"https:\/\/www.mmpwebtv.eu\/#organization\"},\"potentialAction\":[{\"@type\":\"SearchAction\",\"target\":{\"@type\":\"EntryPoint\",\"urlTemplate\":\"https:\/\/www.mmpwebtv.eu\/?s={search_term_string}\"},\"query-input\":\"required name=search_term_string\"}],\"inLanguage\":\"it-IT\"},{\"@type\":\"ImageObject\",\"@id\":\"http:\/\/www.mmpwebtv.eu\/index.php\/2019\/02\/21\/edizione-21-febbraio\/#primaryimage\",\"inLanguage\":\"it-IT\",\"url\":\"http:\/\/www.mmpwebtv.eu\/wp-content\/uploads\/2019\/02\/2102.png\",\"contentUrl\":\"http:\/\/www.mmpwebtv.eu\/wp-content\/uploads\/2019\/02\/2102.png\",\"width\":1223,\"height\":742},{\"@type\":\"WebPage\",\"@id\":\"http:\/\/www.mmpwebtv.eu\/index.php\/2019\/02\/21\/edizione-21-febbraio\/#webpage\",\"url\":\"http:\/\/www.mmpwebtv.eu\/index.php\/2019\/02\/21\/edizione-21-febbraio\/\",\"name\":\"Edizione 21 febbraio &bull; MMP Web TV\",\"isPartOf\":{\"@id\":\"https:\/\/www.mmpwebtv.eu\/#website\"},\"primaryImageOfPage\":{\"@id\":\"http:\/\/www.mmpwebtv.eu\/index.php\/2019\/02\/21\/edizione-21-febbraio\/#primaryimage\"},\"datePublished\":\"2019-02-21T13:53:09+00:00\",\"dateModified\":\"2019-02-21T13:53:09+00:00\",\"breadcrumb\":{\"@id\":\"http:\/\/www.mmpwebtv.eu\/index.php\/2019\/02\/21\/edizione-21-febbraio\/#breadcrumb\"},\"inLanguage\":\"it-IT\",\"potentialAction\":[{\"@type\":\"ReadAction\",\"target\":[\"http:\/\/www.mmpwebtv.eu\/index.php\/2019\/02\/21\/edizione-21-febbraio\/\"]}]},{\"@type\":\"BreadcrumbList\",\"@id\":\"http:\/\/www.mmpwebtv.eu\/index.php\/2019\/02\/21\/edizione-21-febbraio\/#breadcrumb\",\"itemListElement\":[{\"@type\":\"ListItem\",\"position\":1,\"name\":\"Home\",\"item\":\"https:\/\/www.mmpwebtv.eu\/\"},{\"@type\":\"ListItem\",\"position\":2,\"name\":\"Edizione 21 febbraio\"}]},{\"@type\":\"Article\",\"@id\":\"http:\/\/www.mmpwebtv.eu\/index.php\/2019\/02\/21\/edizione-21-febbraio\/#article\",\"isPartOf\":{\"@id\":\"http:\/\/www.mmpwebtv.eu\/index.php\/2019\/02\/21\/edizione-21-febbraio\/#webpage\"},\"author\":{\"@id\":\"https:\/\/www.mmpwebtv.eu\/#\/schema\/person\/4848c65626d1588551e847f88cda447a\"},\"headline\":\"Edizione 21 febbraio\",\"datePublished\":\"2019-02-21T13:53:09+00:00\",\"dateModified\":\"2019-02-21T13:53:09+00:00\",\"mainEntityOfPage\":{\"@id\":\"http:\/\/www.mmpwebtv.eu\/index.php\/2019\/02\/21\/edizione-21-febbraio\/#webpage\"},\"wordCount\":123,\"publisher\":{\"@id\":\"https:\/\/www.mmpwebtv.eu\/#organization\"},\"image\":{\"@id\":\"http:\/\/www.mmpwebtv.eu\/index.php\/2019\/02\/21\/edizione-21-febbraio\/#primaryimage\"},\"thumbnailUrl\":\"http:\/\/www.mmpwebtv.eu\/wp-content\/uploads\/2019\/02\/2102.png\",\"keywords\":[\"alma mater studiorum\",\"bologna\",\"campus\",\"campus al servizio\",\"campus di forl\\u00ec\",\"Comune\",\"Comune di Forl\\u00ec\",\"comunicazione\",\"conferenza\",\"Consulta\",\"Consulta degli studenti\",\"Curriculum\",\"CV\",\"forl\\u00ec\",\"format\",\"Informagiovani\",\"intervista\",\"Lavoro\",\"Mass Media e Politica\",\"mmp\",\"MMP webTV\",\"mmpwebtv\",\"Presidente\",\"Rappresentanza studentesca\",\"rettore\",\"romagna\",\"Scienze Politiche\",\"Servizio\",\"Servizio Informagiovani\",\"Sportello Europeo\",\"studenti\",\"Studenti universitari\",\"Studio\",\"Tempo Libero\",\"TgC\",\"TGCampus\",\"unibo\",\"universit\\u00e0\",\"Universit\\u00e0 di Bologna\",\"web tv\",\"Web Tv del Campus di Forl\\u00ec\",\"webtv\"],\"articleSection\":[\"TG Campus\"],\"inLanguage\":\"it-IT\"},{\"@type\":\"Person\",\"@id\":\"https:\/\/www.mmpwebtv.eu\/#\/schema\/person\/4848c65626d1588551e847f88cda447a\",\"name\":\"admin\",\"image\":{\"@type\":\"ImageObject\",\"@id\":\"https:\/\/www.mmpwebtv.eu\/#personlogo\",\"inLanguage\":\"it-IT\",\"url\":\"http:\/\/0.gravatar.com\/avatar\/364ff6b737993d84049599bd8bd08384?s=96&d=mm&r=g\",\"contentUrl\":\"http:\/\/0.gravatar.com\/avatar\/364ff6b737993d84049599bd8bd08384?s=96&d=mm&r=g\",\"caption\":\"admin\"}}]}<\/script>\n<!-- \/ Yoast SEO plugin. -->","yoast_head_json":{"title":"Edizione 21 febbraio &bull; MMP Web TV","robots":{"index":"noindex","follow":"follow"},"og_locale":"it_IT","og_type":"article","og_title":"Edizione 21 febbraio &bull; MMP Web TV","og_description":"Bentornati! In questa nuova edizione del TG Campus vedremo: La Consulta degli Studenti: questa nasce con l&#8217;obiettivo di porsi da tramite tra la popolazione universitaria e i cittadini di Forl\u00ec. Gioved\u00ec 14 febbraio, i giovani membri della Consulta hanno incontrato le istituzioni universitarie e cittadine per presentare i punti del loro programma di lavoro. Il [&hellip;]","og_url":"http:\/\/www.mmpwebtv.eu\/index.php\/2019\/02\/21\/edizione-21-febbraio\/","og_site_name":"MMP Web TV","article_publisher":"https:\/\/www.facebook.com\/mmpwebtv\/","article_published_time":"2019-02-21T13:53:09+00:00","og_image":[{"width":1223,"height":742,"url":"http:\/\/www.mmpwebtv.eu\/wp-content\/uploads\/2019\/02\/2102.png","type":"image\/png"}],"twitter_card":"summary_large_image","twitter_misc":{"Scritto da":"admin","Tempo di lettura stimato":"1 minuto"},"schema":{"@context":"https:\/\/schema.org","@graph":[{"@type":"Organization","@id":"https:\/\/www.mmpwebtv.eu\/#organization","name":"MMP WebTV","url":"https:\/\/www.mmpwebtv.eu\/","sameAs":["https:\/\/www.facebook.com\/mmpwebtv\/","https:\/\/www.instagram.com\/mmpwebtv\/"],"logo":{"@type":"ImageObject","@id":"https:\/\/www.mmpwebtv.eu\/#logo","inLanguage":"it-IT","url":"https:\/\/www.mmpwebtv.eu\/wp-content\/uploads\/2017\/04\/Logo-MMP-WebTv-02.png","contentUrl":"https:\/\/www.mmpwebtv.eu\/wp-content\/uploads\/2017\/04\/Logo-MMP-WebTv-02.png","width":8000,"height":4500,"caption":"MMP WebTV"},"image":{"@id":"https:\/\/www.mmpwebtv.eu\/#logo"}},{"@type":"WebSite","@id":"https:\/\/www.mmpwebtv.eu\/#website","url":"https:\/\/www.mmpwebtv.eu\/","name":"MMP Web TV","description":"La Web TV del Campus di Forl\u00ec","publisher":{"@id":"https:\/\/www.mmpwebtv.eu\/#organization"},"potentialAction":[{"@type":"SearchAction","target":{"@type":"EntryPoint","urlTemplate":"https:\/\/www.mmpwebtv.eu\/?s={search_term_string}"},"query-input":"required name=search_term_string"}],"inLanguage":"it-IT"},{"@type":"ImageObject","@id":"http:\/\/www.mmpwebtv.eu\/index.php\/2019\/02\/21\/edizione-21-febbraio\/#primaryimage","inLanguage":"it-IT","url":"http:\/\/www.mmpwebtv.eu\/wp-content\/uploads\/2019\/02\/2102.png","contentUrl":"http:\/\/www.mmpwebtv.eu\/wp-content\/uploads\/2019\/02\/2102.png","width":1223,"height":742},{"@type":"WebPage","@id":"http:\/\/www.mmpwebtv.eu\/index.php\/2019\/02\/21\/edizione-21-febbraio\/#webpage","url":"http:\/\/www.mmpwebtv.eu\/index.php\/2019\/02\/21\/edizione-21-febbraio\/","name":"Edizione 21 febbraio &bull; MMP Web TV","isPartOf":{"@id":"https:\/\/www.mmpwebtv.eu\/#website"},"primaryImageOfPage":{"@id":"http:\/\/www.mmpwebtv.eu\/index.php\/2019\/02\/21\/edizione-21-febbraio\/#primaryimage"},"datePublished":"2019-02-21T13:53:09+00:00","dateModified":"2019-02-21T13:53:09+00:00","breadcrumb":{"@id":"http:\/\/www.mmpwebtv.eu\/index.php\/2019\/02\/21\/edizione-21-febbraio\/#breadcrumb"},"inLanguage":"it-IT","potentialAction":[{"@type":"ReadAction","target":["http:\/\/www.mmpwebtv.eu\/index.php\/2019\/02\/21\/edizione-21-febbraio\/"]}]},{"@type":"BreadcrumbList","@id":"http:\/\/www.mmpwebtv.eu\/index.php\/2019\/02\/21\/edizione-21-febbraio\/#breadcrumb","itemListElement":[{"@type":"ListItem","position":1,"name":"Home","item":"https:\/\/www.mmpwebtv.eu\/"},{"@type":"ListItem","position":2,"name":"Edizione 21 febbraio"}]},{"@type":"Article","@id":"http:\/\/www.mmpwebtv.eu\/index.php\/2019\/02\/21\/edizione-21-febbraio\/#article","isPartOf":{"@id":"http:\/\/www.mmpwebtv.eu\/index.php\/2019\/02\/21\/edizione-21-febbraio\/#webpage"},"author":{"@id":"https:\/\/www.mmpwebtv.eu\/#\/schema\/person\/4848c65626d1588551e847f88cda447a"},"headline":"Edizione 21 febbraio","datePublished":"2019-02-21T13:53:09+00:00","dateModified":"2019-02-21T13:53:09+00:00","mainEntityOfPage":{"@id":"http:\/\/www.mmpwebtv.eu\/index.php\/2019\/02\/21\/edizione-21-febbraio\/#webpage"},"wordCount":123,"publisher":{"@id":"https:\/\/www.mmpwebtv.eu\/#organization"},"image":{"@id":"http:\/\/www.mmpwebtv.eu\/index.php\/2019\/02\/21\/edizione-21-febbraio\/#primaryimage"},"thumbnailUrl":"http:\/\/www.mmpwebtv.eu\/wp-content\/uploads\/2019\/02\/2102.png","keywords":["alma mater studiorum","bologna","campus","campus al servizio","campus di forl\u00ec","Comune","Comune di Forl\u00ec","comunicazione","conferenza","Consulta","Consulta degli studenti","Curriculum","CV","forl\u00ec","format","Informagiovani","intervista","Lavoro","Mass Media e Politica","mmp","MMP webTV","mmpwebtv","Presidente","Rappresentanza studentesca","rettore","romagna","Scienze Politiche","Servizio","Servizio Informagiovani","Sportello Europeo","studenti","Studenti universitari","Studio","Tempo Libero","TgC","TGCampus","unibo","universit\u00e0","Universit\u00e0 di Bologna","web tv","Web Tv del Campus di Forl\u00ec","webtv"],"articleSection":["TG Campus"],"inLanguage":"it-IT"},{"@type":"Person","@id":"https:\/\/www.mmpwebtv.eu\/#\/schema\/person\/4848c65626d1588551e847f88cda447a","name":"admin","image":{"@type":"ImageObject","@id":"https:\/\/www.mmpwebtv.eu\/#personlogo","inLanguage":"it-IT","url":"http:\/\/0.gravatar.com\/avatar\/364ff6b737993d84049599bd8bd08384?s=96&d=mm&r=g","contentUrl":"http:\/\/0.gravatar.com\/avatar\/364ff6b737993d84049599bd8bd08384?s=96&d=mm&r=g","caption":"admin"}}]}},"_links":{"self":[{"href":"http:\/\/www.mmpwebtv.eu\/index.php\/wp-json\/wp\/v2\/posts\/876"}],"collection":[{"href":"http:\/\/www.mmpwebtv.eu\/index.php\/wp-json\/wp\/v2\/posts"}],"about":[{"href":"http:\/\/www.mmpwebtv.eu\/index.php\/wp-json\/wp\/v2\/types\/post"}],"author":[{"embeddable":true,"href":"http:\/\/www.mmpwebtv.eu\/index.php\/wp-json\/wp\/v2\/users\/1"}],"replies":[{"embeddable":true,"href":"http:\/\/www.mmpwebtv.eu\/index.php\/wp-json\/wp\/v2\/comments?post=876"}],"version-history":[{"count":1,"href":"http:\/\/www.mmpwebtv.eu\/index.php\/wp-json\/wp\/v2\/posts\/876\/revisions"}],"predecessor-version":[{"id":878,"href":"http:\/\/www.mmpwebtv.eu\/index.php\/wp-json\/wp\/v2\/posts\/876\/revisions\/878"}],"wp:featuredmedia":[{"embeddable":true,"href":"http:\/\/www.mmpwebtv.eu\/index.php\/wp-json\/wp\/v2\/media\/877"}],"wp:attachment":[{"href":"http:\/\/www.mmpwebtv.eu\/index.php\/wp-json\/wp\/v2\/media?parent=876"}],"wp:term":[{"taxonomy":"category","embeddable":true,"href":"http:\/\/www.mmpwebtv.eu\/index.php\/wp-json\/wp\/v2\/categories?post=876"},{"taxonomy":"post_tag","embeddable":true,"href":"http:\/\/www.mmpwebtv.eu\/index.php\/wp-json\/wp\/v2\/tags?post=876"}],"curies":[{"name":"wp","href":"https:\/\/api.w.org\/{rel}","templated":true}]}}