{"id":890,"date":"2019-03-07T18:12:12","date_gmt":"2019-03-07T17:12:12","guid":{"rendered":"http:\/\/www.mmpwebtv.eu\/?p=890"},"modified":"2019-03-14T21:12:37","modified_gmt":"2019-03-14T20:12:37","slug":"edizione-7-marzo","status":"publish","type":"post","link":"http:\/\/www.mmpwebtv.eu\/index.php\/2019\/03\/07\/edizione-7-marzo\/","title":{"rendered":"Edizione 7 marzo"},"content":{"rendered":"<p>Bentornati al TG Campus!<\/p>\n<p>in questa prima edizione di marzo vi parliamo di:<\/p>\n<p>Sergio Brasini, il Presidente del Campus universitario di Rimini. Con lui parleremo delle specificit\u00e0 del centro di studi riminese, degli obiettivo che si stanno raggiungendo in questi anni del suo mandato e non solo!<\/p>\n<p>La Dottoranda di ricerca <span class=\"_5afx\"><span class=\"_58cl _5afz\" aria-label=\"hashtag\">#<\/span><\/span><span class=\"_5afx\"><span class=\"_58cm\">Unibo<\/span><\/span> Lucia Mascotelli ha vinto la borsa di studio &#8220;Amelia Earhart&#8221; 2018 ed \u00e8 stata premiata luned\u00ec 4 marzo nella Scuola di Ingegneria dell&#8217;Universit\u00e0 di Bologna &#8211; Campus di Forl\u00ec in occasione dell&#8217;incontro conoscitivo sull&#8217;Organizzazione Zonta international.<\/p>\n<p>Buona visione!<\/p>\n","protected":false},"excerpt":{"rendered":"<p>Bentornati al TG Campus! in questa prima edizione di marzo vi parliamo di: Sergio Brasini, il Presidente del Campus universitario di Rimini. Con lui parleremo delle specificit\u00e0 del centro di studi riminese, degli obiettivo che si stanno raggiungendo in questi anni del suo mandato e non solo! La Dottoranda di ricerca #Unibo Lucia Mascotelli ha [&hellip;]<\/p>\n","protected":false},"author":1,"featured_media":891,"comment_status":"closed","ping_status":"closed","sticky":false,"template":"","format":"video","meta":[],"categories":[165],"tags":[130,12,620,72,229,75,623,69,62,289,13,9,43,118,17,119,16,579,580,382,94,276,621,622,170,168,14,11,120,311,15,619,618],"yoast_head":"<!-- This site is optimized with the Yoast SEO plugin v17.9 - https:\/\/yoast.com\/wordpress\/plugins\/seo\/ -->\n<title>Edizione 7 marzo &bull; MMP Web TV<\/title>\n<meta name=\"robots\" content=\"noindex, follow\" \/>\n<meta property=\"og:locale\" content=\"it_IT\" \/>\n<meta property=\"og:type\" content=\"article\" \/>\n<meta property=\"og:title\" content=\"Edizione 7 marzo &bull; MMP Web TV\" \/>\n<meta property=\"og:description\" content=\"Bentornati al TG Campus! in questa prima edizione di marzo vi parliamo di: Sergio Brasini, il Presidente del Campus universitario di Rimini. Con lui parleremo delle specificit\u00e0 del centro di studi riminese, degli obiettivo che si stanno raggiungendo in questi anni del suo mandato e non solo! La Dottoranda di ricerca #Unibo Lucia Mascotelli ha [&hellip;]\" \/>\n<meta property=\"og:url\" content=\"http:\/\/www.mmpwebtv.eu\/index.php\/2019\/03\/07\/edizione-7-marzo\/\" \/>\n<meta property=\"og:site_name\" content=\"MMP Web TV\" \/>\n<meta property=\"article:publisher\" content=\"https:\/\/www.facebook.com\/mmpwebtv\/\" \/>\n<meta property=\"article:published_time\" content=\"2019-03-07T17:12:12+00:00\" \/>\n<meta property=\"article:modified_time\" content=\"2019-03-14T20:12:37+00:00\" \/>\n<meta property=\"og:image\" content=\"http:\/\/www.mmpwebtv.eu\/wp-content\/uploads\/2019\/03\/0703.png\" \/>\n\t<meta property=\"og:image:width\" content=\"1223\" \/>\n\t<meta property=\"og:image:height\" content=\"742\" \/>\n\t<meta property=\"og:image:type\" content=\"image\/png\" \/>\n<meta name=\"twitter:card\" content=\"summary_large_image\" \/>\n<meta name=\"twitter:label1\" content=\"Scritto da\" \/>\n\t<meta name=\"twitter:data1\" content=\"admin\" \/>\n<script type=\"application\/ld+json\" class=\"yoast-schema-graph\">{\"@context\":\"https:\/\/schema.org\",\"@graph\":[{\"@type\":\"Organization\",\"@id\":\"https:\/\/www.mmpwebtv.eu\/#organization\",\"name\":\"MMP WebTV\",\"url\":\"https:\/\/www.mmpwebtv.eu\/\",\"sameAs\":[\"https:\/\/www.facebook.com\/mmpwebtv\/\",\"https:\/\/www.instagram.com\/mmpwebtv\/\"],\"logo\":{\"@type\":\"ImageObject\",\"@id\":\"https:\/\/www.mmpwebtv.eu\/#logo\",\"inLanguage\":\"it-IT\",\"url\":\"https:\/\/www.mmpwebtv.eu\/wp-content\/uploads\/2017\/04\/Logo-MMP-WebTv-02.png\",\"contentUrl\":\"https:\/\/www.mmpwebtv.eu\/wp-content\/uploads\/2017\/04\/Logo-MMP-WebTv-02.png\",\"width\":8000,\"height\":4500,\"caption\":\"MMP WebTV\"},\"image\":{\"@id\":\"https:\/\/www.mmpwebtv.eu\/#logo\"}},{\"@type\":\"WebSite\",\"@id\":\"https:\/\/www.mmpwebtv.eu\/#website\",\"url\":\"https:\/\/www.mmpwebtv.eu\/\",\"name\":\"MMP Web TV\",\"description\":\"La Web TV del Campus di Forl\\u00ec\",\"publisher\":{\"@id\":\"https:\/\/www.mmpwebtv.eu\/#organization\"},\"potentialAction\":[{\"@type\":\"SearchAction\",\"target\":{\"@type\":\"EntryPoint\",\"urlTemplate\":\"https:\/\/www.mmpwebtv.eu\/?s={search_term_string}\"},\"query-input\":\"required name=search_term_string\"}],\"inLanguage\":\"it-IT\"},{\"@type\":\"ImageObject\",\"@id\":\"http:\/\/www.mmpwebtv.eu\/index.php\/2019\/03\/07\/edizione-7-marzo\/#primaryimage\",\"inLanguage\":\"it-IT\",\"url\":\"http:\/\/www.mmpwebtv.eu\/wp-content\/uploads\/2019\/03\/0703.png\",\"contentUrl\":\"http:\/\/www.mmpwebtv.eu\/wp-content\/uploads\/2019\/03\/0703.png\",\"width\":1223,\"height\":742},{\"@type\":\"WebPage\",\"@id\":\"http:\/\/www.mmpwebtv.eu\/index.php\/2019\/03\/07\/edizione-7-marzo\/#webpage\",\"url\":\"http:\/\/www.mmpwebtv.eu\/index.php\/2019\/03\/07\/edizione-7-marzo\/\",\"name\":\"Edizione 7 marzo &bull; MMP Web TV\",\"isPartOf\":{\"@id\":\"https:\/\/www.mmpwebtv.eu\/#website\"},\"primaryImageOfPage\":{\"@id\":\"http:\/\/www.mmpwebtv.eu\/index.php\/2019\/03\/07\/edizione-7-marzo\/#primaryimage\"},\"datePublished\":\"2019-03-07T17:12:12+00:00\",\"dateModified\":\"2019-03-14T20:12:37+00:00\",\"breadcrumb\":{\"@id\":\"http:\/\/www.mmpwebtv.eu\/index.php\/2019\/03\/07\/edizione-7-marzo\/#breadcrumb\"},\"inLanguage\":\"it-IT\",\"potentialAction\":[{\"@type\":\"ReadAction\",\"target\":[\"http:\/\/www.mmpwebtv.eu\/index.php\/2019\/03\/07\/edizione-7-marzo\/\"]}]},{\"@type\":\"BreadcrumbList\",\"@id\":\"http:\/\/www.mmpwebtv.eu\/index.php\/2019\/03\/07\/edizione-7-marzo\/#breadcrumb\",\"itemListElement\":[{\"@type\":\"ListItem\",\"position\":1,\"name\":\"Home\",\"item\":\"https:\/\/www.mmpwebtv.eu\/\"},{\"@type\":\"ListItem\",\"position\":2,\"name\":\"Edizione 7 marzo\"}]},{\"@type\":\"Article\",\"@id\":\"http:\/\/www.mmpwebtv.eu\/index.php\/2019\/03\/07\/edizione-7-marzo\/#article\",\"isPartOf\":{\"@id\":\"http:\/\/www.mmpwebtv.eu\/index.php\/2019\/03\/07\/edizione-7-marzo\/#webpage\"},\"author\":{\"@id\":\"https:\/\/www.mmpwebtv.eu\/#\/schema\/person\/4848c65626d1588551e847f88cda447a\"},\"headline\":\"Edizione 7 marzo\",\"datePublished\":\"2019-03-07T17:12:12+00:00\",\"dateModified\":\"2019-03-14T20:12:37+00:00\",\"mainEntityOfPage\":{\"@id\":\"http:\/\/www.mmpwebtv.eu\/index.php\/2019\/03\/07\/edizione-7-marzo\/#webpage\"},\"wordCount\":89,\"publisher\":{\"@id\":\"https:\/\/www.mmpwebtv.eu\/#organization\"},\"image\":{\"@id\":\"http:\/\/www.mmpwebtv.eu\/index.php\/2019\/03\/07\/edizione-7-marzo\/#primaryimage\"},\"thumbnailUrl\":\"http:\/\/www.mmpwebtv.eu\/wp-content\/uploads\/2019\/03\/0703.png\",\"keywords\":[\"alma mater studiorum\",\"bologna\",\"Brose di Studio\",\"campus\",\"campus al servizio\",\"campus di forl\\u00ec\",\"Campus di Rimini\",\"comunicazione\",\"conferenza\",\"documentario\",\"forl\\u00ec\",\"format\",\"intervista\",\"Mass Media e Politica\",\"mmp\",\"MMP webTV\",\"mmpwebtv\",\"Presidente\",\"Presidente di Campus\",\"rimini\",\"romagna\",\"Scienze Politiche\",\"Scuola di Ingegneria\",\"Sergio brasini\",\"TgC\",\"TGCampus\",\"unibo\",\"universit\\u00e0\",\"Universit\\u00e0 di Bologna\",\"web tv\",\"webtv\",\"Zonta\",\"Zonta international\"],\"articleSection\":[\"TG Campus\"],\"inLanguage\":\"it-IT\"},{\"@type\":\"Person\",\"@id\":\"https:\/\/www.mmpwebtv.eu\/#\/schema\/person\/4848c65626d1588551e847f88cda447a\",\"name\":\"admin\",\"image\":{\"@type\":\"ImageObject\",\"@id\":\"https:\/\/www.mmpwebtv.eu\/#personlogo\",\"inLanguage\":\"it-IT\",\"url\":\"http:\/\/0.gravatar.com\/avatar\/364ff6b737993d84049599bd8bd08384?s=96&d=mm&r=g\",\"contentUrl\":\"http:\/\/0.gravatar.com\/avatar\/364ff6b737993d84049599bd8bd08384?s=96&d=mm&r=g\",\"caption\":\"admin\"}}]}<\/script>\n<!-- \/ Yoast SEO plugin. -->","yoast_head_json":{"title":"Edizione 7 marzo &bull; MMP Web TV","robots":{"index":"noindex","follow":"follow"},"og_locale":"it_IT","og_type":"article","og_title":"Edizione 7 marzo &bull; MMP Web TV","og_description":"Bentornati al TG Campus! in questa prima edizione di marzo vi parliamo di: Sergio Brasini, il Presidente del Campus universitario di Rimini. Con lui parleremo delle specificit\u00e0 del centro di studi riminese, degli obiettivo che si stanno raggiungendo in questi anni del suo mandato e non solo! La Dottoranda di ricerca #Unibo Lucia Mascotelli ha [&hellip;]","og_url":"http:\/\/www.mmpwebtv.eu\/index.php\/2019\/03\/07\/edizione-7-marzo\/","og_site_name":"MMP Web TV","article_publisher":"https:\/\/www.facebook.com\/mmpwebtv\/","article_published_time":"2019-03-07T17:12:12+00:00","article_modified_time":"2019-03-14T20:12:37+00:00","og_image":[{"width":1223,"height":742,"url":"http:\/\/www.mmpwebtv.eu\/wp-content\/uploads\/2019\/03\/0703.png","type":"image\/png"}],"twitter_card":"summary_large_image","twitter_misc":{"Scritto da":"admin"},"schema":{"@context":"https:\/\/schema.org","@graph":[{"@type":"Organization","@id":"https:\/\/www.mmpwebtv.eu\/#organization","name":"MMP WebTV","url":"https:\/\/www.mmpwebtv.eu\/","sameAs":["https:\/\/www.facebook.com\/mmpwebtv\/","https:\/\/www.instagram.com\/mmpwebtv\/"],"logo":{"@type":"ImageObject","@id":"https:\/\/www.mmpwebtv.eu\/#logo","inLanguage":"it-IT","url":"https:\/\/www.mmpwebtv.eu\/wp-content\/uploads\/2017\/04\/Logo-MMP-WebTv-02.png","contentUrl":"https:\/\/www.mmpwebtv.eu\/wp-content\/uploads\/2017\/04\/Logo-MMP-WebTv-02.png","width":8000,"height":4500,"caption":"MMP WebTV"},"image":{"@id":"https:\/\/www.mmpwebtv.eu\/#logo"}},{"@type":"WebSite","@id":"https:\/\/www.mmpwebtv.eu\/#website","url":"https:\/\/www.mmpwebtv.eu\/","name":"MMP Web TV","description":"La Web TV del Campus di Forl\u00ec","publisher":{"@id":"https:\/\/www.mmpwebtv.eu\/#organization"},"potentialAction":[{"@type":"SearchAction","target":{"@type":"EntryPoint","urlTemplate":"https:\/\/www.mmpwebtv.eu\/?s={search_term_string}"},"query-input":"required name=search_term_string"}],"inLanguage":"it-IT"},{"@type":"ImageObject","@id":"http:\/\/www.mmpwebtv.eu\/index.php\/2019\/03\/07\/edizione-7-marzo\/#primaryimage","inLanguage":"it-IT","url":"http:\/\/www.mmpwebtv.eu\/wp-content\/uploads\/2019\/03\/0703.png","contentUrl":"http:\/\/www.mmpwebtv.eu\/wp-content\/uploads\/2019\/03\/0703.png","width":1223,"height":742},{"@type":"WebPage","@id":"http:\/\/www.mmpwebtv.eu\/index.php\/2019\/03\/07\/edizione-7-marzo\/#webpage","url":"http:\/\/www.mmpwebtv.eu\/index.php\/2019\/03\/07\/edizione-7-marzo\/","name":"Edizione 7 marzo &bull; MMP Web TV","isPartOf":{"@id":"https:\/\/www.mmpwebtv.eu\/#website"},"primaryImageOfPage":{"@id":"http:\/\/www.mmpwebtv.eu\/index.php\/2019\/03\/07\/edizione-7-marzo\/#primaryimage"},"datePublished":"2019-03-07T17:12:12+00:00","dateModified":"2019-03-14T20:12:37+00:00","breadcrumb":{"@id":"http:\/\/www.mmpwebtv.eu\/index.php\/2019\/03\/07\/edizione-7-marzo\/#breadcrumb"},"inLanguage":"it-IT","potentialAction":[{"@type":"ReadAction","target":["http:\/\/www.mmpwebtv.eu\/index.php\/2019\/03\/07\/edizione-7-marzo\/"]}]},{"@type":"BreadcrumbList","@id":"http:\/\/www.mmpwebtv.eu\/index.php\/2019\/03\/07\/edizione-7-marzo\/#breadcrumb","itemListElement":[{"@type":"ListItem","position":1,"name":"Home","item":"https:\/\/www.mmpwebtv.eu\/"},{"@type":"ListItem","position":2,"name":"Edizione 7 marzo"}]},{"@type":"Article","@id":"http:\/\/www.mmpwebtv.eu\/index.php\/2019\/03\/07\/edizione-7-marzo\/#article","isPartOf":{"@id":"http:\/\/www.mmpwebtv.eu\/index.php\/2019\/03\/07\/edizione-7-marzo\/#webpage"},"author":{"@id":"https:\/\/www.mmpwebtv.eu\/#\/schema\/person\/4848c65626d1588551e847f88cda447a"},"headline":"Edizione 7 marzo","datePublished":"2019-03-07T17:12:12+00:00","dateModified":"2019-03-14T20:12:37+00:00","mainEntityOfPage":{"@id":"http:\/\/www.mmpwebtv.eu\/index.php\/2019\/03\/07\/edizione-7-marzo\/#webpage"},"wordCount":89,"publisher":{"@id":"https:\/\/www.mmpwebtv.eu\/#organization"},"image":{"@id":"http:\/\/www.mmpwebtv.eu\/index.php\/2019\/03\/07\/edizione-7-marzo\/#primaryimage"},"thumbnailUrl":"http:\/\/www.mmpwebtv.eu\/wp-content\/uploads\/2019\/03\/0703.png","keywords":["alma mater studiorum","bologna","Brose di Studio","campus","campus al servizio","campus di forl\u00ec","Campus di Rimini","comunicazione","conferenza","documentario","forl\u00ec","format","intervista","Mass Media e Politica","mmp","MMP webTV","mmpwebtv","Presidente","Presidente di Campus","rimini","romagna","Scienze Politiche","Scuola di Ingegneria","Sergio brasini","TgC","TGCampus","unibo","universit\u00e0","Universit\u00e0 di Bologna","web tv","webtv","Zonta","Zonta international"],"articleSection":["TG Campus"],"inLanguage":"it-IT"},{"@type":"Person","@id":"https:\/\/www.mmpwebtv.eu\/#\/schema\/person\/4848c65626d1588551e847f88cda447a","name":"admin","image":{"@type":"ImageObject","@id":"https:\/\/www.mmpwebtv.eu\/#personlogo","inLanguage":"it-IT","url":"http:\/\/0.gravatar.com\/avatar\/364ff6b737993d84049599bd8bd08384?s=96&d=mm&r=g","contentUrl":"http:\/\/0.gravatar.com\/avatar\/364ff6b737993d84049599bd8bd08384?s=96&d=mm&r=g","caption":"admin"}}]}},"_links":{"self":[{"href":"http:\/\/www.mmpwebtv.eu\/index.php\/wp-json\/wp\/v2\/posts\/890"}],"collection":[{"href":"http:\/\/www.mmpwebtv.eu\/index.php\/wp-json\/wp\/v2\/posts"}],"about":[{"href":"http:\/\/www.mmpwebtv.eu\/index.php\/wp-json\/wp\/v2\/types\/post"}],"author":[{"embeddable":true,"href":"http:\/\/www.mmpwebtv.eu\/index.php\/wp-json\/wp\/v2\/users\/1"}],"replies":[{"embeddable":true,"href":"http:\/\/www.mmpwebtv.eu\/index.php\/wp-json\/wp\/v2\/comments?post=890"}],"version-history":[{"count":1,"href":"http:\/\/www.mmpwebtv.eu\/index.php\/wp-json\/wp\/v2\/posts\/890\/revisions"}],"predecessor-version":[{"id":892,"href":"http:\/\/www.mmpwebtv.eu\/index.php\/wp-json\/wp\/v2\/posts\/890\/revisions\/892"}],"wp:featuredmedia":[{"embeddable":true,"href":"http:\/\/www.mmpwebtv.eu\/index.php\/wp-json\/wp\/v2\/media\/891"}],"wp:attachment":[{"href":"http:\/\/www.mmpwebtv.eu\/index.php\/wp-json\/wp\/v2\/media?parent=890"}],"wp:term":[{"taxonomy":"category","embeddable":true,"href":"http:\/\/www.mmpwebtv.eu\/index.php\/wp-json\/wp\/v2\/categories?post=890"},{"taxonomy":"post_tag","embeddable":true,"href":"http:\/\/www.mmpwebtv.eu\/index.php\/wp-json\/wp\/v2\/tags?post=890"}],"curies":[{"name":"wp","href":"https:\/\/api.w.org\/{rel}","templated":true}]}}