{"id":896,"date":"2019-03-14T21:35:39","date_gmt":"2019-03-14T20:35:39","guid":{"rendered":"http:\/\/www.mmpwebtv.eu\/?p=896"},"modified":"2019-03-14T21:35:39","modified_gmt":"2019-03-14T20:35:39","slug":"edizione-14-marzo","status":"publish","type":"post","link":"http:\/\/www.mmpwebtv.eu\/index.php\/2019\/03\/14\/edizione-14-marzo\/","title":{"rendered":"Edizione 14 marzo"},"content":{"rendered":"<p>Bentornati al TG Campus!<\/p>\n<p>in questa nuova edizione :<\/p>\n<p>Dopo Forl\u00ec, Cesena e Rimini, il nostro viaggio si conclude a Ravenna. In questo TG, infatti, abbiamo incontrato Elena Fabbri, la Presidente del Campus di Ravenna.<br \/>\nAnche in questa intervista abbiamo approfondito caratteristiche e obiettivi che contraddistinguono il complesso universitario ravennate e la sua didattica.<\/p>\n<p>A seguire, riviviamo insieme alcuni momenti salienti dell&#8217;incontro tra il Professore Enrico Letta e gli studenti del Campus di Forl\u00ec.<br \/>\nVenerd\u00ec 8 marzo, infatti, il Professore \u00e8 stato ospite al Teaching Hub, in occasione delle celebrazioni dei vent&#8217;anni di attivit\u00e0 del Punto Europa, il centro informativo e di documentazione sull&#8217;Unione Europa.<br \/>\nDurante l&#8217;evento, Enrico Letta ha offerto ai numerosi studenti presenti una serie di spunti sull&#8217;Unione Europea, a partire dal suo nuovo libro, &#8220;Ho imparato&#8221;.<br \/>\nProprio in merito al suo libro, non perdete ci\u00f2 che il Professore ha commentato alle nostre telecamere!<\/p>\n<p>Buona visione!<\/p>\n<p>Il TG Campus torna la prossima settimana &#8230; Non mancate!<\/p>\n<p>&nbsp;<\/p>\n","protected":false},"excerpt":{"rendered":"<p>Bentornati al TG Campus! in questa nuova edizione : Dopo Forl\u00ec, Cesena e Rimini, il nostro viaggio si conclude a Ravenna. In questo TG, infatti, abbiamo incontrato Elena Fabbri, la Presidente del Campus di Ravenna. Anche in questa intervista abbiamo approfondito caratteristiche e obiettivi che contraddistinguono il complesso universitario ravennate e la sua didattica. A [&hellip;]<\/p>\n","protected":false},"author":1,"featured_media":897,"comment_status":"closed","ping_status":"closed","sticky":false,"template":"","format":"video","meta":[],"categories":[165],"tags":[130,12,72,229,75,629,69,62,628,609,258,13,9,610,43,626,10,118,17,119,16,580,630,94,276,170,168,627,14,259,11,120,311,15],"yoast_head":"<!-- This site is optimized with the Yoast SEO plugin v17.9 - https:\/\/yoast.com\/wordpress\/plugins\/seo\/ -->\n<title>Edizione 14 marzo &bull; MMP Web TV<\/title>\n<meta name=\"robots\" content=\"noindex, follow\" \/>\n<meta property=\"og:locale\" content=\"it_IT\" \/>\n<meta property=\"og:type\" content=\"article\" \/>\n<meta property=\"og:title\" content=\"Edizione 14 marzo &bull; MMP Web TV\" \/>\n<meta property=\"og:description\" content=\"Bentornati al TG Campus! in questa nuova edizione : Dopo Forl\u00ec, Cesena e Rimini, il nostro viaggio si conclude a Ravenna. In questo TG, infatti, abbiamo incontrato Elena Fabbri, la Presidente del Campus di Ravenna. Anche in questa intervista abbiamo approfondito caratteristiche e obiettivi che contraddistinguono il complesso universitario ravennate e la sua didattica. A [&hellip;]\" \/>\n<meta property=\"og:url\" content=\"https:\/\/www.mmpwebtv.eu\/index.php\/2019\/03\/14\/edizione-14-marzo\/\" \/>\n<meta property=\"og:site_name\" content=\"MMP Web TV\" \/>\n<meta property=\"article:publisher\" content=\"https:\/\/www.facebook.com\/mmpwebtv\/\" \/>\n<meta property=\"article:published_time\" content=\"2019-03-14T20:35:39+00:00\" \/>\n<meta property=\"og:image\" content=\"https:\/\/www.mmpwebtv.eu\/wp-content\/uploads\/2019\/03\/1403.png\" \/>\n\t<meta property=\"og:image:width\" content=\"1223\" \/>\n\t<meta property=\"og:image:height\" content=\"742\" \/>\n\t<meta property=\"og:image:type\" content=\"image\/png\" \/>\n<meta name=\"twitter:card\" content=\"summary_large_image\" \/>\n<meta name=\"twitter:label1\" content=\"Scritto da\" \/>\n\t<meta name=\"twitter:data1\" content=\"admin\" \/>\n\t<meta name=\"twitter:label2\" content=\"Tempo di lettura stimato\" \/>\n\t<meta name=\"twitter:data2\" content=\"1 minuto\" \/>\n<script type=\"application\/ld+json\" class=\"yoast-schema-graph\">{\"@context\":\"https:\/\/schema.org\",\"@graph\":[{\"@type\":\"Organization\",\"@id\":\"https:\/\/www.mmpwebtv.eu\/#organization\",\"name\":\"MMP WebTV\",\"url\":\"https:\/\/www.mmpwebtv.eu\/\",\"sameAs\":[\"https:\/\/www.facebook.com\/mmpwebtv\/\",\"https:\/\/www.instagram.com\/mmpwebtv\/\"],\"logo\":{\"@type\":\"ImageObject\",\"@id\":\"https:\/\/www.mmpwebtv.eu\/#logo\",\"inLanguage\":\"it-IT\",\"url\":\"https:\/\/www.mmpwebtv.eu\/wp-content\/uploads\/2017\/04\/Logo-MMP-WebTv-02.png\",\"contentUrl\":\"https:\/\/www.mmpwebtv.eu\/wp-content\/uploads\/2017\/04\/Logo-MMP-WebTv-02.png\",\"width\":8000,\"height\":4500,\"caption\":\"MMP WebTV\"},\"image\":{\"@id\":\"https:\/\/www.mmpwebtv.eu\/#logo\"}},{\"@type\":\"WebSite\",\"@id\":\"https:\/\/www.mmpwebtv.eu\/#website\",\"url\":\"https:\/\/www.mmpwebtv.eu\/\",\"name\":\"MMP Web TV\",\"description\":\"La Web TV del Campus di Forl\\u00ec\",\"publisher\":{\"@id\":\"https:\/\/www.mmpwebtv.eu\/#organization\"},\"potentialAction\":[{\"@type\":\"SearchAction\",\"target\":{\"@type\":\"EntryPoint\",\"urlTemplate\":\"https:\/\/www.mmpwebtv.eu\/?s={search_term_string}\"},\"query-input\":\"required name=search_term_string\"}],\"inLanguage\":\"it-IT\"},{\"@type\":\"ImageObject\",\"@id\":\"https:\/\/www.mmpwebtv.eu\/index.php\/2019\/03\/14\/edizione-14-marzo\/#primaryimage\",\"inLanguage\":\"it-IT\",\"url\":\"http:\/\/www.mmpwebtv.eu\/wp-content\/uploads\/2019\/03\/1403.png\",\"contentUrl\":\"http:\/\/www.mmpwebtv.eu\/wp-content\/uploads\/2019\/03\/1403.png\",\"width\":1223,\"height\":742},{\"@type\":\"WebPage\",\"@id\":\"https:\/\/www.mmpwebtv.eu\/index.php\/2019\/03\/14\/edizione-14-marzo\/#webpage\",\"url\":\"https:\/\/www.mmpwebtv.eu\/index.php\/2019\/03\/14\/edizione-14-marzo\/\",\"name\":\"Edizione 14 marzo &bull; MMP Web TV\",\"isPartOf\":{\"@id\":\"https:\/\/www.mmpwebtv.eu\/#website\"},\"primaryImageOfPage\":{\"@id\":\"https:\/\/www.mmpwebtv.eu\/index.php\/2019\/03\/14\/edizione-14-marzo\/#primaryimage\"},\"datePublished\":\"2019-03-14T20:35:39+00:00\",\"dateModified\":\"2019-03-14T20:35:39+00:00\",\"breadcrumb\":{\"@id\":\"https:\/\/www.mmpwebtv.eu\/index.php\/2019\/03\/14\/edizione-14-marzo\/#breadcrumb\"},\"inLanguage\":\"it-IT\",\"potentialAction\":[{\"@type\":\"ReadAction\",\"target\":[\"https:\/\/www.mmpwebtv.eu\/index.php\/2019\/03\/14\/edizione-14-marzo\/\"]}]},{\"@type\":\"BreadcrumbList\",\"@id\":\"https:\/\/www.mmpwebtv.eu\/index.php\/2019\/03\/14\/edizione-14-marzo\/#breadcrumb\",\"itemListElement\":[{\"@type\":\"ListItem\",\"position\":1,\"name\":\"Home\",\"item\":\"https:\/\/www.mmpwebtv.eu\/\"},{\"@type\":\"ListItem\",\"position\":2,\"name\":\"Edizione 14 marzo\"}]},{\"@type\":\"Article\",\"@id\":\"https:\/\/www.mmpwebtv.eu\/index.php\/2019\/03\/14\/edizione-14-marzo\/#article\",\"isPartOf\":{\"@id\":\"https:\/\/www.mmpwebtv.eu\/index.php\/2019\/03\/14\/edizione-14-marzo\/#webpage\"},\"author\":{\"@id\":\"https:\/\/www.mmpwebtv.eu\/#\/schema\/person\/4848c65626d1588551e847f88cda447a\"},\"headline\":\"Edizione 14 marzo\",\"datePublished\":\"2019-03-14T20:35:39+00:00\",\"dateModified\":\"2019-03-14T20:35:39+00:00\",\"mainEntityOfPage\":{\"@id\":\"https:\/\/www.mmpwebtv.eu\/index.php\/2019\/03\/14\/edizione-14-marzo\/#webpage\"},\"wordCount\":157,\"publisher\":{\"@id\":\"https:\/\/www.mmpwebtv.eu\/#organization\"},\"image\":{\"@id\":\"https:\/\/www.mmpwebtv.eu\/index.php\/2019\/03\/14\/edizione-14-marzo\/#primaryimage\"},\"thumbnailUrl\":\"http:\/\/www.mmpwebtv.eu\/wp-content\/uploads\/2019\/03\/1403.png\",\"keywords\":[\"alma mater studiorum\",\"bologna\",\"campus\",\"campus al servizio\",\"campus di forl\\u00ec\",\"Campus di Ravenna\",\"comunicazione\",\"conferenza\",\"Elena Fabbri\",\"Enrico Letta\",\"europa\",\"forl\\u00ec\",\"format\",\"Ho imparato\",\"intervista\",\"Le prime 5 volte dell'Unione Europea\",\"leadership\",\"Mass Media e Politica\",\"mmp\",\"MMP webTV\",\"mmpwebtv\",\"Presidente di Campus\",\"Ravenna\",\"romagna\",\"Scienze Politiche\",\"TgC\",\"TGCampus\",\"UE\",\"unibo\",\"unione europea\",\"universit\\u00e0\",\"Universit\\u00e0 di Bologna\",\"web tv\",\"webtv\"],\"articleSection\":[\"TG Campus\"],\"inLanguage\":\"it-IT\"},{\"@type\":\"Person\",\"@id\":\"https:\/\/www.mmpwebtv.eu\/#\/schema\/person\/4848c65626d1588551e847f88cda447a\",\"name\":\"admin\",\"image\":{\"@type\":\"ImageObject\",\"@id\":\"https:\/\/www.mmpwebtv.eu\/#personlogo\",\"inLanguage\":\"it-IT\",\"url\":\"http:\/\/0.gravatar.com\/avatar\/364ff6b737993d84049599bd8bd08384?s=96&d=mm&r=g\",\"contentUrl\":\"http:\/\/0.gravatar.com\/avatar\/364ff6b737993d84049599bd8bd08384?s=96&d=mm&r=g\",\"caption\":\"admin\"}}]}<\/script>\n<!-- \/ Yoast SEO plugin. -->","yoast_head_json":{"title":"Edizione 14 marzo &bull; MMP Web TV","robots":{"index":"noindex","follow":"follow"},"og_locale":"it_IT","og_type":"article","og_title":"Edizione 14 marzo &bull; MMP Web TV","og_description":"Bentornati al TG Campus! in questa nuova edizione : Dopo Forl\u00ec, Cesena e Rimini, il nostro viaggio si conclude a Ravenna. In questo TG, infatti, abbiamo incontrato Elena Fabbri, la Presidente del Campus di Ravenna. Anche in questa intervista abbiamo approfondito caratteristiche e obiettivi che contraddistinguono il complesso universitario ravennate e la sua didattica. A [&hellip;]","og_url":"https:\/\/www.mmpwebtv.eu\/index.php\/2019\/03\/14\/edizione-14-marzo\/","og_site_name":"MMP Web TV","article_publisher":"https:\/\/www.facebook.com\/mmpwebtv\/","article_published_time":"2019-03-14T20:35:39+00:00","og_image":[{"width":1223,"height":742,"url":"https:\/\/www.mmpwebtv.eu\/wp-content\/uploads\/2019\/03\/1403.png","type":"image\/png"}],"twitter_card":"summary_large_image","twitter_misc":{"Scritto da":"admin","Tempo di lettura stimato":"1 minuto"},"schema":{"@context":"https:\/\/schema.org","@graph":[{"@type":"Organization","@id":"https:\/\/www.mmpwebtv.eu\/#organization","name":"MMP WebTV","url":"https:\/\/www.mmpwebtv.eu\/","sameAs":["https:\/\/www.facebook.com\/mmpwebtv\/","https:\/\/www.instagram.com\/mmpwebtv\/"],"logo":{"@type":"ImageObject","@id":"https:\/\/www.mmpwebtv.eu\/#logo","inLanguage":"it-IT","url":"https:\/\/www.mmpwebtv.eu\/wp-content\/uploads\/2017\/04\/Logo-MMP-WebTv-02.png","contentUrl":"https:\/\/www.mmpwebtv.eu\/wp-content\/uploads\/2017\/04\/Logo-MMP-WebTv-02.png","width":8000,"height":4500,"caption":"MMP WebTV"},"image":{"@id":"https:\/\/www.mmpwebtv.eu\/#logo"}},{"@type":"WebSite","@id":"https:\/\/www.mmpwebtv.eu\/#website","url":"https:\/\/www.mmpwebtv.eu\/","name":"MMP Web TV","description":"La Web TV del Campus di Forl\u00ec","publisher":{"@id":"https:\/\/www.mmpwebtv.eu\/#organization"},"potentialAction":[{"@type":"SearchAction","target":{"@type":"EntryPoint","urlTemplate":"https:\/\/www.mmpwebtv.eu\/?s={search_term_string}"},"query-input":"required name=search_term_string"}],"inLanguage":"it-IT"},{"@type":"ImageObject","@id":"https:\/\/www.mmpwebtv.eu\/index.php\/2019\/03\/14\/edizione-14-marzo\/#primaryimage","inLanguage":"it-IT","url":"http:\/\/www.mmpwebtv.eu\/wp-content\/uploads\/2019\/03\/1403.png","contentUrl":"http:\/\/www.mmpwebtv.eu\/wp-content\/uploads\/2019\/03\/1403.png","width":1223,"height":742},{"@type":"WebPage","@id":"https:\/\/www.mmpwebtv.eu\/index.php\/2019\/03\/14\/edizione-14-marzo\/#webpage","url":"https:\/\/www.mmpwebtv.eu\/index.php\/2019\/03\/14\/edizione-14-marzo\/","name":"Edizione 14 marzo &bull; MMP Web TV","isPartOf":{"@id":"https:\/\/www.mmpwebtv.eu\/#website"},"primaryImageOfPage":{"@id":"https:\/\/www.mmpwebtv.eu\/index.php\/2019\/03\/14\/edizione-14-marzo\/#primaryimage"},"datePublished":"2019-03-14T20:35:39+00:00","dateModified":"2019-03-14T20:35:39+00:00","breadcrumb":{"@id":"https:\/\/www.mmpwebtv.eu\/index.php\/2019\/03\/14\/edizione-14-marzo\/#breadcrumb"},"inLanguage":"it-IT","potentialAction":[{"@type":"ReadAction","target":["https:\/\/www.mmpwebtv.eu\/index.php\/2019\/03\/14\/edizione-14-marzo\/"]}]},{"@type":"BreadcrumbList","@id":"https:\/\/www.mmpwebtv.eu\/index.php\/2019\/03\/14\/edizione-14-marzo\/#breadcrumb","itemListElement":[{"@type":"ListItem","position":1,"name":"Home","item":"https:\/\/www.mmpwebtv.eu\/"},{"@type":"ListItem","position":2,"name":"Edizione 14 marzo"}]},{"@type":"Article","@id":"https:\/\/www.mmpwebtv.eu\/index.php\/2019\/03\/14\/edizione-14-marzo\/#article","isPartOf":{"@id":"https:\/\/www.mmpwebtv.eu\/index.php\/2019\/03\/14\/edizione-14-marzo\/#webpage"},"author":{"@id":"https:\/\/www.mmpwebtv.eu\/#\/schema\/person\/4848c65626d1588551e847f88cda447a"},"headline":"Edizione 14 marzo","datePublished":"2019-03-14T20:35:39+00:00","dateModified":"2019-03-14T20:35:39+00:00","mainEntityOfPage":{"@id":"https:\/\/www.mmpwebtv.eu\/index.php\/2019\/03\/14\/edizione-14-marzo\/#webpage"},"wordCount":157,"publisher":{"@id":"https:\/\/www.mmpwebtv.eu\/#organization"},"image":{"@id":"https:\/\/www.mmpwebtv.eu\/index.php\/2019\/03\/14\/edizione-14-marzo\/#primaryimage"},"thumbnailUrl":"http:\/\/www.mmpwebtv.eu\/wp-content\/uploads\/2019\/03\/1403.png","keywords":["alma mater studiorum","bologna","campus","campus al servizio","campus di forl\u00ec","Campus di Ravenna","comunicazione","conferenza","Elena Fabbri","Enrico Letta","europa","forl\u00ec","format","Ho imparato","intervista","Le prime 5 volte dell'Unione Europea","leadership","Mass Media e Politica","mmp","MMP webTV","mmpwebtv","Presidente di Campus","Ravenna","romagna","Scienze Politiche","TgC","TGCampus","UE","unibo","unione europea","universit\u00e0","Universit\u00e0 di Bologna","web tv","webtv"],"articleSection":["TG Campus"],"inLanguage":"it-IT"},{"@type":"Person","@id":"https:\/\/www.mmpwebtv.eu\/#\/schema\/person\/4848c65626d1588551e847f88cda447a","name":"admin","image":{"@type":"ImageObject","@id":"https:\/\/www.mmpwebtv.eu\/#personlogo","inLanguage":"it-IT","url":"http:\/\/0.gravatar.com\/avatar\/364ff6b737993d84049599bd8bd08384?s=96&d=mm&r=g","contentUrl":"http:\/\/0.gravatar.com\/avatar\/364ff6b737993d84049599bd8bd08384?s=96&d=mm&r=g","caption":"admin"}}]}},"_links":{"self":[{"href":"http:\/\/www.mmpwebtv.eu\/index.php\/wp-json\/wp\/v2\/posts\/896"}],"collection":[{"href":"http:\/\/www.mmpwebtv.eu\/index.php\/wp-json\/wp\/v2\/posts"}],"about":[{"href":"http:\/\/www.mmpwebtv.eu\/index.php\/wp-json\/wp\/v2\/types\/post"}],"author":[{"embeddable":true,"href":"http:\/\/www.mmpwebtv.eu\/index.php\/wp-json\/wp\/v2\/users\/1"}],"replies":[{"embeddable":true,"href":"http:\/\/www.mmpwebtv.eu\/index.php\/wp-json\/wp\/v2\/comments?post=896"}],"version-history":[{"count":1,"href":"http:\/\/www.mmpwebtv.eu\/index.php\/wp-json\/wp\/v2\/posts\/896\/revisions"}],"predecessor-version":[{"id":898,"href":"http:\/\/www.mmpwebtv.eu\/index.php\/wp-json\/wp\/v2\/posts\/896\/revisions\/898"}],"wp:featuredmedia":[{"embeddable":true,"href":"http:\/\/www.mmpwebtv.eu\/index.php\/wp-json\/wp\/v2\/media\/897"}],"wp:attachment":[{"href":"http:\/\/www.mmpwebtv.eu\/index.php\/wp-json\/wp\/v2\/media?parent=896"}],"wp:term":[{"taxonomy":"category","embeddable":true,"href":"http:\/\/www.mmpwebtv.eu\/index.php\/wp-json\/wp\/v2\/categories?post=896"},{"taxonomy":"post_tag","embeddable":true,"href":"http:\/\/www.mmpwebtv.eu\/index.php\/wp-json\/wp\/v2\/tags?post=896"}],"curies":[{"name":"wp","href":"https:\/\/api.w.org\/{rel}","templated":true}]}}