{"id":936,"date":"2019-04-26T19:00:37","date_gmt":"2019-04-26T17:00:37","guid":{"rendered":"http:\/\/www.mmpwebtv.eu\/?p=936"},"modified":"2019-04-29T17:37:20","modified_gmt":"2019-04-29T15:37:20","slug":"caffe-col-prof-francesco-raschi","status":"publish","type":"post","link":"http:\/\/www.mmpwebtv.eu\/index.php\/2019\/04\/26\/caffe-col-prof-francesco-raschi\/","title":{"rendered":"Caff\u00e8 col Prof &#8211; Francesco Raschi"},"content":{"rendered":"<p>Mettete un professore e uno studente alle macchinette del caff\u00e8, aggiungete un po&#8217; di zucchero e mescolate per bene.<br \/>\nEcco a voi il Caff\u00e8 col Prof, un altro nuovo format targato MMP WEBTV!<\/p>\n<p>Appuntamento a venerd\u00ec prossimo con un altro Prof, sempre alle macchinette.<\/p>\n","protected":false},"excerpt":{"rendered":"<p>Mettete un professore e uno studente alle macchinette del caff\u00e8, aggiungete un po&#8217; di zucchero e mescolate per bene. Ecco a voi il Caff\u00e8 col Prof, un altro nuovo format targato MMP WEBTV! Appuntamento a venerd\u00ec prossimo con un altro Prof, sempre alle macchinette.<\/p>\n","protected":false},"author":1,"featured_media":937,"comment_status":"closed","ping_status":"closed","sticky":false,"template":"","format":"video","meta":[],"categories":[719],"tags":[130,12,721,720,72,75,722,723,69,13,9,724,43,118,547,276,233,168,14,120,311,15],"yoast_head":"<!-- This site is optimized with the Yoast SEO plugin v17.9 - https:\/\/yoast.com\/wordpress\/plugins\/seo\/ -->\n<title>Caff\u00e8 col Prof - Francesco Raschi &bull; MMP Web TV<\/title>\n<meta name=\"robots\" content=\"noindex, follow\" \/>\n<meta property=\"og:locale\" content=\"it_IT\" \/>\n<meta property=\"og:type\" content=\"article\" \/>\n<meta property=\"og:title\" content=\"Caff\u00e8 col Prof - Francesco Raschi &bull; MMP Web TV\" \/>\n<meta property=\"og:description\" content=\"Mettete un professore e uno studente alle macchinette del caff\u00e8, aggiungete un po&#8217; di zucchero e mescolate per bene. Ecco a voi il Caff\u00e8 col Prof, un altro nuovo format targato MMP WEBTV! Appuntamento a venerd\u00ec prossimo con un altro Prof, sempre alle macchinette.\" \/>\n<meta property=\"og:url\" content=\"http:\/\/www.mmpwebtv.eu\/index.php\/2019\/04\/26\/caffe-col-prof-francesco-raschi\/\" \/>\n<meta property=\"og:site_name\" content=\"MMP Web TV\" \/>\n<meta property=\"article:publisher\" content=\"https:\/\/www.facebook.com\/mmpwebtv\/\" \/>\n<meta property=\"article:published_time\" content=\"2019-04-26T17:00:37+00:00\" \/>\n<meta property=\"article:modified_time\" content=\"2019-04-29T15:37:20+00:00\" \/>\n<meta property=\"og:image\" content=\"http:\/\/www.mmpwebtv.eu\/wp-content\/uploads\/2019\/04\/2905.png\" \/>\n\t<meta property=\"og:image:width\" content=\"1223\" \/>\n\t<meta property=\"og:image:height\" content=\"742\" \/>\n\t<meta property=\"og:image:type\" content=\"image\/png\" \/>\n<meta name=\"twitter:card\" content=\"summary_large_image\" \/>\n<meta name=\"twitter:label1\" content=\"Scritto da\" \/>\n\t<meta name=\"twitter:data1\" content=\"admin\" \/>\n<script type=\"application\/ld+json\" class=\"yoast-schema-graph\">{\"@context\":\"https:\/\/schema.org\",\"@graph\":[{\"@type\":\"Organization\",\"@id\":\"https:\/\/www.mmpwebtv.eu\/#organization\",\"name\":\"MMP WebTV\",\"url\":\"https:\/\/www.mmpwebtv.eu\/\",\"sameAs\":[\"https:\/\/www.facebook.com\/mmpwebtv\/\",\"https:\/\/www.instagram.com\/mmpwebtv\/\"],\"logo\":{\"@type\":\"ImageObject\",\"@id\":\"https:\/\/www.mmpwebtv.eu\/#logo\",\"inLanguage\":\"it-IT\",\"url\":\"https:\/\/www.mmpwebtv.eu\/wp-content\/uploads\/2017\/04\/Logo-MMP-WebTv-02.png\",\"contentUrl\":\"https:\/\/www.mmpwebtv.eu\/wp-content\/uploads\/2017\/04\/Logo-MMP-WebTv-02.png\",\"width\":8000,\"height\":4500,\"caption\":\"MMP WebTV\"},\"image\":{\"@id\":\"https:\/\/www.mmpwebtv.eu\/#logo\"}},{\"@type\":\"WebSite\",\"@id\":\"https:\/\/www.mmpwebtv.eu\/#website\",\"url\":\"https:\/\/www.mmpwebtv.eu\/\",\"name\":\"MMP Web TV\",\"description\":\"La Web TV del Campus di Forl\\u00ec\",\"publisher\":{\"@id\":\"https:\/\/www.mmpwebtv.eu\/#organization\"},\"potentialAction\":[{\"@type\":\"SearchAction\",\"target\":{\"@type\":\"EntryPoint\",\"urlTemplate\":\"https:\/\/www.mmpwebtv.eu\/?s={search_term_string}\"},\"query-input\":\"required name=search_term_string\"}],\"inLanguage\":\"it-IT\"},{\"@type\":\"ImageObject\",\"@id\":\"http:\/\/www.mmpwebtv.eu\/index.php\/2019\/04\/26\/caffe-col-prof-francesco-raschi\/#primaryimage\",\"inLanguage\":\"it-IT\",\"url\":\"http:\/\/www.mmpwebtv.eu\/wp-content\/uploads\/2019\/04\/2905.png\",\"contentUrl\":\"http:\/\/www.mmpwebtv.eu\/wp-content\/uploads\/2019\/04\/2905.png\",\"width\":1223,\"height\":742},{\"@type\":\"WebPage\",\"@id\":\"http:\/\/www.mmpwebtv.eu\/index.php\/2019\/04\/26\/caffe-col-prof-francesco-raschi\/#webpage\",\"url\":\"http:\/\/www.mmpwebtv.eu\/index.php\/2019\/04\/26\/caffe-col-prof-francesco-raschi\/\",\"name\":\"Caff\\u00e8 col Prof - Francesco Raschi &bull; MMP Web TV\",\"isPartOf\":{\"@id\":\"https:\/\/www.mmpwebtv.eu\/#website\"},\"primaryImageOfPage\":{\"@id\":\"http:\/\/www.mmpwebtv.eu\/index.php\/2019\/04\/26\/caffe-col-prof-francesco-raschi\/#primaryimage\"},\"datePublished\":\"2019-04-26T17:00:37+00:00\",\"dateModified\":\"2019-04-29T15:37:20+00:00\",\"breadcrumb\":{\"@id\":\"http:\/\/www.mmpwebtv.eu\/index.php\/2019\/04\/26\/caffe-col-prof-francesco-raschi\/#breadcrumb\"},\"inLanguage\":\"it-IT\",\"potentialAction\":[{\"@type\":\"ReadAction\",\"target\":[\"http:\/\/www.mmpwebtv.eu\/index.php\/2019\/04\/26\/caffe-col-prof-francesco-raschi\/\"]}]},{\"@type\":\"BreadcrumbList\",\"@id\":\"http:\/\/www.mmpwebtv.eu\/index.php\/2019\/04\/26\/caffe-col-prof-francesco-raschi\/#breadcrumb\",\"itemListElement\":[{\"@type\":\"ListItem\",\"position\":1,\"name\":\"Home\",\"item\":\"https:\/\/www.mmpwebtv.eu\/\"},{\"@type\":\"ListItem\",\"position\":2,\"name\":\"Caff\\u00e8 col Prof &#8211; Francesco Raschi\"}]},{\"@type\":\"Article\",\"@id\":\"http:\/\/www.mmpwebtv.eu\/index.php\/2019\/04\/26\/caffe-col-prof-francesco-raschi\/#article\",\"isPartOf\":{\"@id\":\"http:\/\/www.mmpwebtv.eu\/index.php\/2019\/04\/26\/caffe-col-prof-francesco-raschi\/#webpage\"},\"author\":{\"@id\":\"https:\/\/www.mmpwebtv.eu\/#\/schema\/person\/4848c65626d1588551e847f88cda447a\"},\"headline\":\"Caff\\u00e8 col Prof &#8211; Francesco Raschi\",\"datePublished\":\"2019-04-26T17:00:37+00:00\",\"dateModified\":\"2019-04-29T15:37:20+00:00\",\"mainEntityOfPage\":{\"@id\":\"http:\/\/www.mmpwebtv.eu\/index.php\/2019\/04\/26\/caffe-col-prof-francesco-raschi\/#webpage\"},\"wordCount\":50,\"publisher\":{\"@id\":\"https:\/\/www.mmpwebtv.eu\/#organization\"},\"image\":{\"@id\":\"http:\/\/www.mmpwebtv.eu\/index.php\/2019\/04\/26\/caffe-col-prof-francesco-raschi\/#primaryimage\"},\"thumbnailUrl\":\"http:\/\/www.mmpwebtv.eu\/wp-content\/uploads\/2019\/04\/2905.png\",\"keywords\":[\"alma mater studiorum\",\"bologna\",\"caff\\u00e8\",\"caff\\u00e8 col prof\",\"campus\",\"campus di forl\\u00ec\",\"coffee\",\"coffee break\",\"comunicazione\",\"forl\\u00ec\",\"format\",\"francesco raschi\",\"intervista\",\"Mass Media e Politica\",\"Professori\",\"Scienze Politiche\",\"studenti\",\"TGCampus\",\"unibo\",\"Universit\\u00e0 di Bologna\",\"web tv\",\"webtv\"],\"articleSection\":[\"Caff\\u00e8 col Prof\"],\"inLanguage\":\"it-IT\"},{\"@type\":\"Person\",\"@id\":\"https:\/\/www.mmpwebtv.eu\/#\/schema\/person\/4848c65626d1588551e847f88cda447a\",\"name\":\"admin\",\"image\":{\"@type\":\"ImageObject\",\"@id\":\"https:\/\/www.mmpwebtv.eu\/#personlogo\",\"inLanguage\":\"it-IT\",\"url\":\"http:\/\/0.gravatar.com\/avatar\/364ff6b737993d84049599bd8bd08384?s=96&d=mm&r=g\",\"contentUrl\":\"http:\/\/0.gravatar.com\/avatar\/364ff6b737993d84049599bd8bd08384?s=96&d=mm&r=g\",\"caption\":\"admin\"}}]}<\/script>\n<!-- \/ Yoast SEO plugin. -->","yoast_head_json":{"title":"Caff\u00e8 col Prof - Francesco Raschi &bull; MMP Web TV","robots":{"index":"noindex","follow":"follow"},"og_locale":"it_IT","og_type":"article","og_title":"Caff\u00e8 col Prof - Francesco Raschi &bull; MMP Web TV","og_description":"Mettete un professore e uno studente alle macchinette del caff\u00e8, aggiungete un po&#8217; di zucchero e mescolate per bene. Ecco a voi il Caff\u00e8 col Prof, un altro nuovo format targato MMP WEBTV! Appuntamento a venerd\u00ec prossimo con un altro Prof, sempre alle macchinette.","og_url":"http:\/\/www.mmpwebtv.eu\/index.php\/2019\/04\/26\/caffe-col-prof-francesco-raschi\/","og_site_name":"MMP Web TV","article_publisher":"https:\/\/www.facebook.com\/mmpwebtv\/","article_published_time":"2019-04-26T17:00:37+00:00","article_modified_time":"2019-04-29T15:37:20+00:00","og_image":[{"width":1223,"height":742,"url":"http:\/\/www.mmpwebtv.eu\/wp-content\/uploads\/2019\/04\/2905.png","type":"image\/png"}],"twitter_card":"summary_large_image","twitter_misc":{"Scritto da":"admin"},"schema":{"@context":"https:\/\/schema.org","@graph":[{"@type":"Organization","@id":"https:\/\/www.mmpwebtv.eu\/#organization","name":"MMP WebTV","url":"https:\/\/www.mmpwebtv.eu\/","sameAs":["https:\/\/www.facebook.com\/mmpwebtv\/","https:\/\/www.instagram.com\/mmpwebtv\/"],"logo":{"@type":"ImageObject","@id":"https:\/\/www.mmpwebtv.eu\/#logo","inLanguage":"it-IT","url":"https:\/\/www.mmpwebtv.eu\/wp-content\/uploads\/2017\/04\/Logo-MMP-WebTv-02.png","contentUrl":"https:\/\/www.mmpwebtv.eu\/wp-content\/uploads\/2017\/04\/Logo-MMP-WebTv-02.png","width":8000,"height":4500,"caption":"MMP WebTV"},"image":{"@id":"https:\/\/www.mmpwebtv.eu\/#logo"}},{"@type":"WebSite","@id":"https:\/\/www.mmpwebtv.eu\/#website","url":"https:\/\/www.mmpwebtv.eu\/","name":"MMP Web TV","description":"La Web TV del Campus di Forl\u00ec","publisher":{"@id":"https:\/\/www.mmpwebtv.eu\/#organization"},"potentialAction":[{"@type":"SearchAction","target":{"@type":"EntryPoint","urlTemplate":"https:\/\/www.mmpwebtv.eu\/?s={search_term_string}"},"query-input":"required name=search_term_string"}],"inLanguage":"it-IT"},{"@type":"ImageObject","@id":"http:\/\/www.mmpwebtv.eu\/index.php\/2019\/04\/26\/caffe-col-prof-francesco-raschi\/#primaryimage","inLanguage":"it-IT","url":"http:\/\/www.mmpwebtv.eu\/wp-content\/uploads\/2019\/04\/2905.png","contentUrl":"http:\/\/www.mmpwebtv.eu\/wp-content\/uploads\/2019\/04\/2905.png","width":1223,"height":742},{"@type":"WebPage","@id":"http:\/\/www.mmpwebtv.eu\/index.php\/2019\/04\/26\/caffe-col-prof-francesco-raschi\/#webpage","url":"http:\/\/www.mmpwebtv.eu\/index.php\/2019\/04\/26\/caffe-col-prof-francesco-raschi\/","name":"Caff\u00e8 col Prof - Francesco Raschi &bull; MMP Web TV","isPartOf":{"@id":"https:\/\/www.mmpwebtv.eu\/#website"},"primaryImageOfPage":{"@id":"http:\/\/www.mmpwebtv.eu\/index.php\/2019\/04\/26\/caffe-col-prof-francesco-raschi\/#primaryimage"},"datePublished":"2019-04-26T17:00:37+00:00","dateModified":"2019-04-29T15:37:20+00:00","breadcrumb":{"@id":"http:\/\/www.mmpwebtv.eu\/index.php\/2019\/04\/26\/caffe-col-prof-francesco-raschi\/#breadcrumb"},"inLanguage":"it-IT","potentialAction":[{"@type":"ReadAction","target":["http:\/\/www.mmpwebtv.eu\/index.php\/2019\/04\/26\/caffe-col-prof-francesco-raschi\/"]}]},{"@type":"BreadcrumbList","@id":"http:\/\/www.mmpwebtv.eu\/index.php\/2019\/04\/26\/caffe-col-prof-francesco-raschi\/#breadcrumb","itemListElement":[{"@type":"ListItem","position":1,"name":"Home","item":"https:\/\/www.mmpwebtv.eu\/"},{"@type":"ListItem","position":2,"name":"Caff\u00e8 col Prof &#8211; Francesco Raschi"}]},{"@type":"Article","@id":"http:\/\/www.mmpwebtv.eu\/index.php\/2019\/04\/26\/caffe-col-prof-francesco-raschi\/#article","isPartOf":{"@id":"http:\/\/www.mmpwebtv.eu\/index.php\/2019\/04\/26\/caffe-col-prof-francesco-raschi\/#webpage"},"author":{"@id":"https:\/\/www.mmpwebtv.eu\/#\/schema\/person\/4848c65626d1588551e847f88cda447a"},"headline":"Caff\u00e8 col Prof &#8211; Francesco Raschi","datePublished":"2019-04-26T17:00:37+00:00","dateModified":"2019-04-29T15:37:20+00:00","mainEntityOfPage":{"@id":"http:\/\/www.mmpwebtv.eu\/index.php\/2019\/04\/26\/caffe-col-prof-francesco-raschi\/#webpage"},"wordCount":50,"publisher":{"@id":"https:\/\/www.mmpwebtv.eu\/#organization"},"image":{"@id":"http:\/\/www.mmpwebtv.eu\/index.php\/2019\/04\/26\/caffe-col-prof-francesco-raschi\/#primaryimage"},"thumbnailUrl":"http:\/\/www.mmpwebtv.eu\/wp-content\/uploads\/2019\/04\/2905.png","keywords":["alma mater studiorum","bologna","caff\u00e8","caff\u00e8 col prof","campus","campus di forl\u00ec","coffee","coffee break","comunicazione","forl\u00ec","format","francesco raschi","intervista","Mass Media e Politica","Professori","Scienze Politiche","studenti","TGCampus","unibo","Universit\u00e0 di Bologna","web tv","webtv"],"articleSection":["Caff\u00e8 col Prof"],"inLanguage":"it-IT"},{"@type":"Person","@id":"https:\/\/www.mmpwebtv.eu\/#\/schema\/person\/4848c65626d1588551e847f88cda447a","name":"admin","image":{"@type":"ImageObject","@id":"https:\/\/www.mmpwebtv.eu\/#personlogo","inLanguage":"it-IT","url":"http:\/\/0.gravatar.com\/avatar\/364ff6b737993d84049599bd8bd08384?s=96&d=mm&r=g","contentUrl":"http:\/\/0.gravatar.com\/avatar\/364ff6b737993d84049599bd8bd08384?s=96&d=mm&r=g","caption":"admin"}}]}},"_links":{"self":[{"href":"http:\/\/www.mmpwebtv.eu\/index.php\/wp-json\/wp\/v2\/posts\/936"}],"collection":[{"href":"http:\/\/www.mmpwebtv.eu\/index.php\/wp-json\/wp\/v2\/posts"}],"about":[{"href":"http:\/\/www.mmpwebtv.eu\/index.php\/wp-json\/wp\/v2\/types\/post"}],"author":[{"embeddable":true,"href":"http:\/\/www.mmpwebtv.eu\/index.php\/wp-json\/wp\/v2\/users\/1"}],"replies":[{"embeddable":true,"href":"http:\/\/www.mmpwebtv.eu\/index.php\/wp-json\/wp\/v2\/comments?post=936"}],"version-history":[{"count":2,"href":"http:\/\/www.mmpwebtv.eu\/index.php\/wp-json\/wp\/v2\/posts\/936\/revisions"}],"predecessor-version":[{"id":1777,"href":"http:\/\/www.mmpwebtv.eu\/index.php\/wp-json\/wp\/v2\/posts\/936\/revisions\/1777"}],"wp:featuredmedia":[{"embeddable":true,"href":"http:\/\/www.mmpwebtv.eu\/index.php\/wp-json\/wp\/v2\/media\/937"}],"wp:attachment":[{"href":"http:\/\/www.mmpwebtv.eu\/index.php\/wp-json\/wp\/v2\/media?parent=936"}],"wp:term":[{"taxonomy":"category","embeddable":true,"href":"http:\/\/www.mmpwebtv.eu\/index.php\/wp-json\/wp\/v2\/categories?post=936"},{"taxonomy":"post_tag","embeddable":true,"href":"http:\/\/www.mmpwebtv.eu\/index.php\/wp-json\/wp\/v2\/tags?post=936"}],"curies":[{"name":"wp","href":"https:\/\/api.w.org\/{rel}","templated":true}]}}