{"id":974,"date":"2019-05-09T18:30:18","date_gmt":"2019-05-09T16:30:18","guid":{"rendered":"http:\/\/www.mmpwebtv.eu\/?p=974"},"modified":"2019-05-15T11:56:10","modified_gmt":"2019-05-15T09:56:10","slug":"edizione-9-maggio","status":"publish","type":"post","link":"http:\/\/www.mmpwebtv.eu\/index.php\/2019\/05\/09\/edizione-9-maggio\/","title":{"rendered":"Edizione 9 maggio"},"content":{"rendered":"<p>Bentornati al TG Campus! In questa edizione parliamo di:<\/p>\n<p>Preveni&#8230;Amo, un incontro tra medici e studenti svoltosi gioved\u00ec 9 maggio presso il Campus di Forl\u00ec. Lo scopo dell&#8217;evento \u00e8\u00a0mostrare le conseguenze tragiche degli incidenti in maniera concreta e senza filtri.\u00a0Peculiare \u00e8 la modalit\u00e0 con cui si fa prevenzione: oltre a spiegare e ricordare le pi\u00f9 aggiornate linee guida di comportamento, si punta a far conoscere ai pi\u00f9 giovani le estreme conseguenze del mancato rispetto di queste.<\/p>\n<p>A seguire, la mostra &#8220;MANDARAVA. Fiori in canto&#8221; di Patrizia Garavini, in esposizione presso il Palazzo Monte di Piet\u00e0 di Forl\u00ec fino al 2 giugno. Ceramica e metalli si incontrano nelle opere dell&#8217;artista forlivese dando vita a una mostra in cui il pensiero si avvolge alla materia e la rende pi\u00f9 leggera, grazie un linguaggio dall\u2019impronta femminile pi\u00f9 recondita.<\/p>\n","protected":false},"excerpt":{"rendered":"<p>Bentornati al TG Campus! In questa edizione parliamo di: Preveni&#8230;Amo, un incontro tra medici e studenti svoltosi gioved\u00ec 9 maggio presso il Campus di Forl\u00ec. Lo scopo dell&#8217;evento \u00e8\u00a0mostrare le conseguenze tragiche degli incidenti in maniera concreta e senza filtri.\u00a0Peculiare \u00e8 la modalit\u00e0 con cui si fa prevenzione: oltre a spiegare e ricordare le pi\u00f9 [&hellip;]<\/p>\n","protected":false},"author":1,"featured_media":981,"comment_status":"closed","ping_status":"closed","sticky":false,"template":"","format":"video","meta":[],"categories":[1,165],"tags":[130,537,12,72,75,69,62,222,185,13,43,752,118,17,119,16,753,755,754,756,170,168,11,120,15],"yoast_head":"<!-- This site is optimized with the Yoast SEO plugin v17.9 - https:\/\/yoast.com\/wordpress\/plugins\/seo\/ -->\n<title>Edizione 9 maggio &bull; MMP Web TV<\/title>\n<meta name=\"robots\" content=\"noindex, follow\" \/>\n<meta property=\"og:locale\" content=\"it_IT\" \/>\n<meta property=\"og:type\" content=\"article\" \/>\n<meta property=\"og:title\" content=\"Edizione 9 maggio &bull; MMP Web TV\" \/>\n<meta property=\"og:description\" content=\"Bentornati al TG Campus! In questa edizione parliamo di: Preveni&#8230;Amo, un incontro tra medici e studenti svoltosi gioved\u00ec 9 maggio presso il Campus di Forl\u00ec. Lo scopo dell&#8217;evento \u00e8\u00a0mostrare le conseguenze tragiche degli incidenti in maniera concreta e senza filtri.\u00a0Peculiare \u00e8 la modalit\u00e0 con cui si fa prevenzione: oltre a spiegare e ricordare le pi\u00f9 [&hellip;]\" \/>\n<meta property=\"og:url\" content=\"http:\/\/www.mmpwebtv.eu\/index.php\/2019\/05\/09\/edizione-9-maggio\/\" \/>\n<meta property=\"og:site_name\" content=\"MMP Web TV\" \/>\n<meta property=\"article:publisher\" content=\"https:\/\/www.facebook.com\/mmpwebtv\/\" \/>\n<meta property=\"article:published_time\" content=\"2019-05-09T16:30:18+00:00\" \/>\n<meta property=\"article:modified_time\" content=\"2019-05-15T09:56:10+00:00\" \/>\n<meta property=\"og:image\" content=\"http:\/\/www.mmpwebtv.eu\/wp-content\/uploads\/2019\/05\/9-MAGGIO-01.png\" \/>\n\t<meta property=\"og:image:width\" content=\"7667\" \/>\n\t<meta property=\"og:image:height\" content=\"4500\" \/>\n\t<meta property=\"og:image:type\" content=\"image\/png\" \/>\n<meta name=\"twitter:card\" content=\"summary_large_image\" \/>\n<meta name=\"twitter:label1\" content=\"Scritto da\" \/>\n\t<meta name=\"twitter:data1\" content=\"admin\" \/>\n\t<meta name=\"twitter:label2\" content=\"Tempo di lettura stimato\" \/>\n\t<meta name=\"twitter:data2\" content=\"1 minuto\" \/>\n<script type=\"application\/ld+json\" class=\"yoast-schema-graph\">{\"@context\":\"https:\/\/schema.org\",\"@graph\":[{\"@type\":\"Organization\",\"@id\":\"https:\/\/www.mmpwebtv.eu\/#organization\",\"name\":\"MMP WebTV\",\"url\":\"https:\/\/www.mmpwebtv.eu\/\",\"sameAs\":[\"https:\/\/www.facebook.com\/mmpwebtv\/\",\"https:\/\/www.instagram.com\/mmpwebtv\/\"],\"logo\":{\"@type\":\"ImageObject\",\"@id\":\"https:\/\/www.mmpwebtv.eu\/#logo\",\"inLanguage\":\"it-IT\",\"url\":\"https:\/\/www.mmpwebtv.eu\/wp-content\/uploads\/2017\/04\/Logo-MMP-WebTv-02.png\",\"contentUrl\":\"https:\/\/www.mmpwebtv.eu\/wp-content\/uploads\/2017\/04\/Logo-MMP-WebTv-02.png\",\"width\":8000,\"height\":4500,\"caption\":\"MMP WebTV\"},\"image\":{\"@id\":\"https:\/\/www.mmpwebtv.eu\/#logo\"}},{\"@type\":\"WebSite\",\"@id\":\"https:\/\/www.mmpwebtv.eu\/#website\",\"url\":\"https:\/\/www.mmpwebtv.eu\/\",\"name\":\"MMP Web TV\",\"description\":\"La Web TV del Campus di Forl\\u00ec\",\"publisher\":{\"@id\":\"https:\/\/www.mmpwebtv.eu\/#organization\"},\"potentialAction\":[{\"@type\":\"SearchAction\",\"target\":{\"@type\":\"EntryPoint\",\"urlTemplate\":\"https:\/\/www.mmpwebtv.eu\/?s={search_term_string}\"},\"query-input\":\"required name=search_term_string\"}],\"inLanguage\":\"it-IT\"},{\"@type\":\"ImageObject\",\"@id\":\"http:\/\/www.mmpwebtv.eu\/index.php\/2019\/05\/09\/edizione-9-maggio\/#primaryimage\",\"inLanguage\":\"it-IT\",\"url\":\"http:\/\/www.mmpwebtv.eu\/wp-content\/uploads\/2019\/05\/9-MAGGIO-01.png\",\"contentUrl\":\"http:\/\/www.mmpwebtv.eu\/wp-content\/uploads\/2019\/05\/9-MAGGIO-01.png\",\"width\":7667,\"height\":4500},{\"@type\":\"WebPage\",\"@id\":\"http:\/\/www.mmpwebtv.eu\/index.php\/2019\/05\/09\/edizione-9-maggio\/#webpage\",\"url\":\"http:\/\/www.mmpwebtv.eu\/index.php\/2019\/05\/09\/edizione-9-maggio\/\",\"name\":\"Edizione 9 maggio &bull; MMP Web TV\",\"isPartOf\":{\"@id\":\"https:\/\/www.mmpwebtv.eu\/#website\"},\"primaryImageOfPage\":{\"@id\":\"http:\/\/www.mmpwebtv.eu\/index.php\/2019\/05\/09\/edizione-9-maggio\/#primaryimage\"},\"datePublished\":\"2019-05-09T16:30:18+00:00\",\"dateModified\":\"2019-05-15T09:56:10+00:00\",\"breadcrumb\":{\"@id\":\"http:\/\/www.mmpwebtv.eu\/index.php\/2019\/05\/09\/edizione-9-maggio\/#breadcrumb\"},\"inLanguage\":\"it-IT\",\"potentialAction\":[{\"@type\":\"ReadAction\",\"target\":[\"http:\/\/www.mmpwebtv.eu\/index.php\/2019\/05\/09\/edizione-9-maggio\/\"]}]},{\"@type\":\"BreadcrumbList\",\"@id\":\"http:\/\/www.mmpwebtv.eu\/index.php\/2019\/05\/09\/edizione-9-maggio\/#breadcrumb\",\"itemListElement\":[{\"@type\":\"ListItem\",\"position\":1,\"name\":\"Home\",\"item\":\"https:\/\/www.mmpwebtv.eu\/\"},{\"@type\":\"ListItem\",\"position\":2,\"name\":\"Edizione 9 maggio\"}]},{\"@type\":\"Article\",\"@id\":\"http:\/\/www.mmpwebtv.eu\/index.php\/2019\/05\/09\/edizione-9-maggio\/#article\",\"isPartOf\":{\"@id\":\"http:\/\/www.mmpwebtv.eu\/index.php\/2019\/05\/09\/edizione-9-maggio\/#webpage\"},\"author\":{\"@id\":\"https:\/\/www.mmpwebtv.eu\/#\/schema\/person\/4848c65626d1588551e847f88cda447a\"},\"headline\":\"Edizione 9 maggio\",\"datePublished\":\"2019-05-09T16:30:18+00:00\",\"dateModified\":\"2019-05-15T09:56:10+00:00\",\"mainEntityOfPage\":{\"@id\":\"http:\/\/www.mmpwebtv.eu\/index.php\/2019\/05\/09\/edizione-9-maggio\/#webpage\"},\"wordCount\":137,\"publisher\":{\"@id\":\"https:\/\/www.mmpwebtv.eu\/#organization\"},\"image\":{\"@id\":\"http:\/\/www.mmpwebtv.eu\/index.php\/2019\/05\/09\/edizione-9-maggio\/#primaryimage\"},\"thumbnailUrl\":\"http:\/\/www.mmpwebtv.eu\/wp-content\/uploads\/2019\/05\/9-MAGGIO-01.png\",\"keywords\":[\"alma mater studiorum\",\"Arte al Monte\",\"bologna\",\"campus\",\"campus di forl\\u00ec\",\"comunicazione\",\"conferenza\",\"Fondazione Cassa dei Risparmi\",\"fondazione cassa dei risparmi di forl\\u00ec\",\"forl\\u00ec\",\"intervista\",\"Mandarava\",\"Mass Media e Politica\",\"mmp\",\"MMP webTV\",\"mmpwebtv\",\"Patrizia garavini\",\"Preveni.Amo\",\"Prevenzione\",\"prevenzione stradale\",\"TgC\",\"TGCampus\",\"universit\\u00e0\",\"Universit\\u00e0 di Bologna\",\"webtv\"],\"articleSection\":{\"1\":\"TG Campus\"},\"inLanguage\":\"it-IT\"},{\"@type\":\"Person\",\"@id\":\"https:\/\/www.mmpwebtv.eu\/#\/schema\/person\/4848c65626d1588551e847f88cda447a\",\"name\":\"admin\",\"image\":{\"@type\":\"ImageObject\",\"@id\":\"https:\/\/www.mmpwebtv.eu\/#personlogo\",\"inLanguage\":\"it-IT\",\"url\":\"http:\/\/0.gravatar.com\/avatar\/364ff6b737993d84049599bd8bd08384?s=96&d=mm&r=g\",\"contentUrl\":\"http:\/\/0.gravatar.com\/avatar\/364ff6b737993d84049599bd8bd08384?s=96&d=mm&r=g\",\"caption\":\"admin\"}}]}<\/script>\n<!-- \/ Yoast SEO plugin. -->","yoast_head_json":{"title":"Edizione 9 maggio &bull; MMP Web TV","robots":{"index":"noindex","follow":"follow"},"og_locale":"it_IT","og_type":"article","og_title":"Edizione 9 maggio &bull; MMP Web TV","og_description":"Bentornati al TG Campus! In questa edizione parliamo di: Preveni&#8230;Amo, un incontro tra medici e studenti svoltosi gioved\u00ec 9 maggio presso il Campus di Forl\u00ec. Lo scopo dell&#8217;evento \u00e8\u00a0mostrare le conseguenze tragiche degli incidenti in maniera concreta e senza filtri.\u00a0Peculiare \u00e8 la modalit\u00e0 con cui si fa prevenzione: oltre a spiegare e ricordare le pi\u00f9 [&hellip;]","og_url":"http:\/\/www.mmpwebtv.eu\/index.php\/2019\/05\/09\/edizione-9-maggio\/","og_site_name":"MMP Web TV","article_publisher":"https:\/\/www.facebook.com\/mmpwebtv\/","article_published_time":"2019-05-09T16:30:18+00:00","article_modified_time":"2019-05-15T09:56:10+00:00","og_image":[{"width":7667,"height":4500,"url":"http:\/\/www.mmpwebtv.eu\/wp-content\/uploads\/2019\/05\/9-MAGGIO-01.png","type":"image\/png"}],"twitter_card":"summary_large_image","twitter_misc":{"Scritto da":"admin","Tempo di lettura stimato":"1 minuto"},"schema":{"@context":"https:\/\/schema.org","@graph":[{"@type":"Organization","@id":"https:\/\/www.mmpwebtv.eu\/#organization","name":"MMP WebTV","url":"https:\/\/www.mmpwebtv.eu\/","sameAs":["https:\/\/www.facebook.com\/mmpwebtv\/","https:\/\/www.instagram.com\/mmpwebtv\/"],"logo":{"@type":"ImageObject","@id":"https:\/\/www.mmpwebtv.eu\/#logo","inLanguage":"it-IT","url":"https:\/\/www.mmpwebtv.eu\/wp-content\/uploads\/2017\/04\/Logo-MMP-WebTv-02.png","contentUrl":"https:\/\/www.mmpwebtv.eu\/wp-content\/uploads\/2017\/04\/Logo-MMP-WebTv-02.png","width":8000,"height":4500,"caption":"MMP WebTV"},"image":{"@id":"https:\/\/www.mmpwebtv.eu\/#logo"}},{"@type":"WebSite","@id":"https:\/\/www.mmpwebtv.eu\/#website","url":"https:\/\/www.mmpwebtv.eu\/","name":"MMP Web TV","description":"La Web TV del Campus di Forl\u00ec","publisher":{"@id":"https:\/\/www.mmpwebtv.eu\/#organization"},"potentialAction":[{"@type":"SearchAction","target":{"@type":"EntryPoint","urlTemplate":"https:\/\/www.mmpwebtv.eu\/?s={search_term_string}"},"query-input":"required name=search_term_string"}],"inLanguage":"it-IT"},{"@type":"ImageObject","@id":"http:\/\/www.mmpwebtv.eu\/index.php\/2019\/05\/09\/edizione-9-maggio\/#primaryimage","inLanguage":"it-IT","url":"http:\/\/www.mmpwebtv.eu\/wp-content\/uploads\/2019\/05\/9-MAGGIO-01.png","contentUrl":"http:\/\/www.mmpwebtv.eu\/wp-content\/uploads\/2019\/05\/9-MAGGIO-01.png","width":7667,"height":4500},{"@type":"WebPage","@id":"http:\/\/www.mmpwebtv.eu\/index.php\/2019\/05\/09\/edizione-9-maggio\/#webpage","url":"http:\/\/www.mmpwebtv.eu\/index.php\/2019\/05\/09\/edizione-9-maggio\/","name":"Edizione 9 maggio &bull; MMP Web TV","isPartOf":{"@id":"https:\/\/www.mmpwebtv.eu\/#website"},"primaryImageOfPage":{"@id":"http:\/\/www.mmpwebtv.eu\/index.php\/2019\/05\/09\/edizione-9-maggio\/#primaryimage"},"datePublished":"2019-05-09T16:30:18+00:00","dateModified":"2019-05-15T09:56:10+00:00","breadcrumb":{"@id":"http:\/\/www.mmpwebtv.eu\/index.php\/2019\/05\/09\/edizione-9-maggio\/#breadcrumb"},"inLanguage":"it-IT","potentialAction":[{"@type":"ReadAction","target":["http:\/\/www.mmpwebtv.eu\/index.php\/2019\/05\/09\/edizione-9-maggio\/"]}]},{"@type":"BreadcrumbList","@id":"http:\/\/www.mmpwebtv.eu\/index.php\/2019\/05\/09\/edizione-9-maggio\/#breadcrumb","itemListElement":[{"@type":"ListItem","position":1,"name":"Home","item":"https:\/\/www.mmpwebtv.eu\/"},{"@type":"ListItem","position":2,"name":"Edizione 9 maggio"}]},{"@type":"Article","@id":"http:\/\/www.mmpwebtv.eu\/index.php\/2019\/05\/09\/edizione-9-maggio\/#article","isPartOf":{"@id":"http:\/\/www.mmpwebtv.eu\/index.php\/2019\/05\/09\/edizione-9-maggio\/#webpage"},"author":{"@id":"https:\/\/www.mmpwebtv.eu\/#\/schema\/person\/4848c65626d1588551e847f88cda447a"},"headline":"Edizione 9 maggio","datePublished":"2019-05-09T16:30:18+00:00","dateModified":"2019-05-15T09:56:10+00:00","mainEntityOfPage":{"@id":"http:\/\/www.mmpwebtv.eu\/index.php\/2019\/05\/09\/edizione-9-maggio\/#webpage"},"wordCount":137,"publisher":{"@id":"https:\/\/www.mmpwebtv.eu\/#organization"},"image":{"@id":"http:\/\/www.mmpwebtv.eu\/index.php\/2019\/05\/09\/edizione-9-maggio\/#primaryimage"},"thumbnailUrl":"http:\/\/www.mmpwebtv.eu\/wp-content\/uploads\/2019\/05\/9-MAGGIO-01.png","keywords":["alma mater studiorum","Arte al Monte","bologna","campus","campus di forl\u00ec","comunicazione","conferenza","Fondazione Cassa dei Risparmi","fondazione cassa dei risparmi di forl\u00ec","forl\u00ec","intervista","Mandarava","Mass Media e Politica","mmp","MMP webTV","mmpwebtv","Patrizia garavini","Preveni.Amo","Prevenzione","prevenzione stradale","TgC","TGCampus","universit\u00e0","Universit\u00e0 di Bologna","webtv"],"articleSection":{"1":"TG Campus"},"inLanguage":"it-IT"},{"@type":"Person","@id":"https:\/\/www.mmpwebtv.eu\/#\/schema\/person\/4848c65626d1588551e847f88cda447a","name":"admin","image":{"@type":"ImageObject","@id":"https:\/\/www.mmpwebtv.eu\/#personlogo","inLanguage":"it-IT","url":"http:\/\/0.gravatar.com\/avatar\/364ff6b737993d84049599bd8bd08384?s=96&d=mm&r=g","contentUrl":"http:\/\/0.gravatar.com\/avatar\/364ff6b737993d84049599bd8bd08384?s=96&d=mm&r=g","caption":"admin"}}]}},"_links":{"self":[{"href":"http:\/\/www.mmpwebtv.eu\/index.php\/wp-json\/wp\/v2\/posts\/974"}],"collection":[{"href":"http:\/\/www.mmpwebtv.eu\/index.php\/wp-json\/wp\/v2\/posts"}],"about":[{"href":"http:\/\/www.mmpwebtv.eu\/index.php\/wp-json\/wp\/v2\/types\/post"}],"author":[{"embeddable":true,"href":"http:\/\/www.mmpwebtv.eu\/index.php\/wp-json\/wp\/v2\/users\/1"}],"replies":[{"embeddable":true,"href":"http:\/\/www.mmpwebtv.eu\/index.php\/wp-json\/wp\/v2\/comments?post=974"}],"version-history":[{"count":1,"href":"http:\/\/www.mmpwebtv.eu\/index.php\/wp-json\/wp\/v2\/posts\/974\/revisions"}],"predecessor-version":[{"id":975,"href":"http:\/\/www.mmpwebtv.eu\/index.php\/wp-json\/wp\/v2\/posts\/974\/revisions\/975"}],"wp:featuredmedia":[{"embeddable":true,"href":"http:\/\/www.mmpwebtv.eu\/index.php\/wp-json\/wp\/v2\/media\/981"}],"wp:attachment":[{"href":"http:\/\/www.mmpwebtv.eu\/index.php\/wp-json\/wp\/v2\/media?parent=974"}],"wp:term":[{"taxonomy":"category","embeddable":true,"href":"http:\/\/www.mmpwebtv.eu\/index.php\/wp-json\/wp\/v2\/categories?post=974"},{"taxonomy":"post_tag","embeddable":true,"href":"http:\/\/www.mmpwebtv.eu\/index.php\/wp-json\/wp\/v2\/tags?post=974"}],"curies":[{"name":"wp","href":"https:\/\/api.w.org\/{rel}","templated":true}]}}